{"id":7724,"date":"2026-09-04T09:04:08","date_gmt":"2026-09-04T09:04:08","guid":{"rendered":"https:\/\/fjarno.org\/?p=7724"},"modified":"2026-09-04T09:04:10","modified_gmt":"2026-09-04T09:04:10","slug":"quan-algu-parla-de-suicidi-cal-escoltar","status":"publish","type":"post","link":"https:\/\/fjarno.org\/ca\/quan-algu-parla-de-suicidi-cal-escoltar\/","title":{"rendered":"Quan alg\u00fa parla de su\u00efcidi, cal escoltar"},"content":{"rendered":"\n<p class=\"wp-block-paragraph\">\u00a0El 10 de setembre, Dia Mundial per a la Prevenci\u00f3 del Su\u00efcidi, ens ofereix una oportunitat per parlar d\u2019un tema que encara massa sovint roman amagat. I parlar-ne \u00e9s important, perqu\u00e8 al voltant del su\u00efcidi continuen circulant idees que, tot i que poden semblar tranquil\u00b7litzadores, poden ser perillosament equivocades.<\/p>\n\n\n\n<p class=\"wp-block-paragraph\">Una de les m\u00e9s conegudes sost\u00e9 que qui parla de su\u00efcidar-se no ho far\u00e0 realment. Segons aquesta creen\u00e7a, la persona que t\u00e9 una veritable intenci\u00f3 de llevar-se la vida romandr\u00e0 en silenci. Per tant, si alg\u00fa ho explica, podr\u00edem pensar que \u00abnom\u00e9s vol cridar l\u2019atenci\u00f3\u00bb o que el fet d\u2019haver-ho dit demostra que no hi ha un perill real.<\/p>\n\n\n\n<p class=\"wp-block-paragraph\">Portem aquest raonament a altres \u00e0mbits per comprovar fins a quin punt resulta absurd. \u00abNo m\u2019he de preocupar perqu\u00e8 el meu metge m\u2019ha dit que tinc una malaltia greu; si fos realment greu, segurament no m\u2019ho hauria dit\u00bb. O imaginem alg\u00fa que diu: \u00abEstic molt tranquil amb el meu matrimoni perqu\u00e8 la meva parella m\u2019ha dit que es vol separar, aix\u00ed que no ho far\u00e0\u00bb. Ning\u00fa raonaria aix\u00ed davant d\u2019una amena\u00e7a seriosa. Aleshores, per qu\u00e8 fer-ho quan parlem de su\u00efcidi?<\/p>\n\n\n\n<p class=\"wp-block-paragraph\">Que una persona comuniqui que est\u00e0 pensant a llevar-se la vida no demostra que el risc sigui petit. Demostra, sobretot, que hi ha patiment i que aquest patiment ha trobat una manera de ser comunicat.<\/p>\n\n\n\n<p class=\"wp-block-paragraph\">A m\u00e9s, moltes vegades qui pensa a morir no vol realment morir. El que vol \u00e9s deixar de viure de la manera com est\u00e0 vivint. Vol que desaparegui el dolor, l\u2019angoixa, la solitud, la desesperan\u00e7a o una situaci\u00f3 que percep com a insuportable. El problema \u00e9s que, quan el patiment es fa massa intens, la persona pot arribar a confondre el desig d\u2019acabar amb aquest dolor amb el desig d\u2019acabar amb la seva pr\u00f2pia vida.<\/p>\n\n\n\n<p class=\"wp-block-paragraph\">Per aix\u00f2, quan alg\u00fa parla de su\u00efcidi, pot estar apareixent una cosa extraordin\u00e0riament valuosa: una possibilitat d\u2019intervenci\u00f3. Aquella persona encara est\u00e0 comunicant, encara est\u00e0 permetent que alg\u00fa entri en contacte amb all\u00f2 que li passa. Pot existir un dubte, una ambival\u00e8ncia, una part que vol desapar\u00e8ixer i una altra que, encara que sigui feblement, continua buscant una alternativa.<\/p>\n\n\n\n<p class=\"wp-block-paragraph\">Per\u00f2 una finestra d\u2019oportunitat nom\u00e9s serveix si alg\u00fa s\u2019hi aboca.<\/p>\n\n\n\n<p class=\"wp-block-paragraph\">No hem d\u2019interpretar les paraules \u00abem vull morir\u00bb com una prova que aquella persona no ho far\u00e0. Hem d\u2019interpretar-les com una petici\u00f3 que mereix ser escoltada. No cal que tinguem la soluci\u00f3 preparada ni que pronunciem les paraules perfectes. De vegades, el primer i m\u00e9s important \u00e9s romandre al costat d\u2019aquella persona, escoltar-la sense jutjar-la i ajudar-la a posar-se en contacte amb professionals capa\u00e7os d\u2019intervenir.<\/p>\n\n\n\n<p class=\"wp-block-paragraph\">El perill m\u00e9s gran potser no \u00e9s que alg\u00fa digui que es vol morir, sin\u00f3 que ho digui i que ning\u00fa faci res.<\/p>\n\n\n\n<p class=\"wp-block-paragraph\">Per aix\u00f2, davant d\u2019una manifestaci\u00f3 d\u2019aquest tipus, la resposta no hauria de ser \u00abno ho dius de deb\u00f2\u00bb o \u00absi realment ho volguessis fer, no ho explicaries\u00bb. Hauria de ser molt m\u00e9s senzilla: \u00abT\u2019estic escoltant. El que est\u00e0s sentint importa. Busquem ajuda\u00bb.<\/p>\n\n\n\n<p class=\"wp-block-paragraph\">Perqu\u00e8 parlar del su\u00efcidi no \u00e9s una garantia que no arribi a passar. \u00c9s una oportunitat per evitar que passi.<\/p>\n\n\n\n<p class=\"wp-block-paragraph\">I algunes oportunitats, especialment aquestes, potser no tindrem una segona ocasi\u00f3 per aprofitar-les.<\/p>\n\n\n\n<p class=\"wp-block-paragraph\"><em>Francisco Javier Peralta<\/em><\/p>\n\n\n\n<p class=\"wp-block-paragraph\"><em>Psic\u00f2leg cl\u00ednic- N\u00fam de col\u00b7legiat C 20894<\/em><\/p>\n\n\n\n<p class=\"wp-block-paragraph\"><em>Fundaci\u00f3 Renal Jaume Arn\u00f3<\/em><\/p>\n\n\n\n<p class=\"wp-block-paragraph\"><\/p>\n","protected":false},"excerpt":{"rendered":"<p>\u00a0El 10 de setembre, Dia Mundial per a la Prevenci\u00f3 del Su\u00efcidi, ens ofereix una oportunitat per parlar d\u2019un tema que encara massa sovint roman amagat. I parlar-ne \u00e9s important, perqu\u00e8 al voltant del su\u00efcidi continuen circulant idees que, tot i que poden semblar tranquil\u00b7litzadores, poden ser perillosament equivocades. Una de les m\u00e9s conegudes sost\u00e9 [&hellip;]<\/p>\n","protected":false},"author":2,"featured_media":7725,"comment_status":"closed","ping_status":"closed","sticky":false,"template":"","format":"standard","meta":{"footnotes":""},"categories":[110],"tags":[186,237,236],"class_list":["post-7724","post","type-post","status-publish","format-standard","has-post-thumbnail","hentry","category-blog","tag-psicologia","tag-salut-mental","tag-suicidi","entry","has-media","owp-thumbs-layout-horizontal","owp-btn-normal","owp-tabs-layout-horizontal","has-no-thumbnails","has-product-nav"],"_links":{"self":[{"href":"https:\/\/fjarno.org\/ca\/wp-json\/wp\/v2\/posts\/7724","targetHints":{"allow":["GET"]}}],"collection":[{"href":"https:\/\/fjarno.org\/ca\/wp-json\/wp\/v2\/posts"}],"about":[{"href":"https:\/\/fjarno.org\/ca\/wp-json\/wp\/v2\/types\/post"}],"author":[{"embeddable":true,"href":"https:\/\/fjarno.org\/ca\/wp-json\/wp\/v2\/users\/2"}],"replies":[{"embeddable":true,"href":"https:\/\/fjarno.org\/ca\/wp-json\/wp\/v2\/comments?post=7724"}],"version-history":[{"count":1,"href":"https:\/\/fjarno.org\/ca\/wp-json\/wp\/v2\/posts\/7724\/revisions"}],"predecessor-version":[{"id":7726,"href":"https:\/\/fjarno.org\/ca\/wp-json\/wp\/v2\/posts\/7724\/revisions\/7726"}],"wp:featuredmedia":[{"embeddable":true,"href":"https:\/\/fjarno.org\/ca\/wp-json\/wp\/v2\/media\/7725"}],"wp:attachment":[{"href":"https:\/\/fjarno.org\/ca\/wp-json\/wp\/v2\/media?parent=7724"}],"wp:term":[{"taxonomy":"category","embeddable":true,"href":"https:\/\/fjarno.org\/ca\/wp-json\/wp\/v2\/categories?post=7724"},{"taxonomy":"post_tag","embeddable":true,"href":"https:\/\/fjarno.org\/ca\/wp-json\/wp\/v2\/tags?post=7724"}],"curies":[{"name":"wp","href":"https:\/\/api.w.org\/{rel}","templated":true}]}}