{"id":7442,"date":"2023-05-10T12:25:06","date_gmt":"2023-05-10T12:25:06","guid":{"rendered":"https:\/\/fjarno.org\/unes-paraules-per-al-dia-de-la-infermeria\/"},"modified":"2023-05-10T12:25:06","modified_gmt":"2023-05-10T12:25:06","slug":"unes-paraules-per-al-dia-de-la-infermeria","status":"publish","type":"post","link":"https:\/\/fjarno.org\/ca\/unes-paraules-per-al-dia-de-la-infermeria\/","title":{"rendered":"Unes paraules per al Dia de la Infermeria"},"content":{"rendered":"<p><strong>12 de maig, Dia Internacional de la Infermeria<\/strong><\/p>\n<p>Des de molt jove tinc malalties cr\u00f2niques i especialment insufici\u00e8ncia renal. Explico una de les meves an\u00e8cdotes de vida que \u00e9s exemple del seu treball.<br \/>\nUn dia acabada de trasplantar de rony\u00f3, que tamb\u00e9 t\u00e9 una hist\u00f2ria a part, jo dormida, semblava que tot anava b\u00e9. Una infermera a l&#8217;UCI de l&#8217;hospital Cl\u00ednic de Barcelona, on em van portar per a postoperatori, em va estar mirant amb els ulls de l&#8217;experi\u00e8ncia i va avisar tothom, alguna cosa no veia b\u00e9. Els cirurgians ur\u00f2legs i equip de trasplantament, ja de cap de setmana, van tornar i corrent pels passadissos em van portar de nou a quir\u00f2fan, dues operacions seguides vaig necessitar. Un altre infermer a la nit a l&#8217;UCI em va explicar que ja m&#8217;havia recuperat de dues parades card\u00edaques i que si us plau el sensor del cor no es desenganx\u00e9s que no volia m\u00e9s ensurts, fent ja brometa. La voluntat i la humanitat de tots em van rescatar literalment. Veure la professionalitat, bon fer i implicaci\u00f3 d&#8217;infermeres i auxiliars que sempre tens a m\u00e0, m&#8217;ha fet lluitar m\u00e9s per estar b\u00e9 i no rendir-me. No s\u00e9 com agrair-ho i no puc posar tots els noms perqu\u00e8 porto molt recorregut i elles saben que les aprecio, m\u2019han curat, vigilat, cuidat i fet totes les coses que calgu\u00e9s, algunes molt desagradables, \u00e9s com la segona casa l&#8217;hospital, si de cas assenyalo l&#8217;Anna i la S\u00f2nia com les representants veteranes i superinfermeres (emin\u00e8ncies en renal) de les persones que m&#8217;atenen i m&#8217;han at\u00e8s al Cl\u00ednic des de fa molts anys i tamb\u00e9 recordo a les de di\u00e0lisi a Lleida. Gr\u00e0cies de cor i salut per a totes les\/els professionals d&#8217;infermeria!      <\/p>\n<p>Marga Sales.[:ca]<strong>12 de maig Dia de Infermeria<\/strong><\/p>\n<p>Des de molt jove tinc malalties cr\u00f2niques i especialment insufici\u00e8ncia renal. Explico una de les meves an\u00e8cdotes de vida que \u00e9s exemple del seu treball.<br \/>\nUn dia acabada de trasplantar de rony\u00f3, que tamb\u00e9 t\u00e9 una hist\u00f2ria a part, jo dormida, semblava que tot anava b\u00e9. Una infermera a l&#8217;UCI de l&#8217;hospital Cl\u00ednic de Barcelona, on em van portar per a postoperatori, em va estar mirant amb els ulls de l&#8217;experi\u00e8ncia i va avisar tothom, alguna cosa no veia b\u00e9. Els cirurgians ur\u00f2legs i equip de trasplantament, ja de cap de setmana, van tornar i corrent pels passadissos em portaven de nou a quir\u00f2fan, dos operacions seguides vaig necessitar. Un altre infermer de nit de la UCI em va explicar que ja m&#8217;havia recuperat de dos parades card\u00edaques i que si us plau el sensor del cor que no es desempegu\u00e9s que no volia m\u00e9s sobresalts fent ja brometa. La voluntat i la humanitat de tots em va rescatar literalment. Veure la professionalitat, bon fer i implicaci\u00f3 d&#8217;infermeres i auxiliars que sempre tens a m\u00e0, m&#8217;ha fet lluitar m\u00e9s per estar b\u00e9 i no rendir-me. No s\u00e9 com agrair-ho i no puc posar tots els noms perqu\u00e8 porto molt recorregut i elles saben que les aprecio, m\u2019han curat, vigilat, cuida\u2019t i fet totes les coses que calia, algunes molt desagradables, \u00e9s com la segona casa l&#8217;hospital. Si de cas assenyalo l&#8217;Anna i la S\u00f2nia com les representants veteranes i superinfermeres (emin\u00e8ncies en renal) de les persones que m&#8217;atenen i m&#8217;han at\u00e8s al Cl\u00ednic des de fa molts anys i tamb\u00e9 recordo a les de di\u00e0lisi a Lleida. Gr\u00e0cies de cor i salut per a totes les\/els professionals d&#8217;infermeria!         <\/p>\n<p>&nbsp;<\/p>\n<p>Marga Sales.<\/p>\n","protected":false},"excerpt":{"rendered":"<p>12 de maig, Dia Internacional de la Infermeria Des de molt jove tinc malalties cr\u00f2niques i especialment insufici\u00e8ncia renal. Explico una de les meves an\u00e8cdotes de vida que \u00e9s exemple del seu treball. Un dia acabada de trasplantar de rony\u00f3, que tamb\u00e9 t\u00e9 una hist\u00f2ria a part, jo dormida, semblava que tot anava b\u00e9. Una [&hellip;]<\/p>\n","protected":false},"author":1,"featured_media":7443,"comment_status":"open","ping_status":"open","sticky":false,"template":"","format":"standard","meta":{"footnotes":""},"categories":[110],"tags":[],"class_list":["post-7442","post","type-post","status-publish","format-standard","has-post-thumbnail","hentry","category-blog","entry","has-media","owp-thumbs-layout-horizontal","owp-btn-normal","owp-tabs-layout-horizontal","has-no-thumbnails","has-product-nav"],"_links":{"self":[{"href":"https:\/\/fjarno.org\/ca\/wp-json\/wp\/v2\/posts\/7442","targetHints":{"allow":["GET"]}}],"collection":[{"href":"https:\/\/fjarno.org\/ca\/wp-json\/wp\/v2\/posts"}],"about":[{"href":"https:\/\/fjarno.org\/ca\/wp-json\/wp\/v2\/types\/post"}],"author":[{"embeddable":true,"href":"https:\/\/fjarno.org\/ca\/wp-json\/wp\/v2\/users\/1"}],"replies":[{"embeddable":true,"href":"https:\/\/fjarno.org\/ca\/wp-json\/wp\/v2\/comments?post=7442"}],"version-history":[{"count":0,"href":"https:\/\/fjarno.org\/ca\/wp-json\/wp\/v2\/posts\/7442\/revisions"}],"wp:featuredmedia":[{"embeddable":true,"href":"https:\/\/fjarno.org\/ca\/wp-json\/wp\/v2\/media\/7443"}],"wp:attachment":[{"href":"https:\/\/fjarno.org\/ca\/wp-json\/wp\/v2\/media?parent=7442"}],"wp:term":[{"taxonomy":"category","embeddable":true,"href":"https:\/\/fjarno.org\/ca\/wp-json\/wp\/v2\/categories?post=7442"},{"taxonomy":"post_tag","embeddable":true,"href":"https:\/\/fjarno.org\/ca\/wp-json\/wp\/v2\/tags?post=7442"}],"curies":[{"name":"wp","href":"https:\/\/api.w.org\/{rel}","templated":true}]}}