{"id":7440,"date":"2023-03-10T10:33:56","date_gmt":"2023-03-10T10:33:56","guid":{"rendered":"https:\/\/fjarno.org\/dia-mundial-de-lobesitat-i-del-ronyo-sense-menjar-ho-ni-beure-ho\/"},"modified":"2023-03-10T10:33:56","modified_gmt":"2023-03-10T10:33:56","slug":"dia-mundial-de-lobesitat-i-del-ronyo-sense-menjar-ho-ni-beure-ho","status":"publish","type":"post","link":"https:\/\/fjarno.org\/ca\/dia-mundial-de-lobesitat-i-del-ronyo-sense-menjar-ho-ni-beure-ho\/","title":{"rendered":"DIA MUNDIAL DE L&#8217;OBESITAT I DEL RONY\u00d3; SENSE MENJAR-HO NI BEURE-HO"},"content":{"rendered":"<p>Recentment s&#8217;han celebrat tant el mundial de l&#8217;obesitat com el del rony\u00f3. Aquestes dues malalties no s\u00f3n independents, i usualment s\u00f3n complement\u00e0ries una amb l&#8217;altra. S&#8217;ha observat una relaci\u00f3 causal entre l&#8217;obesitat i la incid\u00e8ncia de malaltia renal cr\u00f2nica. Aquesta relaci\u00f3 ja s&#8217;observa des del sobrep\u00e8s. La poblaci\u00f3 de Lleida no quedaria exempta d&#8217;aquesta problem\u00e0tica i dades preliminars del Projecte ILERVAS van en la mateixa direcci\u00f3. Aquestes dades es van presentar en l&#8217;\u00faltim congr\u00e9s de la Societat Espanyola per a l&#8217;estudi de l&#8217;Obesitat (SEEDO).     <\/p>\n<p>Les guies m\u00e8diques m\u00e9s importants a nivell mundial ja destaquen la import\u00e0ncia d&#8217;una dieta baixa en prote\u00efnes ja que es pot retardar la progressi\u00f3 de la malaltia renal i pot millorar la qualitat de vida en pacients. Seguir una alimentaci\u00f3 amb la quantitat adequada de carns, ous i peix disminueix la tensi\u00f3 renal, la qual cosa t\u00e9 un impacte protector en els ronyons. Els efectes d&#8217;aquesta dieta s\u00f3n similars als dels medicamentes antihipertensius; obtenint un efecte additiu quan es combinen tots dos tractaments. Per contra, un consum alt de prote\u00efnes deteriora significativament la funci\u00f3 renal. Sent conscients que la majoria de la poblaci\u00f3 de Catalunya ingereix m\u00e9s prote\u00efnes, i calories del necessari, \u00e9s interessant obtenir supervisi\u00f3 m\u00e8dica i nutricional en les fases primerenques des de l&#8217;aparici\u00f3 de qualsevol de les dues malalties. Aquest seria el primer pilar, dels 4 existents, fonamental del tractament. Com no podria ser d&#8217;una altra manera, el segon fonament m\u00e9s substancial seria incloure activitat f\u00edsica ja que aquesta pot evitar una r\u00e0pida disminuci\u00f3 de la funci\u00f3 renal i pot ser beneficiosa per a reduir el risc cardiovascular. En aquest sentit, existeix una associaci\u00f3 dependent de la dosi entre caminar i la mortalitat general. \u00c9s a dir, s&#8217;hauria d&#8217;intentar caminar tots els dies de la setmana, i si no fos possible, almenys tres. El tercer pilar capital per a totes dues malalties \u00e9s el tractament farmacol\u00f2gic. En els \u00faltims 2 anys han arribat al mercat opcions farmacol\u00f2giques segures i amb resultats clarament positius. Exemple d&#8217;aix\u00f2 \u00e9s la semaglutida, una subst\u00e0ncia que aconsegueix una p\u00e8rdua de pes important en les persones amb exc\u00e9s de pes. Per un altre, la dapagliflozina que es pot prescriure en persones amb malaltia renal ja que el seu principi actiu t\u00e9 un efecte nefroprotector. El m\u00e9s interessant \u00e9s que tots dos medicaments s\u00f3n complementaris i es poden prendre al mateix temps de manera segura i efica\u00e7. La quarta columna \u00e9s el tractament psicol\u00f2gic. La salut mental en l&#8217;obesitat i en la malaltia renal \u00e9s capital. Aquestes persones solen requerir aquest tipus de ter\u00e0pia, especialment quan les malalties van progressant i se senten aclaparades per la situaci\u00f3. Per aix\u00f2, la inclusi\u00f3 de professionals de la psicologia \u00e9s essencial en els equips de salut i hauria de ser per norma per a aconseguir una atenci\u00f3 sanit\u00e0ria d&#8217;excel\u00b7lent qualitat.                 <\/p>\n<p>Amb la celebraci\u00f3 d&#8217;aquests dos dies mundials \u00e9s important educar a la poblaci\u00f3 que totes dues malalties s\u00f3n indolores, solen passar anys desapercebudes, i progressen conjuntament. El millor tractament per a elles \u00e9s la prevenci\u00f3 i el diagn\u00f2stic primerenc. Si no, \u00e9s important saber que totes dues patologies s\u00f3n tractables amb canvis d&#8217;estil de vida i medicaments. Per aix\u00f2 la SEEDO recomana l&#8217;avaluaci\u00f3 de la talla, el pes i el per\u00edmetre de cintura. I en aquelles ocasions que fos possible, el mesurament del greix corporal mitjan\u00e7ant bascules d&#8217;\u00faltima generaci\u00f3. D&#8217;altra banda, l&#8217;Associaci\u00f3 Renal Europea ja recomana canviar la pr\u00e0ctica cl\u00ednica i mesurar funci\u00f3 renal i albuminuria, mitjan\u00e7ant anal\u00edtiques de sang i orina, com a primer nivell d&#8217;entrada en l&#8217;avaluaci\u00f3 del risc cardiovascular. La conscienciaci\u00f3 de la poblaci\u00f3 general i el paper proactiu de totes les persones \u00e9s b\u00e0sica per a un estat de salut excel\u00b7lent en totes les etapes de la vida.      <\/p>\n<p>&nbsp;<\/p>\n<p><strong>Dr. Enric S\u00e1nchez <\/strong><\/p>\n<p><strong>Fundaci\u00f3 Renal Jaume Arn\u00f3<\/strong>[:ca]Recentment s&#8217;han celebrat tant el Dia mundial de l&#8217;obesitat com el del rony\u00f3. Aquestes dues malalties no s\u00f3n independents, i usualment s\u00f3n complement\u00e0ries una amb l&#8217;altra. S&#8217;ha observat una relaci\u00f3 causal entre l&#8217;obesitat i la incid\u00e8ncia de malaltia renal cr\u00f2nica. Aquesta relaci\u00f3 ja s&#8217;observa des del sobrep\u00e8s. La poblaci\u00f3 de Lleida no quedaria exempta d&#8217;aquesta problem\u00e0tica i dades preliminars del Projecte ILERVAS van en la mateixa direcci\u00f3. Aquestes dades es van presentar en l&#8217;\u00faltim congr\u00e9s de la Societat Espanyola per a l&#8217;estudi de l&#8217;Obesitat (SEEDO).<br \/>\nLes guies m\u00e8diques m\u00e9s importants a nivell mundial ja destaquen la import\u00e0ncia d&#8217;una dieta baixa en prote\u00efnes ja que es pot retardar la progressi\u00f3 de la malaltia renal i pot millorar la qualitat de vida en pacients. Seguir una alimentaci\u00f3 amb la quantitat adequada de carns, ous i peix disminueix la tensi\u00f3 renal, la qual cosa t\u00e9 un impacte protector en els ronyons. Els efectes d&#8217;aquesta dieta s\u00f3n similars als dels medicamentes antihipertensius; obtenint un efecte additiu quan es combinen tots dos tractaments. Per contra, un consum alt de prote\u00efnes deteriora significativament la funci\u00f3 renal. Sent conscients que la majoria de la poblaci\u00f3 de Catalunya ingereix m\u00e9s prote\u00efnes, i calories del necessari, \u00e9s interessant obtenir supervisi\u00f3 m\u00e8dica i nutricional en les fases primerenques des de l&#8217;aparici\u00f3 de qualsevol de les dues malalties. Aquest seria el primer pilar, dels 4 existents, fonamental del tractament. Com no podria ser d&#8217;una altra manera, el segon fonament m\u00e9s substancial seria incloure activitat f\u00edsica ja que aquesta pot evitar una r\u00e0pida disminuci\u00f3 de la funci\u00f3 renal i pot ser beneficiosa per a reduir el risc cardiovascular. En aquest sentit, existeix una associaci\u00f3 dependent de la dosi entre caminar i la mortalitat general. \u00c9s a dir, s&#8217;hauria d&#8217;intentar caminar tots els dies de la setmana, i si no fos possible, almenys tres. El tercer pilar capital per a totes dues malalties \u00e9s el tractament farmacol\u00f2gic. En els \u00faltims 2 anys han arribat al mercat opcions farmacol\u00f2giques segures i amb resultats clarament positius. Exemple d&#8217;aix\u00f2 \u00e9s la semaglutida, una subst\u00e0ncia que aconsegueix una p\u00e8rdua de pes important en les persones amb exc\u00e9s de pes. Per un altre, la dapagliflozina que es pot prescriure en persones amb malaltia renal ja que el seu principi actiu t\u00e9 un efecte nefroprotector. El m\u00e9s interessant \u00e9s que tots dos medicaments s\u00f3n complementaris i es poden prendre al mateix temps de manera segura i efica\u00e7. La quarta columna \u00e9s el tractament psicol\u00f2gic. La salut mental en l&#8217;obesitat i en la malaltia renal \u00e9s capital. Aquestes persones solen requerir aquest tipus de ter\u00e0pia, especialment quan les malalties van progressant i se senten aclaparades per la situaci\u00f3. Per aix\u00f2, la inclusi\u00f3 de professionals de la psicologia \u00e9s essencial en els equips de salut i hauria de ser per norma per a aconseguir una atenci\u00f3 sanit\u00e0ria d&#8217;excel\u00b7lent qualitat.<br \/>\nAmb la celebraci\u00f3 d&#8217;aquests dos dies mundials \u00e9s important educar a la poblaci\u00f3 que totes dues malalties s\u00f3n indolores, solen passar anys desapercebudes, i progressen conjuntament. El millor tractament per a elles \u00e9s la prevenci\u00f3 i el diagn\u00f2stic primerenc. Si no, \u00e9s important saber que totes dues patologies s\u00f3n tractables amb canvis d&#8217;estil de vida i medicaments. Per aix\u00f2 la SEEDO recomana l&#8217;avaluaci\u00f3 de la talla, el pes i el per\u00edmetre de cintura. I en aquelles ocasions que fos possible, el mesurament del greix corporal mitjan\u00e7ant bascules d&#8217;\u00faltima generaci\u00f3. D&#8217;altra banda, l&#8217;Associaci\u00f3 Renal Europea ja recomana canviar la pr\u00e0ctica cl\u00ednica i mesurar funci\u00f3 renal i albuminuria, mitjan\u00e7ant anal\u00edtiques de sang i orina, com a primer nivell d&#8217;entrada en l&#8217;avaluaci\u00f3 del risc cardiovascular.                       La conscienciaci\u00f3 de la poblaci\u00f3 general i el paper proactiu de totes les persones \u00e9s b\u00e0sica per a un estat de salut excel\u00b7lent en totes les etapes de la vida.<\/p>\n<p>Dr. Enric S\u00e1nchez<br \/>\nFundaci\u00f3 Renal Jaume Arn\u00f3<\/p>\n","protected":false},"excerpt":{"rendered":"<p>Recentment s&#8217;han celebrat tant el mundial de l&#8217;obesitat com el del rony\u00f3. Aquestes dues malalties no s\u00f3n independents, i usualment s\u00f3n complement\u00e0ries una amb l&#8217;altra. S&#8217;ha observat una relaci\u00f3 causal entre l&#8217;obesitat i la incid\u00e8ncia de malaltia renal cr\u00f2nica. Aquesta relaci\u00f3 ja s&#8217;observa des del sobrep\u00e8s. La poblaci\u00f3 de Lleida no quedaria exempta d&#8217;aquesta problem\u00e0tica [&hellip;]<\/p>\n","protected":false},"author":1,"featured_media":7441,"comment_status":"open","ping_status":"open","sticky":false,"template":"","format":"standard","meta":{"footnotes":""},"categories":[110],"tags":[144,179,180],"class_list":["post-7440","post","type-post","status-publish","format-standard","has-post-thumbnail","hentry","category-blog","tag-malaltia-renal","tag-obesitat","tag-salut-renal","entry","has-media","owp-thumbs-layout-horizontal","owp-btn-normal","owp-tabs-layout-horizontal","has-no-thumbnails","has-product-nav"],"_links":{"self":[{"href":"https:\/\/fjarno.org\/ca\/wp-json\/wp\/v2\/posts\/7440","targetHints":{"allow":["GET"]}}],"collection":[{"href":"https:\/\/fjarno.org\/ca\/wp-json\/wp\/v2\/posts"}],"about":[{"href":"https:\/\/fjarno.org\/ca\/wp-json\/wp\/v2\/types\/post"}],"author":[{"embeddable":true,"href":"https:\/\/fjarno.org\/ca\/wp-json\/wp\/v2\/users\/1"}],"replies":[{"embeddable":true,"href":"https:\/\/fjarno.org\/ca\/wp-json\/wp\/v2\/comments?post=7440"}],"version-history":[{"count":0,"href":"https:\/\/fjarno.org\/ca\/wp-json\/wp\/v2\/posts\/7440\/revisions"}],"wp:featuredmedia":[{"embeddable":true,"href":"https:\/\/fjarno.org\/ca\/wp-json\/wp\/v2\/media\/7441"}],"wp:attachment":[{"href":"https:\/\/fjarno.org\/ca\/wp-json\/wp\/v2\/media?parent=7440"}],"wp:term":[{"taxonomy":"category","embeddable":true,"href":"https:\/\/fjarno.org\/ca\/wp-json\/wp\/v2\/categories?post=7440"},{"taxonomy":"post_tag","embeddable":true,"href":"https:\/\/fjarno.org\/ca\/wp-json\/wp\/v2\/tags?post=7440"}],"curies":[{"name":"wp","href":"https:\/\/api.w.org\/{rel}","templated":true}]}}