{"id":7436,"date":"2023-03-10T09:34:39","date_gmt":"2023-03-10T09:34:39","guid":{"rendered":"https:\/\/fjarno.org\/dia-mundial-del-ronyo-2023\/"},"modified":"2023-03-10T09:34:39","modified_gmt":"2023-03-10T09:34:39","slug":"dia-mundial-del-ronyo-2023","status":"publish","type":"post","link":"https:\/\/fjarno.org\/ca\/dia-mundial-del-ronyo-2023\/","title":{"rendered":"Dia Mundial del Rony\u00f3 2023"},"content":{"rendered":"<p>Avui, com cada segon dijous de mar\u00e7 des de 2006, recordem la import\u00e0ncia de promoure la <strong>SALUT RENAL PER A TOTS<\/strong>, esl\u00f2gan sota el qual les organitzacions relacionades a nivell nacional i internacional pretenem cridar l&#8217;atenci\u00f3 sobre la import\u00e0ncia de cuidar els nostres ronyons per a evitar la instauraci\u00f3 de la Malaltia Renal Cr\u00f2nica que, habitualment, es presenta de manera imprevista i silenciosa produint en els afectats i les seves fam\u00edlies, entre altres, fragilitat, indefensi\u00f3 i incertesa que els obliga a fer canvis radicals a nivell social, familiar, laboral, emocional, f\u00edsic, etc. per a mantenir la vida. Per aix\u00f2, el lema triat enguany amb el qual es vol posar l&#8217;accent en la situaci\u00f3 personal dels afectats: <strong><em>Preparar-se per a l&#8217;inesperat, ajudant els vulnerables!<\/em><\/strong> ens parla de les realitats en les seves vides i l&#8217;imprescindible que \u00e9s l&#8217;ajuda que oferim les entitats relacionades, la sanitat p\u00fablica i la societat en el seu conjunt -per la import\u00e0ncia social de la donaci\u00f3 d&#8217;\u00f2rgans-. <\/p>\n<p>&nbsp;<\/p>\n<p>La sanitat p\u00fablica disposa, a l&#8217;<strong>Hospital Universitari Arnau de Vilanova<\/strong> de la nostra ciutat, d&#8217;un <strong>Servei de Nefrologia<a href=\"https:\/\/fjarno.org\/dia-mundiadel-ronyo-2021\/ronyons_per-xarxa\/\"><img loading=\"lazy\" decoding=\"async\" class=\" wp-image-5291 alignright\" src=\"https:\/\/fjarno.org\/wp-content\/uploads\/2021\/03\/ronyons_per-xarxa.jpg\" alt=\"\" width=\"300\" height=\"300\" srcset=\"https:\/\/fjarno.org\/wp-content\/uploads\/2021\/03\/ronyons_per-xarxa.jpg 1150w, https:\/\/fjarno.org\/wp-content\/uploads\/2021\/03\/ronyons_per-xarxa-300x300.jpg 300w, https:\/\/fjarno.org\/wp-content\/uploads\/2021\/03\/ronyons_per-xarxa-100x100.jpg 100w, https:\/\/fjarno.org\/wp-content\/uploads\/2021\/03\/ronyons_per-xarxa-600x600.jpg 600w, https:\/\/fjarno.org\/wp-content\/uploads\/2021\/03\/ronyons_per-xarxa-1024x1024.jpg 1024w, https:\/\/fjarno.org\/wp-content\/uploads\/2021\/03\/ronyons_per-xarxa-150x150.jpg 150w, https:\/\/fjarno.org\/wp-content\/uploads\/2021\/03\/ronyons_per-xarxa-768x768.jpg 768w\" sizes=\"auto, (max-width: 300px) 100vw, 300px\" \/><\/a> territorial <\/strong>que proporciona assist\u00e8ncia nefrol\u00f2gica a tot el territori. L&#8217;assist\u00e8ncia nefrol\u00f2gica \u00e9s una traject\u00f2ria en la qual estan implicades diferents \u00e0rees del servei amb diferents professionals assignats. Aquesta malaltia afecta al 10-15% de la poblaci\u00f3 general i aquest percentatge s&#8217;incrementa fins al 20-30% en la poblaci\u00f3 major de 60 anys. Tenint en compte l&#8217;envelliment progressiu de la poblaci\u00f3 ens trobem davant un problema de gran repercussi\u00f3 social, econ\u00f2mic i fins i tot mediambiental per la quantitat de residus generats per la di\u00e0lisi. \u00c9s objectiu del servei millorar la prevenci\u00f3 i la detecci\u00f3 de la Malaltia Renal Cr\u00f2nica i acompanyar el pacient en el proc\u00e9s, una vegada instaurada, amb l&#8217;objectiu d&#8217;intentar frenar-ne la progressi\u00f3 mitjan\u00e7ant un rigor\u00f3s control fins que el tractament conservador de la funci\u00f3 renal no \u00e9s suficient i els afectats hagin d&#8217;iniciar un Tractament Substitutiu Renal (TSR) -di\u00e0lisi o trasplantament-.    <\/p>\n<p>&nbsp;<\/p>\n<p>A trav\u00e9s de la integraci\u00f3 de la consulta de malaltia renal cr\u00f2nica avan\u00e7ada amb la unitat de di\u00e0lisi domicili\u00e0ria es pret\u00e9n incrementar el nombre de pacients amb opci\u00f3 a trasplantament de viu previ a la di\u00e0lisi, aix\u00ed com incrementar el nombre de pacients en t\u00e8cniques domicili\u00e0ries que s\u00f3n m\u00e9s sostenibles i aporten millor qualitat de vida i apoderament als pacients.<\/p>\n<p><strong> <\/strong><\/p>\n<p>Els afectats per aquesta malaltia tenen importants necessitats psicosocials i per a poder fer front a la creixent demanda d&#8217;aquests serveis, a Lleida, compten amb la <strong>Fundaci\u00f3 Renal Jaume Arn\u00f3, <\/strong>entitat sense \u00e0nim de lucre, que, des de fa quinze anys, presta servei al col\u00b7lectiu en totes les seves necessitats psicosocials, especialment en la preparaci\u00f3 de l&#8217;inesperat i ajudant en la vulnerabilitat sobrevinguda, com indica el lema esmentat. Clar exemple, afegit a l&#8217;impacte psicosocial produ\u00eft <em>per se<\/em> per la malaltia, s&#8217;ha produ\u00eft durant la pand\u00e8mia per COVID-19 que, havent afectat de manera similar a poblaci\u00f3 general -6,36%- i poblaci\u00f3 en di\u00e0lisi o trasplantament -6,65%-; la mortalitat va produir un gran impacte sobre el col\u00b7lectiu m\u00e9s vulnerable -21%-, enfront del de la poblaci\u00f3 general -2,1%- <em>(Registre COVID de la Societat Espanyola de Nefrologia 6\/02\/2022).<\/em> <\/p>\n<p>&nbsp;<\/p>\n<p>Totes dues entitats, com no podia ser d&#8217;una altra manera, incrementaran la seva col\u00b7laboraci\u00f3 en benefici dels afectats i les seves fam\u00edlies. Prevenci\u00f3 i detecci\u00f3 preco\u00e7, di\u00e0lisi domicili\u00e0ria, trasplantament de viu i atenci\u00f3 psicosocial, remarquen la seva intenci\u00f3 de millora cont\u00ednua en el servei a persones amb gran necessitat. <\/p>\n<p>&nbsp;<\/p>\n<p><em>Dra. Marisa Mart\u00edn Conde, Cap de Secci\u00f3, Responsable del Servei de Nefrologia de l&#8217;Hospital Universitari Arnau de Vilanova de Lleida. <\/em><\/p>\n<p><em>Sr. Ignacio Gracia, vicepresident de la Fundaci\u00f3 Renal Jaume Arn\u00f3. <\/em><\/p>\n<p><strong><em>Imatge: Pintura de M.Ant\u00f2nia Salv\u00e0<\/em><\/strong>[:ca]Avui, com cada segon dijous de mar\u00e7 des de 2006, recordem la import\u00e0ncia de promoure la SALUT RENAL PER A TOTS, esl\u00f2gan sota el qual les organitzacions relacionades a nivell nacional i internacional pretenem cridar l&#8217;atenci\u00f3 sobre la import\u00e0ncia de cuidar els nostres ronyons per a evitar la instauraci\u00f3 de la Malaltia Renal Cr\u00f2nica que, habitualment, es presenta de manera imprevista i silenciosa produint en els afectats i les seves fam\u00edlies, entre altres, fragilitat, indefensi\u00f3 i incertesa que els obliga a fer canvis radicals a nivell social, familiar, laboral, emocional, f\u00edsic, etc. per a mantenir la vida. Per aix\u00f2, el lema triat enguany amb el qual es vol posar l&#8217;accent en la situaci\u00f3 personal dels <a href=\"https:\/\/fjarno.org\/dia-mundiadel-ronyo-2021\/ronyons_per-xarxa\/\"><img loading=\"lazy\" decoding=\"async\" class=\" wp-image-5291 alignright\" src=\"https:\/\/fjarno.org\/wp-content\/uploads\/2021\/03\/ronyons_per-xarxa.jpg\" alt=\"\" width=\"369\" height=\"369\" srcset=\"https:\/\/fjarno.org\/wp-content\/uploads\/2021\/03\/ronyons_per-xarxa.jpg 1150w, https:\/\/fjarno.org\/wp-content\/uploads\/2021\/03\/ronyons_per-xarxa-300x300.jpg 300w, https:\/\/fjarno.org\/wp-content\/uploads\/2021\/03\/ronyons_per-xarxa-100x100.jpg 100w, https:\/\/fjarno.org\/wp-content\/uploads\/2021\/03\/ronyons_per-xarxa-600x600.jpg 600w, https:\/\/fjarno.org\/wp-content\/uploads\/2021\/03\/ronyons_per-xarxa-1024x1024.jpg 1024w, https:\/\/fjarno.org\/wp-content\/uploads\/2021\/03\/ronyons_per-xarxa-150x150.jpg 150w, https:\/\/fjarno.org\/wp-content\/uploads\/2021\/03\/ronyons_per-xarxa-768x768.jpg 768w\" sizes=\"auto, (max-width: 369px) 100vw, 369px\" \/><\/a>  afectats: Preparar-se per a l&#8217;inesperat, ajudant als vulnerables! Ens parla de les realitats en les seves vides i l&#8217;imprescindible que \u00e9s l&#8217;ajuda que oferim les entitats relacionades, la sanitat p\u00fablica i la societat en el seu conjunt per la import\u00e0ncia social de la donaci\u00f3 d\u2019\u00f2rgans. <\/p>\n<p>La sanitat p\u00fablica disposa, a l&#8217;Hospital Universitari Arnau de Vilanova de la nostra ciutat, d&#8217;un Servei de Nefrologia territorial que proporciona assist\u00e8ncia nefrol\u00f2gica a tot el territori. L&#8217;assist\u00e8ncia nefrol\u00f2gica \u00e9s una traject\u00f2ria en la qual estan implicades diferents \u00e0rees del servei amb diferents professionals assignats. Aquesta malaltia afecta al 10-15% de la poblaci\u00f3 general i aquest percentatge s&#8217;incrementa fins al 20-30% en la poblaci\u00f3 major de 60 anys. Tenint en compte de l&#8217;envelliment progressiu de la poblaci\u00f3 ens trobem davant un problema de gran repercussi\u00f3 social, econ\u00f2mic i fins i tot mediambiental per la quantitat de residus generats per la di\u00e0lisi. \u00c9s objectiu del servei millorar la prevenci\u00f3 i la detecci\u00f3 de la Malaltia Renal Cr\u00f2nica i acompanyar al pacient en el proc\u00e9s, una vegada instaurada, amb l&#8217;objectiu d&#8217;intentar frenar la seva progressi\u00f3 mitjan\u00e7ant un rigor\u00f3s control fins que el tractament conservador de la funci\u00f3 renal no \u00e9s suficient i els afectats hagin d&#8217;iniciar un Tractament Substitutiu Renal (TSR) -di\u00e0lisi o trasplantament-.    <\/p>\n<p>A trav\u00e9s de la integraci\u00f3 de la consulta de malaltia renal cr\u00f2nica avan\u00e7ada amb la unitat de di\u00e0lisi domicili\u00e0ria es pret\u00e9n incrementar el nombre de pacients amb opci\u00f3 a trasplantament de viu previ a la di\u00e0lisi, aix\u00ed com incrementar el nombre de pacients en t\u00e8cniques domicili\u00e0ries que s\u00f3n m\u00e9s sostenibles i aporten millor qualitat de vida i apoderament als pacients.<\/p>\n<p>Els afectats per aquesta malaltia tenen importants necessitats psicosocials i per a poder fer front a la creixent demanda d&#8217;aquests serveis, a Lleida, compten amb la Fundaci\u00f3 Renal Jaume Arn\u00f3, entitat sense \u00e0nim de lucre, que, des de fa quinze anys, presta servei al col\u00b7lectiu en totes les seves necessitats psicosocials, especialment en la preparaci\u00f3 de l&#8217;inesperat i ajudant en la vulnerabilitat sobrevinguda, com indica el lema esmentat. Clar exemple, afegit a l&#8217;impacte psicosocial produ\u00eft per la malaltia, s&#8217;ha produ\u00eft durant la pand\u00e8mia per COVID-19 que, havent afectat de manera similar a poblaci\u00f3 general -6,36%- i poblaci\u00f3 en di\u00e0lisi o trasplantament -6,65%-; la mortalitat va produir un gran impacte sobre el col\u00b7lectiu m\u00e9s vulnerable -21%-, enfront del de la poblaci\u00f3 general -2,1%- (Registre COVID de la Societat Espanyola de Nefrologia 6\/02\/2022). <\/p>\n<p>Totes dues entitats, com no podia ser d&#8217;una altra manera, incrementaran la seva col\u00b7laboraci\u00f3 en benefici dels afectats i les seves fam\u00edlies. Prevenci\u00f3 i detecci\u00f3 preco\u00e7, di\u00e0lisi domicili\u00e0ria, trasplantament de viu i atenci\u00f3 psicosocial, remarquen la seva intenci\u00f3 de millora cont\u00ednua en el servei a persones amb gran necessitat. <\/p>\n<p><em>Dra. Marisa Mart\u00edn Conde, Cap de Secci\u00f3, Responsable del Servei de Nefrologia de l&#8217;Hospital Universitari Arnau de Vilanova de Lleida. <\/em><br \/>\n<em>Sr. Ignacio Gracia, vicepresident de la Fundaci\u00f3 Renal Jaume Arn\u00f3. <\/em><\/p>\n<p><em><strong>Imatge: Pintura de M.Ant\u00f2nia Salv\u00e0<\/strong><\/em><\/p>\n","protected":false},"excerpt":{"rendered":"<p>Avui, com cada segon dijous de mar\u00e7 des de 2006, recordem la import\u00e0ncia de promoure la SALUT RENAL PER A TOTS, esl\u00f2gan sota el qual les organitzacions relacionades a nivell nacional i internacional pretenem cridar l&#8217;atenci\u00f3 sobre la import\u00e0ncia de cuidar els nostres ronyons per a evitar la instauraci\u00f3 de la Malaltia Renal Cr\u00f2nica que, [&hellip;]<\/p>\n","protected":false},"author":1,"featured_media":7438,"comment_status":"open","ping_status":"open","sticky":false,"template":"","format":"standard","meta":{"footnotes":""},"categories":[110],"tags":[],"class_list":["post-7436","post","type-post","status-publish","format-standard","has-post-thumbnail","hentry","category-blog","entry","has-media","owp-thumbs-layout-horizontal","owp-btn-normal","owp-tabs-layout-horizontal","has-no-thumbnails","has-product-nav"],"_links":{"self":[{"href":"https:\/\/fjarno.org\/ca\/wp-json\/wp\/v2\/posts\/7436","targetHints":{"allow":["GET"]}}],"collection":[{"href":"https:\/\/fjarno.org\/ca\/wp-json\/wp\/v2\/posts"}],"about":[{"href":"https:\/\/fjarno.org\/ca\/wp-json\/wp\/v2\/types\/post"}],"author":[{"embeddable":true,"href":"https:\/\/fjarno.org\/ca\/wp-json\/wp\/v2\/users\/1"}],"replies":[{"embeddable":true,"href":"https:\/\/fjarno.org\/ca\/wp-json\/wp\/v2\/comments?post=7436"}],"version-history":[{"count":0,"href":"https:\/\/fjarno.org\/ca\/wp-json\/wp\/v2\/posts\/7436\/revisions"}],"wp:featuredmedia":[{"embeddable":true,"href":"https:\/\/fjarno.org\/ca\/wp-json\/wp\/v2\/media\/7438"}],"wp:attachment":[{"href":"https:\/\/fjarno.org\/ca\/wp-json\/wp\/v2\/media?parent=7436"}],"wp:term":[{"taxonomy":"category","embeddable":true,"href":"https:\/\/fjarno.org\/ca\/wp-json\/wp\/v2\/categories?post=7436"},{"taxonomy":"post_tag","embeddable":true,"href":"https:\/\/fjarno.org\/ca\/wp-json\/wp\/v2\/tags?post=7436"}],"curies":[{"name":"wp","href":"https:\/\/api.w.org\/{rel}","templated":true}]}}