{"id":7424,"date":"2023-06-06T11:06:26","date_gmt":"2023-06-06T11:06:26","guid":{"rendered":"https:\/\/fjarno.org\/gala-dia-del-donant-2023\/"},"modified":"2023-06-06T11:06:26","modified_gmt":"2023-06-06T11:06:26","slug":"gala-dia-del-donant-2023","status":"publish","type":"post","link":"https:\/\/fjarno.org\/ca\/gala-dia-del-donant-2023\/","title":{"rendered":"Gala Dia del Donant 2023"},"content":{"rendered":"<p>Ahir vam celebrar la VII Mostra de curts per la donaci\u00f3 d&#8217;\u00f2rgans, un acte molt emotiu que va retre el tan merescut homenatge als donants i les seves fam\u00edlies. <a href=\"https:\/\/fjarno.org\/espanol-gala-dia-del-donante-2023\/blog-5\/\"><img loading=\"lazy\" decoding=\"async\" class=\"wp-image-5792 alignright\" src=\"https:\/\/fjarno.org\/wp-content\/uploads\/2023\/06\/BLOG.jpg\" alt=\"\" width=\"505\" height=\"368\" srcset=\"https:\/\/fjarno.org\/wp-content\/uploads\/2023\/06\/BLOG.jpg 2512w, https:\/\/fjarno.org\/wp-content\/uploads\/2023\/06\/BLOG-600x438.jpg 600w, https:\/\/fjarno.org\/wp-content\/uploads\/2023\/06\/BLOG-300x219.jpg 300w, https:\/\/fjarno.org\/wp-content\/uploads\/2023\/06\/BLOG-1024x748.jpg 1024w, https:\/\/fjarno.org\/wp-content\/uploads\/2023\/06\/BLOG-768x561.jpg 768w, https:\/\/fjarno.org\/wp-content\/uploads\/2023\/06\/BLOG-1536x1121.jpg 1536w, https:\/\/fjarno.org\/wp-content\/uploads\/2023\/06\/BLOG-2048x1495.jpg 2048w\" sizes=\"auto, (max-width: 505px) 100vw, 505px\" \/><\/a><\/p>\n<p>Estudiants de CAS (Creativitat, Activitat i Servei) de Primer de Batxillerat Internacional de l&#8217;Institut Josep Lladonosa de Lleida i d&#8217;APS (Aprenentatge i Servei) de Quart d&#8217;ESO de l&#8217;Institut Samuel Gili i Gaya de Lleida, van realitzar un total de 6 v\u00eddeos amb l&#8217;objectiu de fomentar la donaci\u00f3 d&#8217;\u00f2rgans. Jugant amb met\u00e0fores que van anar des d&#8217;una recepta familiar, fins a una m\u00e0quina de cosir, passant per la reparaci\u00f3 del disc dur d&#8217;un ordinador, van fer reflexionar a tots els presents sobre l&#8217;impacte de la donaci\u00f3 en la vida de tantes persones. Tot i que la projecci\u00f3 en p\u00fablic culmina el projecte, les sessions formatives que la Fundaci\u00f3 duu a terme als centres educatius, la recerca que les alumnes i alumnes realitzen i les activitats que envolten la gala, contribueixen a crear consci\u00e8ncia sobre la import\u00e0ncia de la donaci\u00f3 d&#8217;\u00f2rgans i el paper que cadascun de nosaltres juga en la divulgaci\u00f3 i la sensibilitzaci\u00f3 d&#8217;aquest gest.  <\/p>\n<p>Podeu veure tots els v\u00eddeos al <a href=\"https:\/\/www.youtube.com\/channel\/UC9cXv7tMzC7EI0m77O_xiTw\">nostre canal de Youtube.<\/a><\/p>\n<p>La Mostra va arrencar amb un ball que el grup de l&#8217;Institut Josep Lladonosa va preparar amb la col\u00b7laboraci\u00f3 del gimn\u00e0s Viding Ekke i va concloure amb l&#8217;actuaci\u00f3 musical del grup Error 404 de l&#8217;institut Samuel Gili i Gaya.<\/p>\n<p>El Doctor Jaume Tort, director de l&#8217;<a href=\"https:\/\/trasplantaments.gencat.cat\/ca\/inici\">OCATT<\/a>, ens va parlar sobre les xifres d&#8217;aquest 2023 que s\u00f3n prometedores i sobre el gran treball en xarxa darrere de cada trasplantament, que pot implicar al voltant de 100 professionals, sens dubte una gran tasca de coordinaci\u00f3, responsable de l&#8217;\u00e8xit del nostre model de donaci\u00f3 i trasplantament. La Doctora Mariona Badia, coordinadora de trasplantaments de l&#8217;Hospital Universitari Arnau de Vilanova de Lleida, ens va parlar de la complexitat del proc\u00e9s quan a l&#8217;UCI hi ha un possible donant, i del delicat moment de l&#8217;entrevista amb la fam\u00edlia. Va valorar molt positivament els treballs realitzats pels alumnes, i els va animar a seguir parlant del tema de la donaci\u00f3 amb les seves amistats i familiars.  <\/p>\n<p>Cap al final de l&#8217;acte, vam sorprendre l&#8217;Ana, qui fa uns anys va donar un rony\u00f3 al seu germ\u00e0 Carlos, amb el lliurament del premi Donant 2023, sens dubte un dels moments m\u00e9s emotius de la mostra.<\/p>\n<p>Des de la Fundaci\u00f3 Renal Jaume Arn\u00f3, agra\u00efm de cor la implicaci\u00f3 de totes i tots els participants i assistents a la gala, conven\u00e7uts que aquestes petites accions generen grans canvis.<\/p>\n<p>Feu-vos Donant, doneu a la vostra vida un Final Alternatiu!<\/p>\n<p>&nbsp;[:ca]Ahir vam celebrar la VII Mostra de curts per la donaci\u00f3 d&#8217;\u00f2rgans, un acte molt emotiu que va retre el tan merescut homenatge als donants i les seves fam\u00edlies.  <a href=\"https:\/\/fjarno.org\/espanol-gala-dia-del-donante-2023\/blog-5\/\"><img loading=\"lazy\" decoding=\"async\" class=\"wp-image-5792 alignright\" src=\"https:\/\/fjarno.org\/wp-content\/uploads\/2023\/06\/BLOG.jpg\" alt=\"\" width=\"429\" height=\"313\" srcset=\"https:\/\/fjarno.org\/wp-content\/uploads\/2023\/06\/BLOG.jpg 2512w, https:\/\/fjarno.org\/wp-content\/uploads\/2023\/06\/BLOG-600x438.jpg 600w, https:\/\/fjarno.org\/wp-content\/uploads\/2023\/06\/BLOG-300x219.jpg 300w, https:\/\/fjarno.org\/wp-content\/uploads\/2023\/06\/BLOG-1024x748.jpg 1024w, https:\/\/fjarno.org\/wp-content\/uploads\/2023\/06\/BLOG-768x561.jpg 768w, https:\/\/fjarno.org\/wp-content\/uploads\/2023\/06\/BLOG-1536x1121.jpg 1536w, https:\/\/fjarno.org\/wp-content\/uploads\/2023\/06\/BLOG-2048x1495.jpg 2048w\" sizes=\"auto, (max-width: 429px) 100vw, 429px\" \/><\/a><\/p>\n<p>Estudiants de CAS (Creativitat, Activitat i Servei) de Primer de Batxillerat Internacional de l&#8217;Institut Josep Lladonosa de Lleida i de APS (Aprenentatge i Servei) de Quart d&#8217;ESO de l&#8217;Institut Samuel Gili i Gaya de Lleida, van realitzar un total de 6 v\u00eddeos amb l&#8217;objectiu de fomentar la donaci\u00f3 d&#8217;\u00f2rgans. Jugant amb met\u00e0fores que van ser des d&#8217;una recepta familiar, fins a una m\u00e0quina de cosir, passant per la reparaci\u00f3 del disc dur d&#8217;un ordinador, van fer reflexionar a tots els presents sobre l&#8217;impacte de la donaci\u00f3 en la vida de tantes persones. Encara que la projecci\u00f3 en p\u00fablic culmina el projecte, les sessions formatives que la Fundaci\u00f3 duu a terme en els centres educatius, la recerca que les alumnes i alumnes realitzen i les activitats que envolten la gala, contribueixen a crear consci\u00e8ncia sobre la import\u00e0ncia de la donaci\u00f3 d&#8217;\u00f2rgans i el paper que cadascun de nosaltres juga en la divulgaci\u00f3 i la sensibilitzaci\u00f3 d&#8217;aquest gest.  <\/p>\n<p>Podeu veure tots els v\u00eddeos al <a href=\"https:\/\/www.youtube.com\/channel\/UC9cXv7tMzC7EI0m77O_xiTw\">nostre canal Youtube<\/a> <\/p>\n<p>La Mostra va arrencar amb un ball que el grup de l&#8217;Institut Josep Lladonosa va preparar amb la col\u00b7laboraci\u00f3 del gimn\u00e0s Viding Ekke i va concloure amb l&#8217;actuaci\u00f3 musical del grup Error 404 de l&#8217;institut Samuel Gili i Gaya.<\/p>\n<p>El Doctor Jaume Tort, director de la <a href=\"https:\/\/trasplantaments.gencat.cat\/ca\/inici\">OCATT<\/a>, ens va parlar sobre les xifres d&#8217;aquest 2023 que s\u00f3n prometedores i sobre la gran feina en xarxa darrere de cada trasplantament, que pot implicar al voltant de 100 professionals, sens dubte una gran tasca de coordinaci\u00f3, responsable de l&#8217;\u00e8xit del nostre model de donaci\u00f3 i trasplantament. La Doctora Mariona Badia, coordinadora de trasplantaments de l&#8217;Hospital Universitari Arnau de Vilanova de Lleida, ens va parlar de la complexitat del proc\u00e9s quan en les UCIs hi ha un possible donant, i del delicat moment de l&#8217;entrevista amb la fam\u00edlia. Va valorar molt positivament els treballs realitzats pels alumnes, i els va animar a continuar parlant del tema de la donaci\u00f3 amb les seves amistats i familiars.  <\/p>\n<p>Cap al final de l&#8217;acte, vam sorprendre a l&#8217;Ana, qui fa uns anys va donar un rony\u00f3 al seu germ\u00e0 Carlos, amb el lliurament del premi Donant 2023, sens dubte un dels moments m\u00e9s emotius de la mostra.<\/p>\n<p>Des de la Fundaci\u00f3 Renal Jaume Arn\u00f3, agra\u00efm de tot cor la implicaci\u00f3 de totes i tots els participants i assistents a la gala, conven\u00e7uts que aquestes petites accions generen grans canvis.<\/p>\n<p>Feu-vos Donant, doneu-li a la vostra vida un Final Alternatiu!<\/p>\n<p>&nbsp;<\/p>\n","protected":false},"excerpt":{"rendered":"<p>Ahir vam celebrar la VII Mostra de curts per la donaci\u00f3 d&#8217;\u00f2rgans, un acte molt emotiu que va retre el tan merescut homenatge als donants i les seves fam\u00edlies. Estudiants de CAS (Creativitat, Activitat i Servei) de Primer de Batxillerat Internacional de l&#8217;Institut Josep Lladonosa de Lleida i d&#8217;APS (Aprenentatge i Servei) de Quart d&#8217;ESO [&hellip;]<\/p>\n","protected":false},"author":1,"featured_media":7425,"comment_status":"open","ping_status":"open","sticky":false,"template":"","format":"standard","meta":{"footnotes":""},"categories":[110],"tags":[172,137,139],"class_list":["post-7424","post","type-post","status-publish","format-standard","has-post-thumbnail","hentry","category-blog","tag-dia-del-donant","tag-donacio-dorgans","tag-trasplantament","entry","has-media","owp-thumbs-layout-horizontal","owp-btn-normal","owp-tabs-layout-horizontal","has-no-thumbnails","has-product-nav"],"_links":{"self":[{"href":"https:\/\/fjarno.org\/ca\/wp-json\/wp\/v2\/posts\/7424","targetHints":{"allow":["GET"]}}],"collection":[{"href":"https:\/\/fjarno.org\/ca\/wp-json\/wp\/v2\/posts"}],"about":[{"href":"https:\/\/fjarno.org\/ca\/wp-json\/wp\/v2\/types\/post"}],"author":[{"embeddable":true,"href":"https:\/\/fjarno.org\/ca\/wp-json\/wp\/v2\/users\/1"}],"replies":[{"embeddable":true,"href":"https:\/\/fjarno.org\/ca\/wp-json\/wp\/v2\/comments?post=7424"}],"version-history":[{"count":0,"href":"https:\/\/fjarno.org\/ca\/wp-json\/wp\/v2\/posts\/7424\/revisions"}],"wp:featuredmedia":[{"embeddable":true,"href":"https:\/\/fjarno.org\/ca\/wp-json\/wp\/v2\/media\/7425"}],"wp:attachment":[{"href":"https:\/\/fjarno.org\/ca\/wp-json\/wp\/v2\/media?parent=7424"}],"wp:term":[{"taxonomy":"category","embeddable":true,"href":"https:\/\/fjarno.org\/ca\/wp-json\/wp\/v2\/categories?post=7424"},{"taxonomy":"post_tag","embeddable":true,"href":"https:\/\/fjarno.org\/ca\/wp-json\/wp\/v2\/tags?post=7424"}],"curies":[{"name":"wp","href":"https:\/\/api.w.org\/{rel}","templated":true}]}}