{"id":7417,"date":"2022-08-26T10:22:08","date_gmt":"2022-08-26T10:22:08","guid":{"rendered":"https:\/\/fjarno.org\/torrada-descalivada-amb-formatge\/"},"modified":"2022-08-26T10:22:08","modified_gmt":"2022-08-26T10:22:08","slug":"torrada-descalivada-amb-formatge","status":"publish","type":"post","link":"https:\/\/fjarno.org\/ca\/torrada-descalivada-amb-formatge\/","title":{"rendered":"TORRADA D&#8217;ESCALIVADA AMB FORMATGE"},"content":{"rendered":"<h3>Ingredients<\/h3>\n<p>1 panet gran de pa blanc, <strong>torrat<\/strong> (90 g) <a href=\"https:\/\/fjarno.org\/espanol-tosta-de-escalivada-con-queso-de-cabra\/tosta-escalivada-web\/\"><img loading=\"lazy\" decoding=\"async\" class=\" wp-image-5614 alignright\" src=\"https:\/\/fjarno.org\/wp-content\/uploads\/2022\/08\/Tosta-Escalivada-WEB.jpg\" alt=\"\" width=\"385\" height=\"324\" srcset=\"https:\/\/fjarno.org\/wp-content\/uploads\/2022\/08\/Tosta-Escalivada-WEB.jpg 2549w, https:\/\/fjarno.org\/wp-content\/uploads\/2022\/08\/Tosta-Escalivada-WEB-600x505.jpg 600w, https:\/\/fjarno.org\/wp-content\/uploads\/2022\/08\/Tosta-Escalivada-WEB-300x253.jpg 300w, https:\/\/fjarno.org\/wp-content\/uploads\/2022\/08\/Tosta-Escalivada-WEB-1024x862.jpg 1024w, https:\/\/fjarno.org\/wp-content\/uploads\/2022\/08\/Tosta-Escalivada-WEB-768x647.jpg 768w, https:\/\/fjarno.org\/wp-content\/uploads\/2022\/08\/Tosta-Escalivada-WEB-1536x1293.jpg 1536w, https:\/\/fjarno.org\/wp-content\/uploads\/2022\/08\/Tosta-Escalivada-WEB-2048x1724.jpg 2048w\" sizes=\"auto, (max-width: 385px) 100vw, 385px\" \/><\/a><\/p>\n<p>180 grams d&#8217;escalivada<\/p>\n<p>25 grams de formatge fresc, de cabra<\/p>\n<p>1 cullerada sopera d&#8217;oli d&#8217;oliva verge extra (9 g)<\/p>\n<h3>Elaboraci\u00f3<\/h3>\n<p>1.- Coure al foc a terra o al forn el pebrot vermell, l&#8217;alberg\u00ednia (ceba i un all, opcional)<\/p>\n<p>2.- Un cop cuits, deixar refredar, pelar i tallar a tires<\/p>\n<p>3.- Torrar el pa amb la mateixa calor<\/p>\n<p>4.- Muntar la torrada<\/p>\n<p>5.- Afegir formatge de cabra i oli<\/p>\n<p>Bon profit!<\/p>\n<h3>Consells nutricionals<\/h3>\n<p>Utilitzar pa blanc, <strong>NO<\/strong> \u00e9s recomanable l&#8217;integral. Millor <strong>torrar<\/strong> el pa, especialment si hi ha restricci\u00f3 h\u00eddrica <\/p>\n<p>Tot i que les verdures no es poden posar en remull perqu\u00e8 s&#8217;han de coure senceres, s\u00f3n unes verdures que contenen <strong>poc potassi<\/strong>.<\/p>\n<p>Escollir formatges baixos en sal, potassi i f\u00f2sfor<\/p>\n<p><strong>Indicacions generals<\/strong><\/p>\n<p>Es pot presentar com a torrada calenta a l&#8217;hivern i freda a l&#8217;estiu<\/p>\n<p>La ingesta de minerals di\u00e0ria se situa entre 600 i 1.000 mg al dia de f\u00f2sfor, 1.500 i 2.000 mg\/dia de potassi i 1,8 i 2,5 g al dia de sodi<\/p>\n<p>&nbsp;<\/p>\n<p>&nbsp;<\/p>\n<p><a href=\"https:\/\/fjarno.org\/espanol-tosta-de-escalivada-con-queso-de-cabra\/cast-2-2\/\"><img loading=\"lazy\" decoding=\"async\" class=\"alignnone wp-image-5618\" src=\"https:\/\/fjarno.org\/wp-content\/uploads\/2022\/08\/CAST-2-1.png\" alt=\"\" width=\"602\" height=\"602\" srcset=\"https:\/\/fjarno.org\/wp-content\/uploads\/2022\/08\/CAST-2-1.png 1080w, https:\/\/fjarno.org\/wp-content\/uploads\/2022\/08\/CAST-2-1-300x300.png 300w, https:\/\/fjarno.org\/wp-content\/uploads\/2022\/08\/CAST-2-1-100x100.png 100w, https:\/\/fjarno.org\/wp-content\/uploads\/2022\/08\/CAST-2-1-600x600.png 600w, https:\/\/fjarno.org\/wp-content\/uploads\/2022\/08\/CAST-2-1-1024x1024.png 1024w, https:\/\/fjarno.org\/wp-content\/uploads\/2022\/08\/CAST-2-1-150x150.png 150w, https:\/\/fjarno.org\/wp-content\/uploads\/2022\/08\/CAST-2-1-768x768.png 768w\" sizes=\"auto, (max-width: 602px) 100vw, 602px\" \/><\/a><\/p>\n<h3>Ingredients<\/h3>\n<p>1 panet gran de pa blanc, torrat (90 g)<a href=\"https:\/\/fjarno.org\/espanol-tosta-de-escalivada-con-queso-de-cabra\/tosta-escalivada-web\/\"><img loading=\"lazy\" decoding=\"async\" class=\" wp-image-5614 alignright\" src=\"https:\/\/fjarno.org\/wp-content\/uploads\/2022\/08\/Tosta-Escalivada-WEB.jpg\" alt=\"\" width=\"356\" height=\"300\" srcset=\"https:\/\/fjarno.org\/wp-content\/uploads\/2022\/08\/Tosta-Escalivada-WEB.jpg 2549w, https:\/\/fjarno.org\/wp-content\/uploads\/2022\/08\/Tosta-Escalivada-WEB-600x505.jpg 600w, https:\/\/fjarno.org\/wp-content\/uploads\/2022\/08\/Tosta-Escalivada-WEB-300x253.jpg 300w, https:\/\/fjarno.org\/wp-content\/uploads\/2022\/08\/Tosta-Escalivada-WEB-1024x862.jpg 1024w, https:\/\/fjarno.org\/wp-content\/uploads\/2022\/08\/Tosta-Escalivada-WEB-768x647.jpg 768w, https:\/\/fjarno.org\/wp-content\/uploads\/2022\/08\/Tosta-Escalivada-WEB-1536x1293.jpg 1536w, https:\/\/fjarno.org\/wp-content\/uploads\/2022\/08\/Tosta-Escalivada-WEB-2048x1724.jpg 2048w\" sizes=\"auto, (max-width: 356px) 100vw, 356px\" \/><\/a>180 grams d&#8217;escalivada<br \/>\n25 grams de formatge fresc, cabra<br \/>\n1 cullerada sopera d&#8217;oli d&#8217;oliva verge extra (9 g)<\/p>\n<h3>Elaboraci\u00f3<\/h3>\n<p>1.- Rostir en el foc a terra o en forn el Pebrot vermell, alberg\u00ednia, (ceba i un all, opcional)<br \/>\n2.- Una vegada estiguin cuinats, deixar refredar i pelar i tallar a tires<br \/>\n3.- Torrar el pa amb la mateixa calor<br \/>\n4.- Muntar la torrada<br \/>\n5.- Afegir el formatge de cabra i l&#8217;oli.<\/p>\n<p>&nbsp;<\/p>\n<h3>Consells nutricionals<\/h3>\n<p>Utilitzar pa blanc, <strong>NO<\/strong> \u00e9s recomanable l&#8217;integral. Millor torrar el pa, especialment si hi ha restricci\u00f3 h\u00eddrica<br \/>\nEncara que les verdures no es poden posar en remull perqu\u00e8 s&#8217;han de rostir senceres, s\u00f3n unes verdures que contenen poc potassi.<br \/>\nTriar formatges baixos en sal, potassi i f\u00f2sfor.<br \/>\nIndicacions generals<br \/>\nEs pot presentar com a torrada calenta a l&#8217;hivern i en fred a l&#8217;estiu<br \/>\nLa ingesta de minerals di\u00e0ria se situa en 600-1.000 mg al dia de f\u00f2sfor, 1.500-2.000 mg\/dia de potassi i 1,8-2,5 g al dia de sodi <\/p>\n<p>&nbsp;<\/p>\n<p><a href=\"https:\/\/fjarno.org\/espanol-tosta-de-escalivada-con-queso-de-cabra\/cat-2\/\"><img loading=\"lazy\" decoding=\"async\" class=\"alignnone wp-image-5619\" src=\"https:\/\/fjarno.org\/wp-content\/uploads\/2022\/08\/CAT-2.png\" alt=\"\" width=\"675\" height=\"675\" srcset=\"https:\/\/fjarno.org\/wp-content\/uploads\/2022\/08\/CAT-2.png 1080w, https:\/\/fjarno.org\/wp-content\/uploads\/2022\/08\/CAT-2-300x300.png 300w, https:\/\/fjarno.org\/wp-content\/uploads\/2022\/08\/CAT-2-100x100.png 100w, https:\/\/fjarno.org\/wp-content\/uploads\/2022\/08\/CAT-2-600x600.png 600w, https:\/\/fjarno.org\/wp-content\/uploads\/2022\/08\/CAT-2-1024x1024.png 1024w, https:\/\/fjarno.org\/wp-content\/uploads\/2022\/08\/CAT-2-150x150.png 150w, https:\/\/fjarno.org\/wp-content\/uploads\/2022\/08\/CAT-2-768x768.png 768w\" sizes=\"auto, (max-width: 675px) 100vw, 675px\" \/><\/a><\/p>\n","protected":false},"excerpt":{"rendered":"<p>Ingredients 1 panet gran de pa blanc, torrat (90 g) 180 grams d&#8217;escalivada 25 grams de formatge fresc, de cabra 1 cullerada sopera d&#8217;oli d&#8217;oliva verge extra (9 g) Elaboraci\u00f3 1.- Coure al foc a terra o al forn el pebrot vermell, l&#8217;alberg\u00ednia (ceba i un all, opcional) 2.- Un cop cuits, deixar refredar, pelar [&hellip;]<\/p>\n","protected":false},"author":1,"featured_media":7418,"comment_status":"open","ping_status":"open","sticky":false,"template":"","format":"standard","meta":{"footnotes":""},"categories":[110,136],"tags":[152,171,145],"class_list":["post-7417","post","type-post","status-publish","format-standard","has-post-thumbnail","hentry","category-blog","category-receptes","tag-dieta-renal","tag-escalivada","tag-receptes","entry","has-media","owp-thumbs-layout-horizontal","owp-btn-normal","owp-tabs-layout-horizontal","has-no-thumbnails","has-product-nav"],"_links":{"self":[{"href":"https:\/\/fjarno.org\/ca\/wp-json\/wp\/v2\/posts\/7417","targetHints":{"allow":["GET"]}}],"collection":[{"href":"https:\/\/fjarno.org\/ca\/wp-json\/wp\/v2\/posts"}],"about":[{"href":"https:\/\/fjarno.org\/ca\/wp-json\/wp\/v2\/types\/post"}],"author":[{"embeddable":true,"href":"https:\/\/fjarno.org\/ca\/wp-json\/wp\/v2\/users\/1"}],"replies":[{"embeddable":true,"href":"https:\/\/fjarno.org\/ca\/wp-json\/wp\/v2\/comments?post=7417"}],"version-history":[{"count":0,"href":"https:\/\/fjarno.org\/ca\/wp-json\/wp\/v2\/posts\/7417\/revisions"}],"wp:featuredmedia":[{"embeddable":true,"href":"https:\/\/fjarno.org\/ca\/wp-json\/wp\/v2\/media\/7418"}],"wp:attachment":[{"href":"https:\/\/fjarno.org\/ca\/wp-json\/wp\/v2\/media?parent=7417"}],"wp:term":[{"taxonomy":"category","embeddable":true,"href":"https:\/\/fjarno.org\/ca\/wp-json\/wp\/v2\/categories?post=7417"},{"taxonomy":"post_tag","embeddable":true,"href":"https:\/\/fjarno.org\/ca\/wp-json\/wp\/v2\/tags?post=7417"}],"curies":[{"name":"wp","href":"https:\/\/api.w.org\/{rel}","templated":true}]}}