{"id":7411,"date":"2022-05-18T11:19:30","date_gmt":"2022-05-18T11:19:30","guid":{"rendered":"https:\/\/fjarno.org\/dia-del-donant-2022\/"},"modified":"2022-05-18T11:19:30","modified_gmt":"2022-05-18T11:19:30","slug":"dia-del-donant-2022","status":"publish","type":"post","link":"https:\/\/fjarno.org\/ca\/dia-del-donant-2022\/","title":{"rendered":"Dia del Donant 2022"},"content":{"rendered":"<p><strong>Celebreu amb nosaltres el Dia del Donant<a href=\"https:\/\/fjarno.org\/dia-del-donant-2022\/fes-te-donant\/\"><img loading=\"lazy\" decoding=\"async\" class=\"wp-image-5588 alignright\" src=\"https:\/\/fjarno.org\/wp-content\/uploads\/2022\/05\/Fes-te-donant.jpg\" alt=\"\" width=\"472\" height=\"472\" srcset=\"https:\/\/fjarno.org\/wp-content\/uploads\/2022\/05\/Fes-te-donant.jpg 1080w, https:\/\/fjarno.org\/wp-content\/uploads\/2022\/05\/Fes-te-donant-300x300.jpg 300w, https:\/\/fjarno.org\/wp-content\/uploads\/2022\/05\/Fes-te-donant-100x100.jpg 100w, https:\/\/fjarno.org\/wp-content\/uploads\/2022\/05\/Fes-te-donant-600x600.jpg 600w, https:\/\/fjarno.org\/wp-content\/uploads\/2022\/05\/Fes-te-donant-1024x1024.jpg 1024w, https:\/\/fjarno.org\/wp-content\/uploads\/2022\/05\/Fes-te-donant-150x150.jpg 150w, https:\/\/fjarno.org\/wp-content\/uploads\/2022\/05\/Fes-te-donant-768x768.jpg 768w\" sizes=\"auto, (max-width: 472px) 100vw, 472px\" \/><\/a><\/strong><\/p>\n<p>Tenim el plaer d&#8217;anunciar que aquest any, celebrarem la VI Mostra de Curts per la Donaci\u00f3 d&#8217;\u00f2rgans de manera presencial. Estudiants de quart d&#8217;ESO de l&#8217;Institut Samuel Gili i Gaya (Lleida) i de primer de Batxillerat Internacional de l&#8217;Institut Josep Lladonosa, (Lleida) han preparat material audiovisual in\u00e8dit per al foment de la donaci\u00f3 d&#8217;\u00f2rgans, a partir de les sessions informatives que imparteix la Fundaci\u00f3 als centres i de la seva pr\u00f2pia recerca. <\/p>\n<p>Com hem fet els darrers anys, aquest material es publicar\u00e0 al nostre canal de YouTube i a Instagram uns dies abans de la gala. Us animem a visualitzar-los, compartir-los i donar like al vostre preferit. <\/p>\n<p>La Mostra obrir\u00e0 amb un ball que l&#8217;alumnat de l&#8217;IES Josep Lladonosa ha preparat amb la col\u00b7laboraci\u00f3 de Viding Ekke, seguida de la projecci\u00f3 dels v\u00eddeos i entrevistes als portaveus de cada treball. Tamb\u00e9 comptarem amb la participaci\u00f3 del Dr. Jaume Tort, Director de l&#8217;Organitzaci\u00f3 Catalana de Trasplantaments i la Dra. Mariona Badia, Coordinadora de Trasplantaments de l&#8217;Hospital Universitari Arnau de Vilanova. Com de costum, gaudirem tamb\u00e9 d&#8217;escoltar i compartir les experi\u00e8ncies de persones receptores de trasplantament. Sense dubte, aquests testimonis ajuden a posar en valor la grandesa de la donaci\u00f3, ja que cada trasplantament amaga una bonica hist\u00f2ria de vida.    <\/p>\n<p>Us convidem a celebrar amb nosaltres el Dia del Donant!<\/p>\n<p>Us esperem el proper  <strong>Dilluns 30 de maig a les 11 hores a l&#8217;Orfe\u00f3 Lleidat\u00e0<\/strong>  (C\/Sant Mart\u00ed 60, 62, 25004 Lleida)[:ca]<\/p>\n<h3>Celebreu amb nosaltres el Dia del Donant<a href=\"https:\/\/fjarno.org\/?attachment_id=5588\"><img loading=\"lazy\" decoding=\"async\" class=\"wp-image-5588 alignright\" src=\"https:\/\/fjarno.org\/wp-content\/uploads\/2022\/05\/Fes-te-donant.jpg\" alt=\"\" width=\"399\" height=\"399\" srcset=\"https:\/\/fjarno.org\/wp-content\/uploads\/2022\/05\/Fes-te-donant.jpg 1080w, https:\/\/fjarno.org\/wp-content\/uploads\/2022\/05\/Fes-te-donant-300x300.jpg 300w, https:\/\/fjarno.org\/wp-content\/uploads\/2022\/05\/Fes-te-donant-100x100.jpg 100w, https:\/\/fjarno.org\/wp-content\/uploads\/2022\/05\/Fes-te-donant-600x600.jpg 600w, https:\/\/fjarno.org\/wp-content\/uploads\/2022\/05\/Fes-te-donant-1024x1024.jpg 1024w, https:\/\/fjarno.org\/wp-content\/uploads\/2022\/05\/Fes-te-donant-150x150.jpg 150w, https:\/\/fjarno.org\/wp-content\/uploads\/2022\/05\/Fes-te-donant-768x768.jpg 768w\" sizes=\"auto, (max-width: 399px) 100vw, 399px\" \/><\/a><\/h3>\n<p>Tenim el plaer d&#8217;anunciar que aquest any, celebrarem la <strong>VI Mostra de Curts per la Donaci\u00f3 d&#8217;\u00f2rgans<\/strong> de manera presencial. Estudiants de quart d&#8217;ESO de l&#8217;Institut Samuel Gili i Gaya (Lleida) i de primer de Batxillerat Internacional de l&#8217;Institut Josep Lladonosa (Lleida) han preparat material audiovisual in\u00e8dit per al foment de la donaci\u00f3 d&#8217;\u00f2rgans, a partir de les sessions informatives que imparteix la Fundaci\u00f3 als centres i de la seva pr\u00f2pia recerca. <\/p>\n<p>Com hem fet els darrers anys, aquest material es publicar\u00e0 al nostre canal de Youtube i a Instagram uns dies abans de la gala. Us animem a visualitzar-los, compartir i donar like al vostre preferit. <\/p>\n<p>La Mostra obrir\u00e0 amb un ball que l&#8217;alumnat de l&#8217;IES Josep Lladonosa ha preparat amb la col\u00b7laboraci\u00f3 de Viding Ekke, seguida de la projecci\u00f3 dels v\u00eddeos i entrevistes als portaveus de cada treball. Tamb\u00e9 comptarem amb la participaci\u00f3 del Doctor Jaume Tort, Director de l&#8217;Organitzaci\u00f3 Catalana de Trasplantaments i la Dra. Mariona Badia, Coordinadora de Trasplantaments de l&#8217;Hospital Universitari Arnau de Vilanova. Com de costum, gaudirem tamb\u00e9 d&#8217;escoltar i compartir les experi\u00e8ncies de persones receptores de trasplantament. Sense dubte, aquests testimonis ajuden a posar en valor la grandesa de la donaci\u00f3, ja que cada trasplantament amaga dins seu una bonica hist\u00f2ria de vida.    <\/p>\n<p>Us convidem a celebrar amb nosaltres el Dia del Donant!<\/p>\n<p>Us esperem el proper Dilluns <strong>30 de maig a les 11 hores a l&#8217;Orfe\u00f3 lleidat\u00e0<\/strong> (C\/Sant Mart\u00ed 60, 62, 25004 Lleida)<\/p>\n","protected":false},"excerpt":{"rendered":"<p>Celebreu amb nosaltres el Dia del Donant Tenim el plaer d&#8217;anunciar que aquest any, celebrarem la VI Mostra de Curts per la Donaci\u00f3 d&#8217;\u00f2rgans de manera presencial. Estudiants de quart d&#8217;ESO de l&#8217;Institut Samuel Gili i Gaya (Lleida) i de primer de Batxillerat Internacional de l&#8217;Institut Josep Lladonosa, (Lleida) han preparat material audiovisual in\u00e8dit per [&hellip;]<\/p>\n","protected":false},"author":1,"featured_media":7412,"comment_status":"open","ping_status":"open","sticky":false,"template":"","format":"standard","meta":{"footnotes":""},"categories":[110],"tags":[],"class_list":["post-7411","post","type-post","status-publish","format-standard","has-post-thumbnail","hentry","category-blog","entry","has-media","owp-thumbs-layout-horizontal","owp-btn-normal","owp-tabs-layout-horizontal","has-no-thumbnails","has-product-nav"],"_links":{"self":[{"href":"https:\/\/fjarno.org\/ca\/wp-json\/wp\/v2\/posts\/7411","targetHints":{"allow":["GET"]}}],"collection":[{"href":"https:\/\/fjarno.org\/ca\/wp-json\/wp\/v2\/posts"}],"about":[{"href":"https:\/\/fjarno.org\/ca\/wp-json\/wp\/v2\/types\/post"}],"author":[{"embeddable":true,"href":"https:\/\/fjarno.org\/ca\/wp-json\/wp\/v2\/users\/1"}],"replies":[{"embeddable":true,"href":"https:\/\/fjarno.org\/ca\/wp-json\/wp\/v2\/comments?post=7411"}],"version-history":[{"count":0,"href":"https:\/\/fjarno.org\/ca\/wp-json\/wp\/v2\/posts\/7411\/revisions"}],"wp:featuredmedia":[{"embeddable":true,"href":"https:\/\/fjarno.org\/ca\/wp-json\/wp\/v2\/media\/7412"}],"wp:attachment":[{"href":"https:\/\/fjarno.org\/ca\/wp-json\/wp\/v2\/media?parent=7411"}],"wp:term":[{"taxonomy":"category","embeddable":true,"href":"https:\/\/fjarno.org\/ca\/wp-json\/wp\/v2\/categories?post=7411"},{"taxonomy":"post_tag","embeddable":true,"href":"https:\/\/fjarno.org\/ca\/wp-json\/wp\/v2\/tags?post=7411"}],"curies":[{"name":"wp","href":"https:\/\/api.w.org\/{rel}","templated":true}]}}