{"id":7347,"date":"2013-11-11T11:49:24","date_gmt":"2013-11-11T11:49:24","guid":{"rendered":"https:\/\/fjarno.org\/compartir-per-avancarcompartir-per-avancar\/"},"modified":"2013-11-11T11:49:24","modified_gmt":"2013-11-11T11:49:24","slug":"compartir-per-avancarcompartir-per-avancar","status":"publish","type":"post","link":"https:\/\/fjarno.org\/ca\/compartir-per-avancarcompartir-per-avancar\/","title":{"rendered":"<!--:es-->Compartir per avan\u00e7ar<!--:--><!--:ca-->Compartir per avan\u00e7ar<!--:-->"},"content":{"rendered":"<p><!--:es--><br \/>\nEl Consell Consultiu de Pacients de Catalunya \u00e9s l&#8217;\u00f2rgan assessor representatiu de les associacions de pacients davant l&#8217;Administraci\u00f3 catalana que permet donar veu directa als pacients mitjan\u00e7ant la proposta dels assumptes que considerin oportuns, i possibilita la participaci\u00f3 en el proc\u00e9s d&#8217;elaboraci\u00f3 de les pol\u00edtiques d&#8217;atenci\u00f3 sanit\u00e0ria del Departament de Salut i garanteix una informaci\u00f3 fiable, concreta i transparent directa entre l&#8217;Administraci\u00f3 i els ciutadans amb funcions d&#8217;informaci\u00f3, assessorament i participaci\u00f3.<br \/>\nEl passat divendres 21 de mar\u00e7 prop de 200 persones van participar, a Lleida, en la I Jornada Compartir per Avan\u00e7ar, adre\u00e7ada a pacients, familiars, associacions i professionals sanitaris. L&#8217;objectiu del 2014 \u00e9s apropar la informaci\u00f3, promoure la participaci\u00f3 i recollir necessitats de pacients i associacions arrelades a les diferents prov\u00edncies.<br \/>\nLa Fundaci\u00f3 Renal Jaume Arn\u00f3 va participar a la taula: \u201cRelaci\u00f3 professional pacient: qu\u00e8 podem aprendre\u201d<\/p>\n<p> <!--:--><!--:ca-->El Consell Consultiu de Pacients de Catalunya \u00e9s l&#8217;\u00f2rgan assessor representatiu de les associacions de pacients davant l&#8217;Administraci\u00f3 catalana que permet donar veu directa als pacients mitjan\u00e7ant la proposta dels assumptes que considerin oportuns, i possibilita la participaci\u00f3 en el proc\u00e9s d&#8217;elaboraci\u00f3 de les pol\u00edtiques d&#8217;atenci\u00f3 sanit\u00e0ria del Departament de Salut i garanteix una informaci\u00f3 fiable, concreta i transparent directa entre l&#8217;Administraci\u00f3 i els ciutadans amb funcions d&#8217;informaci\u00f3, assessorament i participaci\u00f3.<br \/>\nEl passat divendres 21 de mar\u00e7 prop de 200 persones van participar, a Lleida, a la I Jornada impulsada pel Consell Consultiu de Pacients de Catalunya, adre\u00e7ada a pacients, familiars, associacions i professionals sanitaris. L&#8217;objectiu del 2014 \u00e9s apropar la informaci\u00f3, promoure la participaci\u00f3 i recollir necessitats de pacients i associacions arrelades a les diferents prov\u00edncies.<br \/>\nLa Fundaci\u00f3 Renal Jaume Arn\u00f3 va participar en aquesta jornada a la taula: \u201cRelaci\u00f3 entre professional i pacient: qu\u00e8 podem aprendre\u201d<br \/>\n<!--:--><\/p>\n","protected":false},"excerpt":{"rendered":"<p>El Consell Consultiu de Pacients de Catalunya \u00e9s l&#8217;\u00f2rgan assessor representatiu de les associacions de pacients davant l&#8217;Administraci\u00f3 catalana que permet donar veu directa als pacients mitjan\u00e7ant la proposta dels assumptes que considerin oportuns, i possibilita la participaci\u00f3 en el proc\u00e9s d&#8217;elaboraci\u00f3 de les pol\u00edtiques d&#8217;atenci\u00f3 sanit\u00e0ria del Departament de Salut i garanteix una informaci\u00f3 [&hellip;]<\/p>\n","protected":false},"author":1,"featured_media":7348,"comment_status":"open","ping_status":"open","sticky":false,"template":"","format":"standard","meta":{"footnotes":""},"categories":[118],"tags":[],"class_list":["post-7347","post","type-post","status-publish","format-standard","has-post-thumbnail","hentry","category-noticies-banner","entry","has-media","owp-thumbs-layout-horizontal","owp-btn-normal","owp-tabs-layout-horizontal","has-no-thumbnails","has-product-nav"],"_links":{"self":[{"href":"https:\/\/fjarno.org\/ca\/wp-json\/wp\/v2\/posts\/7347","targetHints":{"allow":["GET"]}}],"collection":[{"href":"https:\/\/fjarno.org\/ca\/wp-json\/wp\/v2\/posts"}],"about":[{"href":"https:\/\/fjarno.org\/ca\/wp-json\/wp\/v2\/types\/post"}],"author":[{"embeddable":true,"href":"https:\/\/fjarno.org\/ca\/wp-json\/wp\/v2\/users\/1"}],"replies":[{"embeddable":true,"href":"https:\/\/fjarno.org\/ca\/wp-json\/wp\/v2\/comments?post=7347"}],"version-history":[{"count":0,"href":"https:\/\/fjarno.org\/ca\/wp-json\/wp\/v2\/posts\/7347\/revisions"}],"wp:featuredmedia":[{"embeddable":true,"href":"https:\/\/fjarno.org\/ca\/wp-json\/wp\/v2\/media\/7348"}],"wp:attachment":[{"href":"https:\/\/fjarno.org\/ca\/wp-json\/wp\/v2\/media?parent=7347"}],"wp:term":[{"taxonomy":"category","embeddable":true,"href":"https:\/\/fjarno.org\/ca\/wp-json\/wp\/v2\/categories?post=7347"},{"taxonomy":"post_tag","embeddable":true,"href":"https:\/\/fjarno.org\/ca\/wp-json\/wp\/v2\/tags?post=7347"}],"curies":[{"name":"wp","href":"https:\/\/api.w.org\/{rel}","templated":true}]}}