{"id":7340,"date":"2013-10-28T09:40:35","date_gmt":"2013-10-28T09:40:35","guid":{"rendered":"https:\/\/fjarno.org\/de-la-mitja-de-balafia-a-la-mitja-marato-de-lleidade-la-mitja-de-balafia-a-la-mitja-marato-de-lleida\/"},"modified":"2013-10-28T09:40:35","modified_gmt":"2013-10-28T09:40:35","slug":"de-la-mitja-de-balafia-a-la-mitja-marato-de-lleidade-la-mitja-de-balafia-a-la-mitja-marato-de-lleida","status":"publish","type":"post","link":"https:\/\/fjarno.org\/ca\/de-la-mitja-de-balafia-a-la-mitja-marato-de-lleidade-la-mitja-de-balafia-a-la-mitja-marato-de-lleida\/","title":{"rendered":"<!--:es-->De la mitja de Bal\u00e0fia a la Mitja Marat\u00f3 de Lleida<!--:--><!--:ca-->De la mitja de Bal\u00e0fia a la Mitja Marat\u00f3 de Lleida<!--:-->"},"content":{"rendered":"<p><!--:es-->5 11 2012<\/p>\n<p>Certament, una matinal de sensacions estranyes, com la mateixa climatologia que ens va acompanyar diumenge.<br \/>\nD&#8217;una banda, amb el desig i la inquietud d&#8217;estar atent al tret de sortida de la mitja marat\u00f3 renovada de Lleida, i de l&#8217;altra, amb la nost\u00e0lgia de sentir-me culpable, juntament amb altres entusiastes (i sense pretendre ser visionaris) del Grup de joves de Bal\u00e0fia, que ja fa tres d\u00e8cades vam decidir donar la benvinguda a la primavera, celebrant una festa esportiva: una cursa popular, que tenia com a finalitat omplir de colors els carrers del nostre barri i de la ciutat, gaudint de l&#8217;esport i la salut.<br \/>\nAmb els anys, va n\u00e9ixer la mitja marat\u00f3, van ser primaveres d&#8217;entusiasme i voluntarisme abnegat, temps en qu\u00e8 no era popular sortir a c\u00f3rrer i aquest fet es limitava majorit\u00e0riament a clubs d&#8217;atletisme, no existia l&#8217;actual eclosi\u00f3 de l&#8217;esport com a concepte de temps lliure i del binomi esport\/salut.<br \/>\nEl temps s&#8217;ha convertit en jutge d&#8217;una cursa que a poc a poc s&#8217;ha anat apagant, l&#8217;associaci\u00f3 de ve\u00efns no era una entitat merament esportiva, un circuit poc atractiu i calia renovar contundentment l&#8217;estructura organitzativa de l&#8217;esdeveniment atl\u00e8tic.<\/p>\n<p>\u00c9s aix\u00ed com de la m\u00e0 de la Fundaci\u00f3 Renal Jaume Arn\u00f3 i l&#8217;Associaci\u00f3 Esportiva Ekke, ha nascut, amb un impuls determinant, amb plantejament professional i for\u00e7a voluntariat, una cursa que est\u00e0 cridada a ser un referent en el m\u00f3n de les mitges maratons.<br \/>\n693 atletes arribats a meta, diu molt de les expectatives generades en el conjunt del teixit social esportiu. Per fi hem gaudit d&#8217;un circuit urb\u00e0 (una mica trencacames i amb 143 metres de desnivell positiu), potser dels millors circuits possibles i realistes, buscant un equilibri amb el disseny urban\u00edstic de Lleida i les seves limitacions i racons, que no entorp\u00eds en exc\u00e9s l&#8217;intranquil i nervi\u00f3s tr\u00e0nsit rodat de la ciutat.<br \/>\nLlarga vida a iniciatives actuals (amb futur) i que han tingut un dol\u00e7 i entusiasta naixement en un grup de joves de barri, all\u00e0 en el segle passat&#8230; <\/p>\n<p>Font. \u2013 Juanjo Garra, Quimeres personals. <!--:--><!--:ca-->5 11 2012<\/p>\n<p>Certament, una matinal de sensacions estranyes, com la mateixa climatologia que ens va acompanyar diumenge.<\/p>\n<p>D&#8217;una banda amb el desig i el neguit d&#8217;estar atent al tret de sortida de la <i>mitja marat\u00f3<\/i> renovada de Lleida, i de l&#8217;altra amb la nost\u00e0lgia de sentir-me culpable, juntament amb altres entusiastes (i sense pretendre ser visionaris) del <i>Grup de Joves de Bal\u00e0fia<\/i>, que ja fa tres d\u00e8cades vam decidir donar la benvinguda a la primavera, tot celebrant una festa esportiva: Una cursa popular, que tenia com a finalitat omplir de colors els carrers del nostre barri i de la ciutat, tot gaudint de l&#8217;esport i la salut.<\/p>\n<p>Amb els anys, va n\u00e9ixer la mitja marat\u00f3, van ser primaveres d&#8217;entusiasme i voluntarisme abnegat, temps on no era popular sortir a c\u00f3rrer i aquest fet es limitava en la seva majoria a clubs d&#8217;atletisme, no existia l&#8217;actual eclosi\u00f3 de l&#8217;esport com a concepte de temps lliure i del binomi esport\/salut.<\/p>\n<p>El temps ha esdevingut jutge d&#8217;una cursa que a poc a poc s&#8217;ha anat apagant, l&#8217;associaci\u00f3 de ve\u00efns no era una entitat merament esportiva, un circuit poc atractiu i calia renovar contundentment l&#8217;estructura organitzativa de l&#8217;esdeveniment atl\u00e8tic.<\/p>\n<p>\u00c9s aix\u00ed com de la m\u00e0 de la <i>Fundaci\u00f3 Renal Jaume<\/i><i> Arn\u00f3<\/i> i <i>l&#8217;Associaci\u00f3 Esportiva Ekke<\/i>, ha nascut, amb un impuls determinant, amb plantejament professional i for\u00e7a voluntariat, una cursa que est\u00e0 cridada a ser un referent en el m\u00f3n de les mitges maratons.<\/p>\n<p>693 atletes arribats a meta, diu molt de les expectatives generades en el conjunt del teixit social esportiu. Per fi hem gaudit d&#8217;un circuit urb\u00e0 (una mica trencacames i amb 143 metres de desnivell positiu), potser dels millors circuits possibles i realistes, cercant un equilibri amb el disseny urban\u00edstic de Lleida i les seves limitacions i topants, que no entorp\u00eds en exc\u00e9s l&#8217;intranquil i nervi\u00f3s tr\u00e0nsit rodat de la ciutat. <\/p>\n<p>Llarga vida a iniciatives actuals (amb futur) i que han tingut un dol\u00e7 i entusiasta naixement en un grup de joves de barri, all\u00e0 en el segle<\/p>\n<p>Font.- Juanjo Garra, Quimeres personals.<!--:--><\/p>\n","protected":false},"excerpt":{"rendered":"<p>5 11 2012 Certament, una matinal de sensacions estranyes, com la mateixa climatologia que ens va acompanyar diumenge. D&#8217;una banda, amb el desig i la inquietud d&#8217;estar atent al tret de sortida de la mitja marat\u00f3 renovada de Lleida, i de l&#8217;altra, amb la nost\u00e0lgia de sentir-me culpable, juntament amb altres entusiastes (i sense pretendre [&hellip;]<\/p>\n","protected":false},"author":1,"featured_media":7341,"comment_status":"open","ping_status":"open","sticky":false,"template":"","format":"standard","meta":{"footnotes":""},"categories":[118],"tags":[],"class_list":["post-7340","post","type-post","status-publish","format-standard","has-post-thumbnail","hentry","category-noticies-banner","entry","has-media","owp-thumbs-layout-horizontal","owp-btn-normal","owp-tabs-layout-horizontal","has-no-thumbnails","has-product-nav"],"_links":{"self":[{"href":"https:\/\/fjarno.org\/ca\/wp-json\/wp\/v2\/posts\/7340","targetHints":{"allow":["GET"]}}],"collection":[{"href":"https:\/\/fjarno.org\/ca\/wp-json\/wp\/v2\/posts"}],"about":[{"href":"https:\/\/fjarno.org\/ca\/wp-json\/wp\/v2\/types\/post"}],"author":[{"embeddable":true,"href":"https:\/\/fjarno.org\/ca\/wp-json\/wp\/v2\/users\/1"}],"replies":[{"embeddable":true,"href":"https:\/\/fjarno.org\/ca\/wp-json\/wp\/v2\/comments?post=7340"}],"version-history":[{"count":0,"href":"https:\/\/fjarno.org\/ca\/wp-json\/wp\/v2\/posts\/7340\/revisions"}],"wp:featuredmedia":[{"embeddable":true,"href":"https:\/\/fjarno.org\/ca\/wp-json\/wp\/v2\/media\/7341"}],"wp:attachment":[{"href":"https:\/\/fjarno.org\/ca\/wp-json\/wp\/v2\/media?parent=7340"}],"wp:term":[{"taxonomy":"category","embeddable":true,"href":"https:\/\/fjarno.org\/ca\/wp-json\/wp\/v2\/categories?post=7340"},{"taxonomy":"post_tag","embeddable":true,"href":"https:\/\/fjarno.org\/ca\/wp-json\/wp\/v2\/tags?post=7340"}],"curies":[{"name":"wp","href":"https:\/\/api.w.org\/{rel}","templated":true}]}}