{"id":7338,"date":"2016-03-08T11:00:37","date_gmt":"2016-03-08T11:00:37","guid":{"rendered":"https:\/\/fjarno.org\/projecte-sumem\/"},"modified":"2016-03-08T11:00:37","modified_gmt":"2016-03-08T11:00:37","slug":"projecte-sumem","status":"publish","type":"post","link":"https:\/\/fjarno.org\/ca\/projecte-sumem\/","title":{"rendered":"Projecte SUMEM"},"content":{"rendered":"<h4>L&#8217;Obra social \u201cLa Caixa\u201d col\u00b7labora amb el projecte SUMEM<a href=\"https:\/\/fjarno.org\/wp-content\/uploads\/2015\/09\/2016-03-08-13.50.29.jpg\" rel=\"attachment wp-att-1749\"><img loading=\"lazy\" decoding=\"async\" class=\"size-medium wp-image-1749 alignleft\" src=\"https:\/\/fjarno.org\/wp-content\/uploads\/2015\/09\/2016-03-08-13.50.29-300x224.jpg\" alt=\"2016-03-08 13.50.29\" width=\"300\" height=\"224\" srcset=\"https:\/\/fjarno.org\/wp-content\/uploads\/2015\/09\/2016-03-08-13.50.29-300x224.jpg 300w, https:\/\/fjarno.org\/wp-content\/uploads\/2015\/09\/2016-03-08-13.50.29.jpg 448w\" sizes=\"auto, (max-width: 300px) 100vw, 300px\" \/><\/a><\/h4>\n<p id=\"tw-target-text\" class=\"tw-data-text vk_txt tw-ta tw-text-small\" dir=\"ltr\" data-placeholder=\"Traducci\u00f3n\"><span lang=\"es\">L&#8217;Obra Social \u201cla Caixa\u201d reafirma el seu comprom\u00eds a Alfarr\u00e0s, amb un donatiu de 6.000 euros a la Fundaci\u00f3 Renal Jaume Arn\u00f3, per col\u00b7laborar en un projecte de detecci\u00f3 i prevenci\u00f3 de necessitats psicol\u00f2giques i socials en pacients amb malaltia renal cr\u00f2nica. La signatura del conveni ha anat a c\u00e0rrec del president de la Fundaci\u00f3 Renal Jaume Arn\u00f3, Jaume Arn\u00f3, i el Director de Banca d&#8217;Institucions de CaixaBank a Lleida, Geremi Cami. <\/span><\/p>\n<h4>PROJECTE <em>SUMEM<\/em><\/h4>\n<p>Detecci\u00f3 i prevenci\u00f3 de necessitats psicol\u00f2giques i socials en pacients amb malaltia renal cr\u00f2nica.<br \/>\nLa insufici\u00e8ncia renal \u00e9s una malaltia que genera un ampli ventall de situacions estressants que ocasionen trastorns tant f\u00edsics com psicosocials. La p\u00e8rdua de salut provoca un gran impacte emocional que pot interferir en les activitats normals de la vida quotidiana, i es detecten alteracions significatives en la qualitat de vida, tant dels pacients com dels seus familiars m\u00e9s directes. <\/p>\n<blockquote><p>Els objectius d&#8217;aquest projecte s\u00f3n: detectar necessitats psicosocials, avaluar les necessitats detectades i treballar casos de forma individual i\/o grupal<\/p><\/blockquote>\n<p>Aquest projecte est\u00e0 plantejat per construir eines de treball que, a partir de la informaci\u00f3 obtinguda sobre les necessitats dels pacients en l&#8217;\u00e0mbit psicosocial, ofereix suport emocional i social i es treballen els casos des del servei de psicologia i treball social de la Fundaci\u00f3 Renal Jaume Arn\u00f3.<br \/>\nSegons dades de la Societat Espanyola de Nefrologia, al voltant de 52.000 persones pateixen malaltia renal cr\u00f2nica i d&#8217;aquestes m\u00e9s de la meitat viuen amb un rony\u00f3 trasplantat i la resta est\u00e0 en tractament de di\u00e0lisi. A m\u00e9s, cada any es diagnostiquen m\u00e9s de 5.000 casos. <\/p>\n<p><span style=\"color: #3366ff;\"><a style=\"color: #3366ff;\" href=\"https:\/\/fjarno.org\/wp-content\/uploads\/2016\/03\/SUMEM-informe-completo-CAST.pdf\">Veure Estudi<\/a>  <img loading=\"lazy\" decoding=\"async\" class=\"alignnone wp-image-4357\" src=\"https:\/\/fjarno.org\/wp-content\/uploads\/2016\/03\/icono-pdf.png\" alt=\"icona-pdf\" width=\"26\" height=\"26\" srcset=\"https:\/\/fjarno.org\/wp-content\/uploads\/2016\/03\/icono-pdf.png 338w, https:\/\/fjarno.org\/wp-content\/uploads\/2016\/03\/icono-pdf-300x296.png 300w, https:\/\/fjarno.org\/wp-content\/uploads\/2016\/03\/icono-pdf-100x100.png 100w, https:\/\/fjarno.org\/wp-content\/uploads\/2016\/03\/icono-pdf-150x150.png 150w\" sizes=\"auto, (max-width: 26px) 100vw, 26px\" \/><\/span><\/p>\n<p><img loading=\"lazy\" decoding=\"async\" class=\"alignnone size-full wp-image-4331\" src=\"https:\/\/fjarno.org\/wp-content\/uploads\/2016\/03\/10.png\" alt=\"10\" width=\"1920\" height=\"1080\" srcset=\"https:\/\/fjarno.org\/wp-content\/uploads\/2016\/03\/10.png 1920w, https:\/\/fjarno.org\/wp-content\/uploads\/2016\/03\/10-600x338.png 600w, https:\/\/fjarno.org\/wp-content\/uploads\/2016\/03\/10-300x169.png 300w, https:\/\/fjarno.org\/wp-content\/uploads\/2016\/03\/10-1024x576.png 1024w, https:\/\/fjarno.org\/wp-content\/uploads\/2016\/03\/10-768x432.png 768w, https:\/\/fjarno.org\/wp-content\/uploads\/2016\/03\/10-1536x864.png 1536w, https:\/\/fjarno.org\/wp-content\/uploads\/2016\/03\/10-800x450.png 800w\" sizes=\"auto, (max-width: 1920px) 100vw, 1920px\" \/><\/p>\n<p>&nbsp;<\/p>\n<h4> [qodef_button size=\u201d\u201d type=\u201d\u201d text=\u201dVols col\u00b7laborar?\u201d custom_class=\u201d\u201d icon_pack=\u201dfont_awesome\u201d fa_icon=\u201d\u201d link=\u201dhttps:\/\/fjarno.org\/es\/hazte-amigo\/\u201d target=\u201d_self\u201d color=\u201d\u201d hover_color=\u201d\u201d background_color=\u201d\u201d hover_background_color=\u201d\u201d border_color=\u201d\u201d hover_border_color=\u201d\u201d font_size=\u201d\u201d font_weight=\u201d\u201d margin=\u201d\u201d]<\/h4>\n<p>&nbsp;<\/p>\n<h4>L&#8217;Obra social \u201cLa Caixa\u201d col\u00b7labora amb el Projecte <em>SUMEM<\/em> <a href=\"https:\/\/fjarno.org\/wp-content\/uploads\/2015\/09\/2016-03-08-13.50.29.jpg\" rel=\"attachment wp-att-1749\"><img loading=\"lazy\" decoding=\"async\" class=\"size-medium wp-image-1749 alignleft\" src=\"https:\/\/fjarno.org\/wp-content\/uploads\/2015\/09\/2016-03-08-13.50.29-300x224.jpg\" alt=\"2016-03-08 13.50.29\" width=\"300\" height=\"224\" srcset=\"https:\/\/fjarno.org\/wp-content\/uploads\/2015\/09\/2016-03-08-13.50.29-300x224.jpg 300w, https:\/\/fjarno.org\/wp-content\/uploads\/2015\/09\/2016-03-08-13.50.29.jpg 448w\" sizes=\"auto, (max-width: 300px) 100vw, 300px\" \/><\/a><\/h4>\n<p id=\"tw-target-text\" class=\"tw-data-text vk_txt tw-ta tw-text-small\" dir=\"ltr\" data-placeholder=\"Traducci\u00f3n\">L&#8217;Obra Social \u201cla Caixa\u201d reafirma el seu comprom\u00eds a Alfarr\u00e0s, amb un donatiu de 6.000 euros a la Fundaci\u00f3 Renal Jaume Arn\u00f3, per col\u00b7laborar en un projecte de detecci\u00f3 i prevenci\u00f3 de necessitats psicol\u00f2giques i socials en pacients amb malaltia renal cr\u00f2nica. La signatura del conveni ha anat a c\u00e0rrec del president de la Fundaci\u00f3 Renal Jaume Arn\u00f3, Jaume Arn\u00f3, i el Director de Banca d&#8217;Institucions de CaixaBank a Lleida, Geremi Cami. <\/p>\n<p>&nbsp;<\/p>\n<h4>PROJECTE SUMEM<\/h4>\n<p>Detecci\u00f3 i prevenci\u00f3 de necessitats psicol\u00f2giques i socials en pacients amb malaltia renal cr\u00f2nica.<br \/>\nLa insufici\u00e8ncia renal \u00e9s una malaltia que genera un ampli ventall de situacions estressants que ocasionen trastorns tant f\u00edsics com psicosocials. La p\u00e8rdua de salut provoca un gran impacte emocional que pot interferir en les activitats normals de la vida quotidiana, i es detecten alteracions significatives en la qualitat de vida, tant dels pacients com dels seus familiars m\u00e9s directes.<br \/>\nEls objectius d&#8217;aquest projecte s\u00f3n: detectar necessitats psicosocials, avaluar les necessitats detectades i treballar casos de forma individual i\/o grupal <\/p>\n<blockquote><p>Aquest projecte est\u00e0 plantejat per construir eines de treball que, a partir de la informaci\u00f3 sobre les necessitats de pacients en l&#8217;\u00e0mbit psicosocial, ofereix suport emocional i social i es treballen els casos des del servei de psicologia i treball social de la Fundaci\u00f3 Renal Jaume Arn\u00f3.<\/p><\/blockquote>\n<p>Segons dades de la Societat Espanyola de Nefrologia, al voltant de 52.000 persones pateixen malaltia renal cr\u00f2nica i d&#8217;aquestes m\u00e9s de la meitat viuen amb un rony\u00f3 trasplantat i la resta est\u00e0 en tractament de di\u00e0lisi. A m\u00e9s, cada any es diagnostiquen m\u00e9s de 5.000 casos. <\/p>\n<p><a href=\"https:\/\/fjarno.org\/wp-content\/uploads\/2016\/03\/SUMEM-informe-complet.pdf\">Veure Estudi <img loading=\"lazy\" decoding=\"async\" class=\"wp-image-4357 alignnone\" src=\"https:\/\/fjarno.org\/wp-content\/uploads\/2016\/03\/icono-pdf.png\" alt=\"icona-pdf\" width=\"25\" height=\"24\" srcset=\"https:\/\/fjarno.org\/wp-content\/uploads\/2016\/03\/icono-pdf.png 338w, https:\/\/fjarno.org\/wp-content\/uploads\/2016\/03\/icono-pdf-300x296.png 300w, https:\/\/fjarno.org\/wp-content\/uploads\/2016\/03\/icono-pdf-100x100.png 100w, https:\/\/fjarno.org\/wp-content\/uploads\/2016\/03\/icono-pdf-150x150.png 150w\" sizes=\"auto, (max-width: 25px) 100vw, 25px\" \/><\/a><\/p>\n<p><img loading=\"lazy\" decoding=\"async\" class=\"alignnone size-full wp-image-4332\" src=\"https:\/\/fjarno.org\/wp-content\/uploads\/2016\/03\/10-1.png\" alt=\"10\" width=\"1920\" height=\"1080\" srcset=\"https:\/\/fjarno.org\/wp-content\/uploads\/2016\/03\/10-1.png 1920w, https:\/\/fjarno.org\/wp-content\/uploads\/2016\/03\/10-1-600x338.png 600w, https:\/\/fjarno.org\/wp-content\/uploads\/2016\/03\/10-1-300x169.png 300w, https:\/\/fjarno.org\/wp-content\/uploads\/2016\/03\/10-1-1024x576.png 1024w, https:\/\/fjarno.org\/wp-content\/uploads\/2016\/03\/10-1-768x432.png 768w, https:\/\/fjarno.org\/wp-content\/uploads\/2016\/03\/10-1-1536x864.png 1536w, https:\/\/fjarno.org\/wp-content\/uploads\/2016\/03\/10-1-800x450.png 800w\" sizes=\"auto, (max-width: 1920px) 100vw, 1920px\" \/><\/p>\n<p>&nbsp;<\/p>\n<p>&nbsp;<\/p>\n<h4> [qodef_button size=\u201d\u201d type=\u201d\u201d text=\u201dVoleu col\u00b7laborar?\u201d custom_class=\u201d\u201d icon_pack=\u201dfont_awesome\u201d fa_icon=\u201d\u201d link=\u201dhttps:\/\/fjarno.org\/es\/hazte-amigo\/\u201d target=\u201d_self\u201d color=\u201d\u201d hover_color=\u201d\u201d background_color=\u201d\u201d hover_background_color=\u201d\u201d border_color=\u201d\u201d hover_border_color=\u201d\u201d font_size=\u201d\u201d font_weight=\u201d\u201d margin=\u201d\u201d]<\/h4>\n<p>&nbsp;<\/p>\n<p>&nbsp;<\/p>\n","protected":false},"excerpt":{"rendered":"<p>L&#8217;Obra social \u201cLa Caixa\u201d col\u00b7labora amb el projecte SUMEM L&#8217;Obra Social \u201cla Caixa\u201d reafirma el seu comprom\u00eds a Alfarr\u00e0s, amb un donatiu de 6.000 euros a la Fundaci\u00f3 Renal Jaume Arn\u00f3, per col\u00b7laborar en un projecte de detecci\u00f3 i prevenci\u00f3 de necessitats psicol\u00f2giques i socials en pacients amb malaltia renal cr\u00f2nica. La signatura del conveni [&hellip;]<\/p>\n","protected":false},"author":1,"featured_media":7339,"comment_status":"open","ping_status":"open","sticky":false,"template":"","format":"standard","meta":{"footnotes":""},"categories":[110,118],"tags":[],"class_list":["post-7338","post","type-post","status-publish","format-standard","has-post-thumbnail","hentry","category-blog","category-noticies-banner","entry","has-media","owp-thumbs-layout-horizontal","owp-btn-normal","owp-tabs-layout-horizontal","has-no-thumbnails","has-product-nav"],"_links":{"self":[{"href":"https:\/\/fjarno.org\/ca\/wp-json\/wp\/v2\/posts\/7338","targetHints":{"allow":["GET"]}}],"collection":[{"href":"https:\/\/fjarno.org\/ca\/wp-json\/wp\/v2\/posts"}],"about":[{"href":"https:\/\/fjarno.org\/ca\/wp-json\/wp\/v2\/types\/post"}],"author":[{"embeddable":true,"href":"https:\/\/fjarno.org\/ca\/wp-json\/wp\/v2\/users\/1"}],"replies":[{"embeddable":true,"href":"https:\/\/fjarno.org\/ca\/wp-json\/wp\/v2\/comments?post=7338"}],"version-history":[{"count":0,"href":"https:\/\/fjarno.org\/ca\/wp-json\/wp\/v2\/posts\/7338\/revisions"}],"wp:featuredmedia":[{"embeddable":true,"href":"https:\/\/fjarno.org\/ca\/wp-json\/wp\/v2\/media\/7339"}],"wp:attachment":[{"href":"https:\/\/fjarno.org\/ca\/wp-json\/wp\/v2\/media?parent=7338"}],"wp:term":[{"taxonomy":"category","embeddable":true,"href":"https:\/\/fjarno.org\/ca\/wp-json\/wp\/v2\/categories?post=7338"},{"taxonomy":"post_tag","embeddable":true,"href":"https:\/\/fjarno.org\/ca\/wp-json\/wp\/v2\/tags?post=7338"}],"curies":[{"name":"wp","href":"https:\/\/api.w.org\/{rel}","templated":true}]}}