{"id":7335,"date":"2016-03-30T08:25:42","date_gmt":"2016-03-30T08:25:42","guid":{"rendered":"https:\/\/fjarno.org\/concert-benefic\/"},"modified":"2016-03-30T08:25:42","modified_gmt":"2016-03-30T08:25:42","slug":"concert-benefic","status":"publish","type":"post","link":"https:\/\/fjarno.org\/ca\/concert-benefic\/","title":{"rendered":"CONCERT BEN\u00c8FIC"},"content":{"rendered":"<h4 id=\"tw-target-text\" class=\"tw-data-text vk_txt tw-ta tw-text-small\" dir=\"ltr\" data-placeholder=\"Traducci\u00f3n\"><span lang=\"es\">Avui per mi, dem\u00e0 per tu!<\/span><\/h4>\n<h4 class=\"tw-data-text vk_txt tw-ta tw-text-small\" dir=\"ltr\" data-placeholder=\"Traducci\u00f3n\"><span lang=\"es\">Concert Ben\u00e8fic Lleida per la Donaci\u00f3.<\/span><\/h4>\n<p class=\"tw-data-text vk_txt tw-ta tw-text-small\" dir=\"ltr\" data-placeholder=\"Traducci\u00f3n\"><span lang=\"es\">Veniu amb la fam\u00edlia el Diumenge 24 d&#8217;ABRIL \u2013 19.00 h. Auditori Municipal Enric Granados. <\/span><\/p>\n<p class=\"tw-data-text vk_txt tw-ta tw-text-small\" dir=\"ltr\" data-placeholder=\"Traducci\u00f3n\">Aquest concert forma part del projecte Lleida per la Donaci\u00f3 de la Fundaci\u00f3 Renal Jaume Arn\u00f3, l&#8217;objectiu del qual \u00e9s conscienciar i sensibilitzar la poblaci\u00f3 sobre la import\u00e0ncia social de la donaci\u00f3 d&#8217;\u00f2rgans.<\/p>\n<p class=\"tw-data-text vk_txt tw-ta tw-text-small\" dir=\"ltr\" data-placeholder=\"Traducci\u00f3n\">Donem junts la benvinguda a la primavera amb la m\u00fasica de l&#8217;Orquestra Juli\u00e0 Carbonell col\u00b7laborant aix\u00ed amb <em>Lleida per la Donaci\u00f3<\/em>.<\/p>\n<p class=\"tw-data-text vk_txt tw-ta tw-text-small\" dir=\"ltr\" data-placeholder=\"Traducci\u00f3n\">Podeu comprar la vostra entrada a l&#8217;Auditori Municipal Enric Granados (de Dilluns a Divendres, de 17.30 a 20.30 i 2 hores abans el mateix dia del concert).<\/p>\n<p class=\"tw-data-text vk_txt tw-ta tw-text-small\" dir=\"ltr\" data-placeholder=\"Traducci\u00f3n\"><span lang=\"es\">A la Fundaci\u00f3 Renal Jaume Arn\u00f3 (C\/ Enric Granados, 3 1r, Lleida 973241041, de Dilluns a Divendres, de 9.30 a 13.30).<\/span><\/p>\n<p class=\"tw-data-text vk_txt tw-ta tw-text-small\" dir=\"ltr\" data-placeholder=\"Traducci\u00f3n\"><span lang=\"es\">I per Internet a www.auditorienricgranados.cat <\/span><\/p>\n<p class=\"tw-data-text vk_txt tw-ta tw-text-small\" dir=\"ltr\" data-placeholder=\"Traducci\u00f3n\"><span lang=\"es\">Preu: 12 euros<\/span><\/p>\n<p class=\"tw-data-text vk_txt tw-ta tw-text-small\" dir=\"ltr\" data-placeholder=\"Traducci\u00f3n\"><a href=\"https:\/\/fjarno.org\/wp-content\/uploads\/2016\/02\/image002.jpg\" rel=\"attachment wp-att-1827\"><img loading=\"lazy\" decoding=\"async\" class=\"alignnone wp-image-1827\" src=\"https:\/\/fjarno.org\/wp-content\/uploads\/2016\/02\/image002.jpg\" alt=\"image002\" width=\"557\" height=\"536\" srcset=\"https:\/\/fjarno.org\/wp-content\/uploads\/2016\/02\/image002.jpg 927w, https:\/\/fjarno.org\/wp-content\/uploads\/2016\/02\/image002-600x577.jpg 600w, https:\/\/fjarno.org\/wp-content\/uploads\/2016\/02\/image002-300x289.jpg 300w, https:\/\/fjarno.org\/wp-content\/uploads\/2016\/02\/image002-768x739.jpg 768w\" sizes=\"auto, (max-width: 557px) 100vw, 557px\" \/><\/a><\/p>\n<p>&nbsp;<\/p>\n<h4>Avui per mi, dem\u00e0 per a tu!<\/h4>\n<h4>Concert Ben\u00e8fic Lleida per la Donaci\u00f3.<\/h4>\n<p>Vine amb la fam\u00edlia el Diumenge 24 d&#8217;ABRIL \u2013 19.00 h.<\/p>\n<p>Auditori Municipal Enric Granados.<\/p>\n<p>Aquest concert forma part del projecte Lleida per la Donaci\u00f3 de la Fundaci\u00f3 Renal Jaume Arn\u00f3, llur objectiu \u00e9s concienciar i sensibilitzar la poblaci\u00f3 sobre la import\u00e0ncia social de la donaci\u00f3 d&#8217;\u00f2rgans.<\/p>\n<p>Donem plegats la benvinguda a la primavera amb la m\u00fasica de l&#8217;Orquestra Juli\u00e0 Carbonell, i col\u00b7laborem amb Lleida per la Donaci\u00f3.<\/p>\n<p>&nbsp;<\/p>\n<p>Pots comprar la teva entrada a l&#8217;Auditori Municipal Enric Granados (de Dilluns a Divendres, de 17.30 a 20.30h i 2 hores abans el mateix dia del concert).<\/p>\n<p>A la Fundaci\u00f3 Renal Jaume Arn\u00f3 (C\/ Enric Granados, 3 1r, Lleida 973 241 041, de Dilluns a Divendres, de 9.30 a 13.30).<\/p>\n<p>I per Internet a <a href=\"http:\/\/www.auditorienricgranados.cat\">www.auditorienricgranados.cat<\/a><\/p>\n<p>Preu: 12 euros<\/p>\n<p><a href=\"https:\/\/fjarno.org\/wp-content\/uploads\/2016\/02\/image002.jpg\" rel=\"attachment wp-att-1827\"><img loading=\"lazy\" decoding=\"async\" class=\"alignnone wp-image-1827\" src=\"https:\/\/fjarno.org\/wp-content\/uploads\/2016\/02\/image002-300x289.jpg\" alt=\"image002\" width=\"573\" height=\"552\" srcset=\"https:\/\/fjarno.org\/wp-content\/uploads\/2016\/02\/image002-300x289.jpg 300w, https:\/\/fjarno.org\/wp-content\/uploads\/2016\/02\/image002-600x577.jpg 600w, https:\/\/fjarno.org\/wp-content\/uploads\/2016\/02\/image002-768x739.jpg 768w, https:\/\/fjarno.org\/wp-content\/uploads\/2016\/02\/image002.jpg 927w\" sizes=\"auto, (max-width: 573px) 100vw, 573px\" \/><\/a><\/p>\n<p>&nbsp;<\/p>\n<h4><span style=\"color: #3366ff;\"> <\/span><\/h4>\n<p>&nbsp;<\/p>\n<p>&nbsp;<\/p>\n","protected":false},"excerpt":{"rendered":"<p>Avui per mi, dem\u00e0 per tu! Concert Ben\u00e8fic Lleida per la Donaci\u00f3. Veniu amb la fam\u00edlia el Diumenge 24 d&#8217;ABRIL \u2013 19.00 h. Auditori Municipal Enric Granados. Aquest concert forma part del projecte Lleida per la Donaci\u00f3 de la Fundaci\u00f3 Renal Jaume Arn\u00f3, l&#8217;objectiu del qual \u00e9s conscienciar i sensibilitzar la poblaci\u00f3 sobre la import\u00e0ncia [&hellip;]<\/p>\n","protected":false},"author":1,"featured_media":7336,"comment_status":"open","ping_status":"open","sticky":false,"template":"","format":"standard","meta":{"footnotes":""},"categories":[110,118],"tags":[],"class_list":["post-7335","post","type-post","status-publish","format-standard","has-post-thumbnail","hentry","category-blog","category-noticies-banner","entry","has-media","owp-thumbs-layout-horizontal","owp-btn-normal","owp-tabs-layout-horizontal","has-no-thumbnails","has-product-nav"],"_links":{"self":[{"href":"https:\/\/fjarno.org\/ca\/wp-json\/wp\/v2\/posts\/7335","targetHints":{"allow":["GET"]}}],"collection":[{"href":"https:\/\/fjarno.org\/ca\/wp-json\/wp\/v2\/posts"}],"about":[{"href":"https:\/\/fjarno.org\/ca\/wp-json\/wp\/v2\/types\/post"}],"author":[{"embeddable":true,"href":"https:\/\/fjarno.org\/ca\/wp-json\/wp\/v2\/users\/1"}],"replies":[{"embeddable":true,"href":"https:\/\/fjarno.org\/ca\/wp-json\/wp\/v2\/comments?post=7335"}],"version-history":[{"count":0,"href":"https:\/\/fjarno.org\/ca\/wp-json\/wp\/v2\/posts\/7335\/revisions"}],"wp:featuredmedia":[{"embeddable":true,"href":"https:\/\/fjarno.org\/ca\/wp-json\/wp\/v2\/media\/7336"}],"wp:attachment":[{"href":"https:\/\/fjarno.org\/ca\/wp-json\/wp\/v2\/media?parent=7335"}],"wp:term":[{"taxonomy":"category","embeddable":true,"href":"https:\/\/fjarno.org\/ca\/wp-json\/wp\/v2\/categories?post=7335"},{"taxonomy":"post_tag","embeddable":true,"href":"https:\/\/fjarno.org\/ca\/wp-json\/wp\/v2\/tags?post=7335"}],"curies":[{"name":"wp","href":"https:\/\/api.w.org\/{rel}","templated":true}]}}