{"id":7331,"date":"2016-01-10T09:55:29","date_gmt":"2016-01-10T09:55:29","guid":{"rendered":"https:\/\/fjarno.org\/perque-la-teva-salut-sigui-mes-accessible\/"},"modified":"2016-01-10T09:55:29","modified_gmt":"2016-01-10T09:55:29","slug":"perque-la-teva-salut-sigui-mes-accessible","status":"publish","type":"post","link":"https:\/\/fjarno.org\/ca\/perque-la-teva-salut-sigui-mes-accessible\/","title":{"rendered":"Perqu\u00e8 la teva SALUT sigui m\u00e9s ACCESSIBLE"},"content":{"rendered":"<p>Projecte realitzat amb la col\u00b7laboraci\u00f3 de<\/p>\n<p><img loading=\"lazy\" decoding=\"async\" class=\"alignnone size-full wp-image-3970\" src=\"https:\/\/fjarno.org\/wp-content\/uploads\/2016\/01\/diputacio-lleida-orig-e1495105506380.png\" alt=\"diputacio-lleida-orig\" width=\"150\" height=\"148\" srcset=\"https:\/\/fjarno.org\/wp-content\/uploads\/2016\/01\/diputacio-lleida-orig-e1495105506380.png 150w, https:\/\/fjarno.org\/wp-content\/uploads\/2016\/01\/diputacio-lleida-orig-e1495105506380-100x100.png 100w\" sizes=\"auto, (max-width: 150px) 100vw, 150px\" \/><\/p>\n<p><strong>Dades de l&#8217;Activitat del 2018<\/strong><\/p>\n<p><img loading=\"lazy\" decoding=\"async\" class=\"alignnone size-full wp-image-4570\" src=\"https:\/\/fjarno.org\/wp-content\/uploads\/2016\/01\/Salud-accesible-2018.png\" alt=\"Salut accessible 2018\" width=\"1920\" height=\"1080\" srcset=\"https:\/\/fjarno.org\/wp-content\/uploads\/2016\/01\/Salud-accesible-2018.png 1920w, https:\/\/fjarno.org\/wp-content\/uploads\/2016\/01\/Salud-accesible-2018-600x338.png 600w, https:\/\/fjarno.org\/wp-content\/uploads\/2016\/01\/Salud-accesible-2018-300x169.png 300w, https:\/\/fjarno.org\/wp-content\/uploads\/2016\/01\/Salud-accesible-2018-1024x576.png 1024w, https:\/\/fjarno.org\/wp-content\/uploads\/2016\/01\/Salud-accesible-2018-768x432.png 768w, https:\/\/fjarno.org\/wp-content\/uploads\/2016\/01\/Salud-accesible-2018-1536x864.png 1536w, https:\/\/fjarno.org\/wp-content\/uploads\/2016\/01\/Salud-accesible-2018-800x450.png 800w\" sizes=\"auto, (max-width: 1920px) 100vw, 1920px\" \/><\/p>\n<p><strong>Dades de l&#8217;activitat del 2017<\/strong><\/p>\n<p><img loading=\"lazy\" decoding=\"async\" class=\"alignnone size-full wp-image-4316\" src=\"https:\/\/fjarno.org\/wp-content\/uploads\/2016\/01\/Salud-Acc.2017.png\" alt=\"Salut Acc.2017\" width=\"1920\" height=\"1080\" srcset=\"https:\/\/fjarno.org\/wp-content\/uploads\/2016\/01\/Salud-Acc.2017.png 1920w, https:\/\/fjarno.org\/wp-content\/uploads\/2016\/01\/Salud-Acc.2017-600x338.png 600w, https:\/\/fjarno.org\/wp-content\/uploads\/2016\/01\/Salud-Acc.2017-300x169.png 300w, https:\/\/fjarno.org\/wp-content\/uploads\/2016\/01\/Salud-Acc.2017-1024x576.png 1024w, https:\/\/fjarno.org\/wp-content\/uploads\/2016\/01\/Salud-Acc.2017-768x432.png 768w, https:\/\/fjarno.org\/wp-content\/uploads\/2016\/01\/Salud-Acc.2017-1536x864.png 1536w, https:\/\/fjarno.org\/wp-content\/uploads\/2016\/01\/Salud-Acc.2017-800x450.png 800w\" sizes=\"auto, (max-width: 1920px) 100vw, 1920px\" \/><\/p>\n<h5>Dades de l&#8217;Activitat del 2016<\/h5>\n<p><img loading=\"lazy\" decoding=\"async\" class=\"alignnone size-full wp-image-4315\" src=\"https:\/\/fjarno.org\/wp-content\/uploads\/2016\/01\/Salud-Acc.2016.png\" alt=\"Salut Acc.2016\" width=\"1920\" height=\"1080\" srcset=\"https:\/\/fjarno.org\/wp-content\/uploads\/2016\/01\/Salud-Acc.2016.png 1920w, https:\/\/fjarno.org\/wp-content\/uploads\/2016\/01\/Salud-Acc.2016-600x338.png 600w, https:\/\/fjarno.org\/wp-content\/uploads\/2016\/01\/Salud-Acc.2016-300x169.png 300w, https:\/\/fjarno.org\/wp-content\/uploads\/2016\/01\/Salud-Acc.2016-1024x576.png 1024w, https:\/\/fjarno.org\/wp-content\/uploads\/2016\/01\/Salud-Acc.2016-768x432.png 768w, https:\/\/fjarno.org\/wp-content\/uploads\/2016\/01\/Salud-Acc.2016-1536x864.png 1536w, https:\/\/fjarno.org\/wp-content\/uploads\/2016\/01\/Salud-Acc.2016-800x450.png 800w\" sizes=\"auto, (max-width: 1920px) 100vw, 1920px\" \/><\/p>\n<h5><\/h5>\n<h4>Resultats del 2015<\/h4>\n<p>Des de l&#8217;inici d&#8217;aquest projecte, 20 persones s&#8217;han beneficiat de rebre medicaments sense cost. A continuaci\u00f3, publiquem els resultats.<br \/>\n<span style=\"color: #3366ff;\"><a style=\"color: #3366ff;\" href=\"https:\/\/fjarno.org\/espanol-para-que-tu-salud-sea-mas-accesible\/memoria-salutaccessible-2015-2\/\">Mem\u00f2ria 2015<\/a> <a href=\"https:\/\/fjarno.org\/wp-content\/uploads\/2013\/06\/pdf.png\"><img loading=\"lazy\" decoding=\"async\" class=\"alignnone size-full wp-image-1663\" src=\"https:\/\/fjarno.org\/wp-content\/uploads\/2013\/06\/pdf.png\" alt=\"pdf\" width=\"32\" height=\"32\"><\/a><\/span><\/p>\n<h4>Un projecte per als m\u00e9s desafavorits<\/h4>\n<p>La Fundaci\u00f3 Renal Jaume Arn\u00f3, en col\u00b7laboraci\u00f3 amb l&#8217;Institut Catal\u00e0 de la Salut, ha posat en marxa el projecte Salut Accessible, que ajuda la poblaci\u00f3 m\u00e9s vulnerable (persones amb problemes de salut i abs\u00e8ncia de recursos).<br \/>\nSalut Accessible \u00e9s un projecte de reducci\u00f3 de danys i riscos que sovint sobrevenen com a resultat de no atendre b\u00e9 el tractament recomanat pel professional de la salut de refer\u00e8ncia.<br \/>\nEn molts casos, el dany a la salut \u00e9s provocat per la manca de recursos que pateixen alguns usuaris, en no poder accedir a comprar les medicines i\/o altres complements necessaris per seguir el tractament recomanat.<\/p>\n<blockquote><p>L&#8217;objectiu del projecte \u00e9s auxiliar la poblaci\u00f3 m\u00e9s vulnerable i en risc d&#8217;exclusi\u00f3 social: persones amb malaltia i situaci\u00f3 de pobresa.<\/p><\/blockquote>\n<p>Est\u00e0 dirigit especialment a persones amb malaltia renal cr\u00f2nica o altres patologies associades, que un cop valorades pels serveis d&#8217;Atenci\u00f3 Sociosanit\u00e0ria de l&#8217;Institut Catal\u00e0 de la Salut (ICS), sigui d&#8217;atenci\u00f3 prim\u00e0ria o hospital\u00e0ria a la prov\u00edncia de Lleida, es detecti una situaci\u00f3 de vulnerabilitat per no disposar de cap ajuda per fer front a les despeses derivades del tractament sanitari que han de rebre i altres necessitats i, per aquest motiu, siguin derivades al Servei Integral d&#8217;Atenci\u00f3 Social de la Fundaci\u00f3 Renal Jaume Arn\u00f3, des d&#8217;on es coordinar\u00e0 l&#8217;ajuda.<\/p>\n<p>Es tracta, doncs, d&#8217;un projecte Social i Assistencial en l\u00ednia amb el Pla Interdepartamental d&#8217;interacci\u00f3 dels serveis sanitaris i socials aprovat pel Govern de la Generalitat, que refor\u00e7ar\u00e0 l&#8217;acci\u00f3 conjunta dels Serveis d&#8217;Atenci\u00f3 Social de l&#8217;ICS i del Servei Integral d&#8217;Atenci\u00f3 Social de la Fundaci\u00f3 Renal Jaume Arn\u00f3 per millorar l&#8217;atenci\u00f3 sanit\u00e0ria i sociosanit\u00e0ria als ciutadans i frenar-ne el deteriorament, garantint l&#8217;efici\u00e8ncia dels recursos centralitzats des de la seu de la Fundaci\u00f3 Renal Jaume Arn\u00f3 a trav\u00e9s de la treballadora social.<\/p>\n<h5><\/h5>\n<p>[qodef_button size=\u201d\u201d type=\u201d\u201d text=\u201dVols col\u00b7laborar?\u201d custom_class=\u201d\u201d icon_pack=\u201dfont_awesome\u201d fa_icon=\u201d\u201d link=\u201dhttps:\/\/fjarno.org\/es\/hazte-amigo\/\u201d target=\u201d_self\u201d color=\u201d\u201d hover_color=\u201d\u201d background_color=\u201d\u201d hover_background_color=\u201d\u201d border_color=\u201d\u201d hover_border_color=\u201d\u201d font_size=\u201d\u201d font_weight=\u201d\u201d margin=\u201d\u201d]<\/p>\n<p>  [:ca]Projecte realitzat amb la col\u00b7laboraci\u00f3 de<\/p>\n<p><img loading=\"lazy\" decoding=\"async\" class=\"alignnone size-full wp-image-3970\" src=\"https:\/\/fjarno.org\/wp-content\/uploads\/2016\/01\/diputacio-lleida-orig-e1495105506380.png\" alt=\"diputacio-lleida-orig\" width=\"150\" height=\"148\" srcset=\"https:\/\/fjarno.org\/wp-content\/uploads\/2016\/01\/diputacio-lleida-orig-e1495105506380.png 150w, https:\/\/fjarno.org\/wp-content\/uploads\/2016\/01\/diputacio-lleida-orig-e1495105506380-100x100.png 100w\" sizes=\"auto, (max-width: 150px) 100vw, 150px\" \/><\/p>\n<h5>Dades de l&#8217;activitat a 2020<\/h5>\n<p><img loading=\"lazy\" decoding=\"async\" class=\"alignnone wp-image-5248\" src=\"https:\/\/fjarno.org\/wp-content\/uploads\/2016\/01\/infografia-salut-accessible-2020_pages-to-jpg-0001-scaled.jpg\" alt=\"\" width=\"593\" height=\"1483\"><\/p>\n<h5>Dades de l&#8217;Activitat a 2019<\/h5>\n<p><img loading=\"lazy\" decoding=\"async\" class=\"alignnone wp-image-5247\" src=\"https:\/\/fjarno.org\/wp-content\/uploads\/2016\/01\/Salut-Acc.-2019.png\" alt=\"\" width=\"821\" height=\"541\" srcset=\"https:\/\/fjarno.org\/wp-content\/uploads\/2016\/01\/Salut-Acc.-2019.png 1045w, https:\/\/fjarno.org\/wp-content\/uploads\/2016\/01\/Salut-Acc.-2019-600x396.png 600w, https:\/\/fjarno.org\/wp-content\/uploads\/2016\/01\/Salut-Acc.-2019-300x198.png 300w, https:\/\/fjarno.org\/wp-content\/uploads\/2016\/01\/Salut-Acc.-2019-1024x675.png 1024w, https:\/\/fjarno.org\/wp-content\/uploads\/2016\/01\/Salut-Acc.-2019-768x506.png 768w\" sizes=\"auto, (max-width: 821px) 100vw, 821px\" \/><\/p>\n<h5><\/h5>\n<h5>Dades de l&#8217;Activitat a 2018<\/h5>\n<p><img loading=\"lazy\" decoding=\"async\" class=\"alignnone size-full wp-image-4568\" src=\"https:\/\/fjarno.org\/wp-content\/uploads\/2016\/01\/Salut-Accessible-2018.png\" alt=\"Salut Accessible 2018\" width=\"1920\" height=\"1080\" srcset=\"https:\/\/fjarno.org\/wp-content\/uploads\/2016\/01\/Salut-Accessible-2018.png 1920w, https:\/\/fjarno.org\/wp-content\/uploads\/2016\/01\/Salut-Accessible-2018-600x338.png 600w, https:\/\/fjarno.org\/wp-content\/uploads\/2016\/01\/Salut-Accessible-2018-300x169.png 300w, https:\/\/fjarno.org\/wp-content\/uploads\/2016\/01\/Salut-Accessible-2018-1024x576.png 1024w, https:\/\/fjarno.org\/wp-content\/uploads\/2016\/01\/Salut-Accessible-2018-768x432.png 768w, https:\/\/fjarno.org\/wp-content\/uploads\/2016\/01\/Salut-Accessible-2018-1536x864.png 1536w, https:\/\/fjarno.org\/wp-content\/uploads\/2016\/01\/Salut-Accessible-2018-800x450.png 800w\" sizes=\"auto, (max-width: 1920px) 100vw, 1920px\" \/><\/p>\n<h5>Dades de l&#8217;Activitat a 2017<\/h5>\n<p><img loading=\"lazy\" decoding=\"async\" class=\"alignnone size-full wp-image-4319\" src=\"https:\/\/fjarno.org\/wp-content\/uploads\/2016\/01\/Salut.-Acc2017.png\" alt=\"Salut. Acc2017\" width=\"1920\" height=\"1080\" srcset=\"https:\/\/fjarno.org\/wp-content\/uploads\/2016\/01\/Salut.-Acc2017.png 1920w, https:\/\/fjarno.org\/wp-content\/uploads\/2016\/01\/Salut.-Acc2017-600x338.png 600w, https:\/\/fjarno.org\/wp-content\/uploads\/2016\/01\/Salut.-Acc2017-300x169.png 300w, https:\/\/fjarno.org\/wp-content\/uploads\/2016\/01\/Salut.-Acc2017-1024x576.png 1024w, https:\/\/fjarno.org\/wp-content\/uploads\/2016\/01\/Salut.-Acc2017-768x432.png 768w, https:\/\/fjarno.org\/wp-content\/uploads\/2016\/01\/Salut.-Acc2017-1536x864.png 1536w, https:\/\/fjarno.org\/wp-content\/uploads\/2016\/01\/Salut.-Acc2017-800x450.png 800w\" sizes=\"auto, (max-width: 1920px) 100vw, 1920px\" \/><\/p>\n<h5>Dades de l&#8217;activitat a 2016<\/h5>\n<p><img loading=\"lazy\" decoding=\"async\" class=\"alignnone size-full wp-image-4318\" src=\"https:\/\/fjarno.org\/wp-content\/uploads\/2016\/01\/Salut-Acc.2016.png\" alt=\"Salut Acc.2016\" width=\"1920\" height=\"1080\" srcset=\"https:\/\/fjarno.org\/wp-content\/uploads\/2016\/01\/Salut-Acc.2016.png 1920w, https:\/\/fjarno.org\/wp-content\/uploads\/2016\/01\/Salut-Acc.2016-600x338.png 600w, https:\/\/fjarno.org\/wp-content\/uploads\/2016\/01\/Salut-Acc.2016-300x169.png 300w, https:\/\/fjarno.org\/wp-content\/uploads\/2016\/01\/Salut-Acc.2016-1024x576.png 1024w, https:\/\/fjarno.org\/wp-content\/uploads\/2016\/01\/Salut-Acc.2016-768x432.png 768w, https:\/\/fjarno.org\/wp-content\/uploads\/2016\/01\/Salut-Acc.2016-1536x864.png 1536w, https:\/\/fjarno.org\/wp-content\/uploads\/2016\/01\/Salut-Acc.2016-800x450.png 800w\" sizes=\"auto, (max-width: 1920px) 100vw, 1920px\" \/><\/p>\n<h4>Resultats de 2015<\/h4>\n<p>Des de l&#8217;inici d&#8217;aquest projecte, 20 persones s&#8217;han pogut beneficiar de rebre els medicaments sense cost. A continuaci\u00f3 publiquem els resultats.<br \/>\n<span style=\"color: #3366ff;\"><a style=\"color: #3366ff;\" href=\"https:\/\/fjarno.org\/espanol-para-que-tu-salud-sea-mas-accesible\/memoria-salutaccessible-2015-2\/\">Mem\u00f2ria 2015<\/a> <a href=\"https:\/\/fjarno.org\/wp-content\/uploads\/2013\/06\/pdf.png\"><img loading=\"lazy\" decoding=\"async\" class=\"alignnone size-full wp-image-1663\" src=\"https:\/\/fjarno.org\/wp-content\/uploads\/2013\/06\/pdf.png\" alt=\"pdf\" width=\"32\" height=\"32\"><\/a><\/span><\/p>\n<h4>Un projecte pels m\u00e9s desafavorits<\/h4>\n<p>La Fundaci\u00f3 Renal Jaume Arn\u00f3 en col\u00b7laboraci\u00f3 amb l\u2019 Institut Catal\u00e0 de la Salut ha posat en marxa el projecte Salut Accessible que d\u00f3na suport a la poblaci\u00f3 m\u00e9s vulnerable (persones amb problemes de salut i abs\u00e8ncia de recursos).<br \/>\nSalut Accessible \u00e9s un projecte de reducci\u00f3 de danys i riscos que sovint sobrevenen com a resultat de no atendre be el tractament recomanat pel professional de la salut de refer\u00e8ncia.<br \/>\nEn molts casos el dany a la salut \u00e9s provocat per la manca de recursos que pateixen alguns usuaris, al no poder accedir a comprar les medicines i\/o altres complements necessaris per seguir el tractament recomanat.<\/p>\n<blockquote><p>L\u2019objectiu del projecte \u00e9s donar suport a la poblaci\u00f3 m\u00e9s vulnerable i en risc d\u2019exclusi\u00f3 social: persones amb malaltia i situaci\u00f3 de pobresa.<\/p><\/blockquote>\n<p>Est\u00e0 dirigit especialment a persones amb malaltia renal cr\u00f2nica o altres patologies associades, que un cop valorades pels serveis d\u2019Atenci\u00f3 Sociosanit\u00e0ria de l\u2019Institut Catal\u00e0 de la Salut (ICS), sigui d\u2019atenci\u00f3 prim\u00e0ria u hospital\u00e0ria a la prov\u00edncia de Lleida, es detecti una situaci\u00f3 de vulnerabilitat per no disposar de cap ajuda per fer front a les despeses derivades del tractament sanitari que han de rebre i altres necessitats i, per aquest motiu, siguin derivades al Servei Integral d\u2019Atenci\u00f3 Social de la Fundaci\u00f3 Renal Jaume Arn\u00f3, des de on es coordinar\u00e0 l\u2019ajut.<\/p>\n<p>Es tracta, doncs, d\u2019un projecte Social i Assistencial en l\u00ednea amb el Pla Interdepartamental d\u2019interacci\u00f3 dels serveis sanitaris i socials aprovat pel Govern de la Generalitat, que refor\u00e7ar\u00e0 l\u2019acci\u00f3 conjunta dels Serveis d\u2019Atenci\u00f3 Social de l\u2019ICS i del Servei Integral d\u2019Atenci\u00f3 Social de la Fundaci\u00f3 Renal Jaume Arn\u00f3 per a millorar l\u2019atenci\u00f3 sanit\u00e0ria i sociosanit\u00e0ria als ciutadans i frenar el seu deteriorament, garantint l\u2019efici\u00e8ncia dels recursos centralitzats des de la seu de la Fundaci\u00f3n Renal Jaume Arn\u00f3 a trav\u00e9s de la treballadora social.<\/p>\n<h5><\/h5>\n<p>&nbsp;<\/p>\n<h5><\/h5>\n<p>[qodef_button size=\u201d\u201d type=\u201d\u201d text=\u201dVoleu col\u00b7laborar?\u201d custom_class=\u201d\u201d icon_pack=\u201dfont_awesome\u201d fa_icon=\u201d\u201d link=\u201dhttps:\/\/fjarno.org\/es\/hazte-amigo\/\u201d target=\u201d_self\u201d color=\u201d\u201d hover_color=\u201d\u201d background_color=\u201d\u201d hover_background_color=\u201d\u201d border_color=\u201d\u201d hover_border_color=\u201d\u201d font_size=\u201d\u201d font_weight=\u201d\u201d margin=\u201d\u201d]<\/p>\n","protected":false},"excerpt":{"rendered":"<p>Projecte realitzat amb la col\u00b7laboraci\u00f3 de Dades de l&#8217;Activitat del 2018 Dades de l&#8217;activitat del 2017 Dades de l&#8217;Activitat del 2016 Resultats del 2015 Des de l&#8217;inici d&#8217;aquest projecte, 20 persones s&#8217;han beneficiat de rebre medicaments sense cost. A continuaci\u00f3, publiquem els resultats. Mem\u00f2ria 2015 Un projecte per als m\u00e9s desafavorits La Fundaci\u00f3 Renal Jaume [&hellip;]<\/p>\n","protected":false},"author":1,"featured_media":7333,"comment_status":"open","ping_status":"open","sticky":false,"template":"","format":"standard","meta":{"footnotes":""},"categories":[110,118,16],"tags":[],"class_list":["post-7331","post","type-post","status-publish","format-standard","has-post-thumbnail","hentry","category-blog","category-noticies-banner","category-sin-categoria","entry","has-media","owp-thumbs-layout-horizontal","owp-btn-normal","owp-tabs-layout-horizontal","has-no-thumbnails","has-product-nav"],"_links":{"self":[{"href":"https:\/\/fjarno.org\/ca\/wp-json\/wp\/v2\/posts\/7331","targetHints":{"allow":["GET"]}}],"collection":[{"href":"https:\/\/fjarno.org\/ca\/wp-json\/wp\/v2\/posts"}],"about":[{"href":"https:\/\/fjarno.org\/ca\/wp-json\/wp\/v2\/types\/post"}],"author":[{"embeddable":true,"href":"https:\/\/fjarno.org\/ca\/wp-json\/wp\/v2\/users\/1"}],"replies":[{"embeddable":true,"href":"https:\/\/fjarno.org\/ca\/wp-json\/wp\/v2\/comments?post=7331"}],"version-history":[{"count":0,"href":"https:\/\/fjarno.org\/ca\/wp-json\/wp\/v2\/posts\/7331\/revisions"}],"wp:featuredmedia":[{"embeddable":true,"href":"https:\/\/fjarno.org\/ca\/wp-json\/wp\/v2\/media\/7333"}],"wp:attachment":[{"href":"https:\/\/fjarno.org\/ca\/wp-json\/wp\/v2\/media?parent=7331"}],"wp:term":[{"taxonomy":"category","embeddable":true,"href":"https:\/\/fjarno.org\/ca\/wp-json\/wp\/v2\/categories?post=7331"},{"taxonomy":"post_tag","embeddable":true,"href":"https:\/\/fjarno.org\/ca\/wp-json\/wp\/v2\/tags?post=7331"}],"curies":[{"name":"wp","href":"https:\/\/api.w.org\/{rel}","templated":true}]}}