{"id":7330,"date":"2014-05-23T09:29:19","date_gmt":"2014-05-23T09:29:19","guid":{"rendered":"https:\/\/fjarno.org\/dia-del-donantdia-del-donantdonor-day\/"},"modified":"2014-05-23T09:29:19","modified_gmt":"2014-05-23T09:29:19","slug":"dia-del-donantdia-del-donantdonor-day","status":"publish","type":"post","link":"https:\/\/fjarno.org\/ca\/dia-del-donantdia-del-donantdonor-day\/","title":{"rendered":"<!--:es-->Dia del Donant<!--:--><!--:ca-->Dia del Donant<!--:--><!--:en-->Donor Day<!--:-->"},"content":{"rendered":"<p><!--:es-->Fotografia presentada per Cesca Lacasa al I Concurs de Fotografia de la Fundaci\u00f3 Renal Jaume Arn\u00f3 2012 amb el lema \u201cLa donaci\u00f3 d&#8217;\u00f2rgans\u201d.<\/p>\n<p>La Fundaci\u00f3 Renal Jaume Arn\u00f3 commemora cada any el Dia del Donant. Aquest dia \u00e9s important per sensibilitzar la poblaci\u00f3 envers la donaci\u00f3 d&#8217;\u00f2rgans i teixits. La donaci\u00f3 \u00e9s un acte altruista pel qual una persona manifesta la voluntat que, a partir del moment de la seva mort, qualsevol part del seu cos que sigui apta per al trasplantament pugui ser utilitzada per ajudar altres persones.  <\/p>\n<p>A m\u00e9s de la donaci\u00f3 de cad\u00e0ver, es pot fer tamb\u00e9 donaci\u00f3 en vida, sempre que aquesta no suposi posar en perill la vida del donant.<\/p>\n<p>Per a m\u00e9s informaci\u00f3, truqueu al tel\u00e8fon 93 339 83 03<!--:--><!--:ca-->Fotografia presentada per Cesca Lacasa al I Concurs de Fotografia de la Fundaci\u00f3 Renal Jaume Arn\u00f3 2012 amb el lema \u201cLa donaci\u00f3 d&#8217;\u00f2rgans\u201d.<\/p>\n<p>La Fundaci\u00f3 Renal Jaume Arn\u00f3 commemora cada any el Dia del Donant. Aquest dia \u00e9s important per sensibilitzar la poblaci\u00f3 envers la donaci\u00f3 d&#8217;\u00f2rgans i teixits. La donaci\u00f3 \u00e9s un acte altruista pel qual una persona manifesta la voluntat que, a partir del moment de la seva mort, qualsevol part del seu cos que sigui apta per al trasplantament pugui ser utilitzada per ajudar altres persones.  <\/p>\n<p>A m\u00e9s de la donaci\u00f3 de cad\u00e0ver, es pot fer tamb\u00e9 donaci\u00f3 en vida, sempre que aquesta no suposi posar en perill la vida del donant.<\/p>\n<p>Per a m\u00e9s informaci\u00f3, truqueu al tel\u00e8fon 93 339 83 03<!--:--><!--:en-->Picture taken by Cesca Lacasa at the First photography competition of the Fundaci\u00f3n Renal Jaume Arn\u00f3 2012 with the slogan : \u201cOrgan Donation\u201d.<\/p>\n<p>On 4th June 2014, the Donor Day will be held. The Kidney Fundation Jaume Arn\u00f3 will be present, as every year, in an information table in the main entrance of University Hospital Arnau de Vilanova of Lleida. <\/p>\n<p>This day is important to raise awareness in relation to the donation of organs and tissues.<!--:--><\/p>\n","protected":false},"excerpt":{"rendered":"<p>Fotografia presentada per Cesca Lacasa al I Concurs de Fotografia de la Fundaci\u00f3 Renal Jaume Arn\u00f3 2012 amb el lema \u201cLa donaci\u00f3 d&#8217;\u00f2rgans\u201d. La Fundaci\u00f3 Renal Jaume Arn\u00f3 commemora cada any el Dia del Donant. Aquest dia \u00e9s important per sensibilitzar la poblaci\u00f3 envers la donaci\u00f3 d&#8217;\u00f2rgans i teixits. La donaci\u00f3 \u00e9s un acte altruista [&hellip;]<\/p>\n","protected":false},"author":1,"featured_media":7332,"comment_status":"open","ping_status":"open","sticky":false,"template":"","format":"standard","meta":{"footnotes":""},"categories":[118],"tags":[],"class_list":["post-7330","post","type-post","status-publish","format-standard","has-post-thumbnail","hentry","category-noticies-banner","entry","has-media","owp-thumbs-layout-horizontal","owp-btn-normal","owp-tabs-layout-horizontal","has-no-thumbnails","has-product-nav"],"_links":{"self":[{"href":"https:\/\/fjarno.org\/ca\/wp-json\/wp\/v2\/posts\/7330","targetHints":{"allow":["GET"]}}],"collection":[{"href":"https:\/\/fjarno.org\/ca\/wp-json\/wp\/v2\/posts"}],"about":[{"href":"https:\/\/fjarno.org\/ca\/wp-json\/wp\/v2\/types\/post"}],"author":[{"embeddable":true,"href":"https:\/\/fjarno.org\/ca\/wp-json\/wp\/v2\/users\/1"}],"replies":[{"embeddable":true,"href":"https:\/\/fjarno.org\/ca\/wp-json\/wp\/v2\/comments?post=7330"}],"version-history":[{"count":0,"href":"https:\/\/fjarno.org\/ca\/wp-json\/wp\/v2\/posts\/7330\/revisions"}],"wp:featuredmedia":[{"embeddable":true,"href":"https:\/\/fjarno.org\/ca\/wp-json\/wp\/v2\/media\/7332"}],"wp:attachment":[{"href":"https:\/\/fjarno.org\/ca\/wp-json\/wp\/v2\/media?parent=7330"}],"wp:term":[{"taxonomy":"category","embeddable":true,"href":"https:\/\/fjarno.org\/ca\/wp-json\/wp\/v2\/categories?post=7330"},{"taxonomy":"post_tag","embeddable":true,"href":"https:\/\/fjarno.org\/ca\/wp-json\/wp\/v2\/tags?post=7330"}],"curies":[{"name":"wp","href":"https:\/\/api.w.org\/{rel}","templated":true}]}}