{"id":7324,"date":"2014-11-27T08:47:48","date_gmt":"2014-11-27T08:47:48","guid":{"rendered":"https:\/\/fjarno.org\/fotografies-guanyadores-del-3r-concurs-de-la-fundacio-jaume-arnofotografies-guanyadores-del-3r-concurs-fundacio-jaume-arno\/"},"modified":"2014-11-27T08:47:48","modified_gmt":"2014-11-27T08:47:48","slug":"fotografies-guanyadores-del-3r-concurs-de-la-fundacio-jaume-arnofotografies-guanyadores-del-3r-concurs-fundacio-jaume-arno","status":"publish","type":"post","link":"https:\/\/fjarno.org\/ca\/fotografies-guanyadores-del-3r-concurs-de-la-fundacio-jaume-arnofotografies-guanyadores-del-3r-concurs-fundacio-jaume-arno\/","title":{"rendered":"<!--:es-->Fotografies guanyadores del 3r Concurs de la Fundaci\u00f3 Jaume Arn\u00f3<!--:--><!--:ca-->Fotografies guanyadores del 3r Concurs Fundaci\u00f3 Jaume Arn\u00f3<!--:-->"},"content":{"rendered":"<p><!--:es-->El passat dissabte dia 21 de novembre i coincidint amb la festa de la Solidaritat organitzada per la Fapac (Federaci\u00f3 d&#8217;ampes de pares i mares de Catalunya), es va fer el lliurament dels premis als guanyadors del 3r Concurs de Fotografia de la Fundaci\u00f3 Renal Jaume Arn\u00f3, que aquest any tenia com a tema <em>La Solidaritat.<\/em><\/p>\n<p><em>Felicitats als guanyadors!<\/em><\/p>\n<p><a href=\"https:\/\/fjarno.org\/wp-content\/uploads\/2014\/11\/Somriure-amb-tu-copia.jpg\"><img loading=\"lazy\" decoding=\"async\" alt=\"Somriure amb tu - c\u00f2pia\" src=\"https:\/\/fjarno.org\/wp-content\/uploads\/2014\/11\/Somriure-amb-tu-copia-300x200.jpg\" width=\"300\" height=\"200\"><\/a><\/p>\n<p>Primer premi <strong>Natalia Fern\u00e1ndez<\/strong><em> \u201cSomriure amb tu\u201d<\/em><\/p>\n<p>&nbsp;<\/p>\n<p><a href=\"https:\/\/fjarno.org\/wp-content\/uploads\/2014\/11\/Passeig-a-la-tardor-de-la-vida-I.jpg\"><img loading=\"lazy\" decoding=\"async\" alt=\"Passeig a la tardor de la vida I\" src=\"https:\/\/fjarno.org\/wp-content\/uploads\/2014\/11\/Passeig-a-la-tardor-de-la-vida-I-300x300.jpg\" width=\"300\" height=\"300\"><\/a><\/p>\n<p>Segon premi <strong>Sara Lladanosa<\/strong><em> \u201cPasseig per la tardor de la vida\u201d<\/em><\/p>\n<p>&nbsp;<\/p>\n<p><a href=\"https:\/\/fjarno.org\/wp-content\/uploads\/2014\/11\/La-necesidad-agudiza-el-ingenio.jpg\"><img loading=\"lazy\" decoding=\"async\" alt=\"La necessitat aguditza l'enginy\" src=\"https:\/\/fjarno.org\/wp-content\/uploads\/2014\/11\/La-necesidad-agudiza-el-ingenio-300x199.jpg\" width=\"300\" height=\"199\"><\/a><\/p>\n<p>Tercer premi <strong>Marta Gracia<\/strong><em> \u201cLa necessitat aguditza l&#8217;enginy\u201d<\/em><\/p>\n<p>&nbsp;<\/p>\n<p><a href=\"https:\/\/fjarno.org\/wp-content\/uploads\/2014\/11\/Petits_grans_gestos_2.jpg\"><img loading=\"lazy\" decoding=\"async\" alt=\"Petits_grans_gestos_2\" src=\"https:\/\/fjarno.org\/wp-content\/uploads\/2014\/11\/Petits_grans_gestos_2-180x300.jpg\" width=\"180\" height=\"300\"><\/a><\/p>\n<p>Quart premi<strong> Cesca Lacasa<\/strong><em> \u201cPetits grans gestos\u201d<\/em><\/p>\n<p>&nbsp;<\/p>\n<p><a href=\"https:\/\/fjarno.org\/wp-content\/uploads\/2014\/11\/Visita-al-enfermo.jpg\"><img loading=\"lazy\" decoding=\"async\" alt=\"Visita al malalt\" src=\"https:\/\/fjarno.org\/wp-content\/uploads\/2014\/11\/Visita-al-enfermo-300x224.jpg\" width=\"300\" height=\"224\"><\/a><\/p>\n<p>Sis\u00e8 premi <strong>Valle Pe\u00f1a<\/strong><em> \u201cVisita al malalt\u201d<\/em><!--:--><!--:ca-->El passat dissabte dia 21 de novembre i coincidint amb la festa de <strong><em>la Solidaritat<\/em><\/strong> organitzada per la Fapac (Federaci\u00f3 d&#8217;ampes de pares i mares de Catalunya), es va fer el lliurament dels premis als guanyadors del 3r Concurs de Fotografia de la Fundaci\u00f3 Renal Jaume Arn\u00f3, que aquest any portava per tema <em>La Solidaritat<\/em>.<\/p>\n<p>Felicitats a tots els guanyadors!<\/p>\n<p><a href=\"https:\/\/fjarno.org\/wp-content\/uploads\/2014\/11\/Somriure-amb-tu-copia.jpg\"><img loading=\"lazy\" decoding=\"async\" class=\"alignnone size-medium wp-image-1010\" alt=\"Somriure amb tu - c\u00f2pia\" src=\"https:\/\/fjarno.org\/wp-content\/uploads\/2014\/11\/Somriure-amb-tu-copia-300x200.jpg\" width=\"300\" height=\"200\"><\/a><\/p>\n<p>Primer premi <strong>Natalia Fern\u00e1ndez<\/strong><em>  <em>\u201cSomriure amb tu<\/em>\u201d <\/em> <\/p>\n<p><a href=\"https:\/\/fjarno.org\/wp-content\/uploads\/2014\/11\/Passeig-a-la-tardor-de-la-vida-I.jpg\"><img loading=\"lazy\" decoding=\"async\" class=\"alignnone size-medium wp-image-1004\" alt=\"Passeig a la tardor de la vida I\" src=\"https:\/\/fjarno.org\/wp-content\/uploads\/2014\/11\/Passeig-a-la-tardor-de-la-vida-I-300x300.jpg\" width=\"300\" height=\"300\" srcset=\"https:\/\/fjarno.org\/wp-content\/uploads\/2014\/11\/Passeig-a-la-tardor-de-la-vida-I-300x300.jpg 300w, https:\/\/fjarno.org\/wp-content\/uploads\/2014\/11\/Passeig-a-la-tardor-de-la-vida-I-100x100.jpg 100w, https:\/\/fjarno.org\/wp-content\/uploads\/2014\/11\/Passeig-a-la-tardor-de-la-vida-I-150x150.jpg 150w, https:\/\/fjarno.org\/wp-content\/uploads\/2014\/11\/Passeig-a-la-tardor-de-la-vida-I.jpg 336w\" sizes=\"auto, (max-width: 300px) 100vw, 300px\" \/><\/a><\/p>\n<p>Segon premi <strong>Sara Lladanosa<\/strong> <em> \u201c<em>Passeig per la tardor de la vida\u201d<\/em><br \/>\n<\/em><\/p>\n<p><a href=\"https:\/\/fjarno.org\/wp-content\/uploads\/2014\/11\/La-necesidad-agudiza-el-ingenio.jpg\"><img loading=\"lazy\" decoding=\"async\" class=\"alignnone size-medium wp-image-1005\" alt=\"La necessitat aguditza l'enginy\" src=\"https:\/\/fjarno.org\/wp-content\/uploads\/2014\/11\/La-necesidad-agudiza-el-ingenio-300x199.jpg\" width=\"300\" height=\"199\"><\/a><\/p>\n<p>Tercer premi <strong>Marta Gracia<\/strong><em> \u201c<em>La imaginaci\u00f3 aguditza l&#8217;enginy\u201d<\/em><br \/>\n<\/em><\/p>\n<p><a href=\"https:\/\/fjarno.org\/wp-content\/uploads\/2014\/11\/Petits_grans_gestos_2.jpg\"><img loading=\"lazy\" decoding=\"async\" class=\"alignnone size-medium wp-image-1006\" alt=\"Petits_grans_gestos_2\" src=\"https:\/\/fjarno.org\/wp-content\/uploads\/2014\/11\/Petits_grans_gestos_2-180x300.jpg\" width=\"180\" height=\"300\"><\/a><\/p>\n<p>Cinqu\u00e8 premi <strong> Cesca Lacasa<\/strong><em> \u201cPetits grans gestos\u201d<\/em><\/p>\n<p><a href=\"https:\/\/fjarno.org\/wp-content\/uploads\/2014\/11\/Visita-al-enfermo.jpg\"><img loading=\"lazy\" decoding=\"async\" class=\"alignnone size-medium wp-image-1007\" alt=\"Visita al malalt\" src=\"https:\/\/fjarno.org\/wp-content\/uploads\/2014\/11\/Visita-al-enfermo-300x224.jpg\" width=\"300\" height=\"224\"><\/a><\/p>\n<p>Sis\u00e8 premi<strong> Valle Pe\u00f1a<\/strong><em> \u201cVisita al malalt\u201d<\/em><!--:--><\/p>\n","protected":false},"excerpt":{"rendered":"<p>El passat dissabte dia 21 de novembre i coincidint amb la festa de la Solidaritat organitzada per la Fapac (Federaci\u00f3 d&#8217;ampes de pares i mares de Catalunya), es va fer el lliurament dels premis als guanyadors del 3r Concurs de Fotografia de la Fundaci\u00f3 Renal Jaume Arn\u00f3, que aquest any tenia com a tema La [&hellip;]<\/p>\n","protected":false},"author":1,"featured_media":7325,"comment_status":"open","ping_status":"open","sticky":false,"template":"","format":"standard","meta":{"footnotes":""},"categories":[118,16],"tags":[],"class_list":["post-7324","post","type-post","status-publish","format-standard","has-post-thumbnail","hentry","category-noticies-banner","category-sin-categoria","entry","has-media","owp-thumbs-layout-horizontal","owp-btn-normal","owp-tabs-layout-horizontal","has-no-thumbnails","has-product-nav"],"_links":{"self":[{"href":"https:\/\/fjarno.org\/ca\/wp-json\/wp\/v2\/posts\/7324","targetHints":{"allow":["GET"]}}],"collection":[{"href":"https:\/\/fjarno.org\/ca\/wp-json\/wp\/v2\/posts"}],"about":[{"href":"https:\/\/fjarno.org\/ca\/wp-json\/wp\/v2\/types\/post"}],"author":[{"embeddable":true,"href":"https:\/\/fjarno.org\/ca\/wp-json\/wp\/v2\/users\/1"}],"replies":[{"embeddable":true,"href":"https:\/\/fjarno.org\/ca\/wp-json\/wp\/v2\/comments?post=7324"}],"version-history":[{"count":0,"href":"https:\/\/fjarno.org\/ca\/wp-json\/wp\/v2\/posts\/7324\/revisions"}],"wp:featuredmedia":[{"embeddable":true,"href":"https:\/\/fjarno.org\/ca\/wp-json\/wp\/v2\/media\/7325"}],"wp:attachment":[{"href":"https:\/\/fjarno.org\/ca\/wp-json\/wp\/v2\/media?parent=7324"}],"wp:term":[{"taxonomy":"category","embeddable":true,"href":"https:\/\/fjarno.org\/ca\/wp-json\/wp\/v2\/categories?post=7324"},{"taxonomy":"post_tag","embeddable":true,"href":"https:\/\/fjarno.org\/ca\/wp-json\/wp\/v2\/tags?post=7324"}],"curies":[{"name":"wp","href":"https:\/\/api.w.org\/{rel}","templated":true}]}}