{"id":7293,"date":"2016-09-26T14:49:44","date_gmt":"2016-09-26T14:49:44","guid":{"rendered":"https:\/\/fjarno.org\/per-al-que-necessiteu\/"},"modified":"2016-09-26T14:49:44","modified_gmt":"2016-09-26T14:49:44","slug":"per-al-que-necessiteu","status":"publish","type":"post","link":"https:\/\/fjarno.org\/ca\/per-al-que-necessiteu\/","title":{"rendered":"Per al que necessiteu"},"content":{"rendered":"<p><a href=\"https:\/\/fjarno.org\/wp-content\/uploads\/2016\/09\/help-001.jpg\"><img loading=\"lazy\" decoding=\"async\" class=\"aligncenter size-large wp-image-3558\" src=\"https:\/\/fjarno.org\/wp-content\/uploads\/2016\/09\/help-001-1024x682.jpg\" alt=\"help-001\" width=\"1024\" height=\"682\" srcset=\"https:\/\/fjarno.org\/wp-content\/uploads\/2016\/09\/help-001-1024x682.jpg 1024w, https:\/\/fjarno.org\/wp-content\/uploads\/2016\/09\/help-001-600x400.jpg 600w, https:\/\/fjarno.org\/wp-content\/uploads\/2016\/09\/help-001-300x200.jpg 300w, https:\/\/fjarno.org\/wp-content\/uploads\/2016\/09\/help-001-768x512.jpg 768w, https:\/\/fjarno.org\/wp-content\/uploads\/2016\/09\/help-001-1536x1023.jpg 1536w, https:\/\/fjarno.org\/wp-content\/uploads\/2016\/09\/help-001.jpg 1698w\" sizes=\"auto, (max-width: 1024px) 100vw, 1024px\" \/><\/a><\/p>\n<p>Les funcions que realitzen els nostres ronyons s\u00f3n tantes i tan importants que, quan comencen a fallar, per causes variades (diabetis, hipertensi\u00f3 arterial\u2026) no sempre notem els s\u00edmptomes oportuns que ens indiquen aquesta situaci\u00f3. Lamentablement, en la majoria dels casos, no apareixen s\u00edmptomes (dolors, picors, cansament, etc.) fins que la malaltia est\u00e0 molt avan\u00e7ada i nom\u00e9s es pot intentar frenar-ne la progressi\u00f3 (consultes ERCA) o tractar-la mitjan\u00e7ant un tractament substitutiu renal (di\u00e0lisi o trasplantament). <\/p>\n<p>&nbsp;<\/p>\n<p>La situaci\u00f3 que es crea a partir d&#8217;aquest moment en la vida dels afectats i les seves fam\u00edlies no \u00e9s f\u00e0cil, ja que els canvis que es donen a nivell social, familiar i emocional s\u00f3n importants. Realment no coneixem les conseq\u00fc\u00e8ncies ni per a la nostra salut ni per a les nostres vides. <\/p>\n<p>&nbsp;<\/p>\n<p>Per ajudar a gestionar emocionalment la nova realitat, a la Fundaci\u00f3 Renal Jaume Arn\u00f3 disposem de professionals de l&#8217;atenci\u00f3 psicosocial, psicol\u00f2gica i assistencial que us poden ajudar en aquest o altres moments a partir d&#8217;aquest diagn\u00f2stic. Per aix\u00f2, podreu plantejar qualsevol dubte relacionat amb la vostra situaci\u00f3 i intentarem donar un cop de m\u00e0, ja que coneixem, per la nostra dilatada experi\u00e8ncia, que la desinformaci\u00f3 o la informaci\u00f3 err\u00f2nia no \u00e9s \u00fatil davant d&#8217;una malaltia que obliga a mantenir elevats els nivells d&#8217;autorresponsabilitat. <\/p>\n<p>&nbsp;<\/p>\n<p>Sobre la malaltia, aconsellem que us cuideu confiant en els professionals de la salut que us atenen. Per\u00f2 hi ha moltes altres coses que ajuden a aconseguir un nivell de qualitat de vida, serenitat i tranquil\u00b7litat. Tenir una actitud positiva i buscar informaci\u00f3 adequada s\u00f3n de molta ajuda per a totes les necessitats que es plantegen en aquesta situaci\u00f3.  <\/p>\n<p>&nbsp;<\/p>\n<p>Us animem que us informeu a trav\u00e9s de la nostra web. Esperem poder respondre les vostres preguntes sempre que sigui possible. <\/p>\n<p>&nbsp;<\/p>\n<p>La malaltia no ens redueix ni una c\u00e8l\u00b7lula la nostra condici\u00f3 de persones amb sentiments, desitjos, sensacions i un munt de coses per fer i viure. Com solem dir: som persones sanes amb un problema de salut. <\/p>\n<h6>Ignacio Gracia.<\/h6>\n<p>&nbsp;<\/p>\n<p>&nbsp;<a href=\"https:\/\/fjarno.org\/wp-content\/uploads\/2016\/09\/help-001.jpg\"><img loading=\"lazy\" decoding=\"async\" class=\"aligncenter size-large wp-image-3558\" src=\"https:\/\/fjarno.org\/wp-content\/uploads\/2016\/09\/help-001-1024x682.jpg\" alt=\"help-001\" width=\"1024\" height=\"682\" srcset=\"https:\/\/fjarno.org\/wp-content\/uploads\/2016\/09\/help-001-1024x682.jpg 1024w, https:\/\/fjarno.org\/wp-content\/uploads\/2016\/09\/help-001-600x400.jpg 600w, https:\/\/fjarno.org\/wp-content\/uploads\/2016\/09\/help-001-300x200.jpg 300w, https:\/\/fjarno.org\/wp-content\/uploads\/2016\/09\/help-001-768x512.jpg 768w, https:\/\/fjarno.org\/wp-content\/uploads\/2016\/09\/help-001-1536x1023.jpg 1536w, https:\/\/fjarno.org\/wp-content\/uploads\/2016\/09\/help-001.jpg 1698w\" sizes=\"auto, (max-width: 1024px) 100vw, 1024px\" \/><\/a><\/p>\n<p>&nbsp;<\/p>\n<p>&nbsp;<\/p>\n<p>Les funcions que realitzen els nostres ronyons s\u00f3n tantes i tan importants que, quan comencen a fallar, per diferents causes (diabetis, hipertensi\u00f3 arterial\u2026) no sempre notem els s\u00edmptomes oportuns que ens indiquen aquesta situaci\u00f3. Lamentablement, en la majoria dels casos, no apareixen s\u00edmptomes (dolors, picors, cansament, etc.) fins que la malaltia est\u00e0 molt avan\u00e7ada i nom\u00e9s es pot intentar frenar la seva progressi\u00f3 (consultes ERCA) o tractar-la mitjan\u00e7ant un tractament substitutiu renal (di\u00e0lisi o trasplantament). <\/p>\n<p>&nbsp;<\/p>\n<p>La situaci\u00f3 que es crea a partir d&#8217;aquest moment en la vida dels afectats i les seves fam\u00edlies no \u00e9s f\u00e0cil, ja que els canvis que es donen a nivell social, familiar i emocional s\u00f3n importants. Realment no coneixem les conseq\u00fc\u00e8ncies ni per a la nostra salut ni per a les nostres vides.<x id=\"gid_0\"><\/x>Per ajudar a gestionar emocionalment la nova realitat, a la Fundaci\u00f3 Renal Jaume Arn\u00f3 disposem de professionals d&#8217;atenci\u00f3 psicosocial, psicol\u00f2gica i assistencial que us poden ajudar en aquest o altres moments a partir d&#8217;aquest diagn\u00f2stic. Per aix\u00f2, podreu plantejar qualsevol dubte relacionat amb la vostra situaci\u00f3 i intentarem donar un cop de m\u00e0, ja que coneixem, per la nostra dilatada experi\u00e8ncia, que la desinformaci\u00f3 o la informaci\u00f3 err\u00f2nia no \u00e9s \u00fatil davant d&#8217;una malaltia que obliga a mantenir elevats els nivells d&#8217;autorresponsabilitat.<br \/>\nSobre la malaltia, aconsellem que us cuideu confiant en els professionals de la salut que us atenen. Per\u00f2 hi ha moltes altres coses que ajuden a aconseguir un nivell de qualitat de vida, serenitat i tranquil\u00b7litat. Tenir una actitud positiva i buscar informaci\u00f3 adequada s\u00f3n de molta ajuda per a totes les necessitats que es plantegen en aquesta situaci\u00f3.<br \/>\nUs animem que us informeu a trav\u00e9s de la nostra web. Esperem poder respondre les vostres preguntes sempre que sigui possible.<x id=\"gid_0\"><\/x>La malaltia no ens redueix ni una c\u00e8l\u00b7lula la nostra condici\u00f3 de persones amb sentiments, desitjos, sensacions i un munt de coses per fer i viure. Com solem dir: som persones sanes amb un problema de salut.  <\/p>\n<h6>Ignacio Gracia.<\/h6>\n<p>&nbsp;<\/p>\n","protected":false},"excerpt":{"rendered":"<p>Les funcions que realitzen els nostres ronyons s\u00f3n tantes i tan importants que, quan comencen a fallar, per causes variades (diabetis, hipertensi\u00f3 arterial\u2026) no sempre notem els s\u00edmptomes oportuns que ens indiquen aquesta situaci\u00f3. Lamentablement, en la majoria dels casos, no apareixen s\u00edmptomes (dolors, picors, cansament, etc.) fins que la malaltia est\u00e0 molt avan\u00e7ada i [&hellip;]<\/p>\n","protected":false},"author":1,"featured_media":7295,"comment_status":"open","ping_status":"open","sticky":false,"template":"","format":"standard","meta":{"footnotes":""},"categories":[110],"tags":[],"class_list":["post-7293","post","type-post","status-publish","format-standard","has-post-thumbnail","hentry","category-blog","entry","has-media","owp-thumbs-layout-horizontal","owp-btn-normal","owp-tabs-layout-horizontal","has-no-thumbnails","has-product-nav"],"_links":{"self":[{"href":"https:\/\/fjarno.org\/ca\/wp-json\/wp\/v2\/posts\/7293","targetHints":{"allow":["GET"]}}],"collection":[{"href":"https:\/\/fjarno.org\/ca\/wp-json\/wp\/v2\/posts"}],"about":[{"href":"https:\/\/fjarno.org\/ca\/wp-json\/wp\/v2\/types\/post"}],"author":[{"embeddable":true,"href":"https:\/\/fjarno.org\/ca\/wp-json\/wp\/v2\/users\/1"}],"replies":[{"embeddable":true,"href":"https:\/\/fjarno.org\/ca\/wp-json\/wp\/v2\/comments?post=7293"}],"version-history":[{"count":0,"href":"https:\/\/fjarno.org\/ca\/wp-json\/wp\/v2\/posts\/7293\/revisions"}],"wp:featuredmedia":[{"embeddable":true,"href":"https:\/\/fjarno.org\/ca\/wp-json\/wp\/v2\/media\/7295"}],"wp:attachment":[{"href":"https:\/\/fjarno.org\/ca\/wp-json\/wp\/v2\/media?parent=7293"}],"wp:term":[{"taxonomy":"category","embeddable":true,"href":"https:\/\/fjarno.org\/ca\/wp-json\/wp\/v2\/categories?post=7293"},{"taxonomy":"post_tag","embeddable":true,"href":"https:\/\/fjarno.org\/ca\/wp-json\/wp\/v2\/tags?post=7293"}],"curies":[{"name":"wp","href":"https:\/\/api.w.org\/{rel}","templated":true}]}}