{"id":7290,"date":"2016-10-04T17:14:32","date_gmt":"2016-10-04T17:14:32","guid":{"rendered":"https:\/\/fjarno.org\/transplant-bike-un-exit-solidari\/"},"modified":"2016-10-04T17:14:32","modified_gmt":"2016-10-04T17:14:32","slug":"transplant-bike-un-exit-solidari","status":"publish","type":"post","link":"https:\/\/fjarno.org\/ca\/transplant-bike-un-exit-solidari\/","title":{"rendered":"Transplant Bike, un \u00e8xit solidari"},"content":{"rendered":"<p><a href=\"https:\/\/fjarno.org\/wp-content\/uploads\/2016\/10\/DSC_0902-2.jpg\"><img loading=\"lazy\" decoding=\"async\" class=\"aligncenter size-large wp-image-3658\" src=\"https:\/\/fjarno.org\/wp-content\/uploads\/2016\/10\/DSC_0902-2-1024x576.jpg\" alt=\"DSC_0902 2\" width=\"1024\" height=\"576\"><\/a><\/p>\n<p>&nbsp;<\/p>\n<p>Des de la Fundaci\u00f3 Renal Jaume Arn\u00f3 volem donar les gr\u00e0cies a l&#8217;Ajuntament d&#8217;Alfarr\u00e0s per cedir-nos les seves instal\u00b7lacions i donar-nos totes les facilitats.<\/p>\n<p>&nbsp;<\/p>\n<p>A tots els inscrits\/es pel seu esperit solidari.<\/p>\n<p>&nbsp;<\/p>\n<p>A Rocko d&#8217;Almenar i Alfaventur d&#8217;Alfarr\u00e0s.<\/p>\n<p>&nbsp;<\/p>\n<p>Als voluntaris i volunt\u00e0ries que van treballar dur des de primera hora del mat\u00ed ajudant en tot el necessari.<\/p>\n<p>&nbsp;<\/p>\n<p>Als Patrocinadors, que amb les seves aportacions han fet possible dur a terme aquest esdeveniment \u00fanic.<\/p>\n<p>&nbsp;<\/p>\n<p>I als corredors trasplantats, que ens han confirmat que trasplantament i esport s\u00f3n compatibles i recomanables.<\/p>\n<p>&nbsp;<\/p>\n<p>A tots vosaltres, MOLTES GR\u00c0CIES!!<\/p>\n<p>&nbsp;<\/p>\n<p>Raquel Maya (Comunicaci\u00f3)[:ca]<a href=\"https:\/\/fjarno.org\/wp-content\/uploads\/2016\/10\/DSC_0902-2.jpg\"><img loading=\"lazy\" decoding=\"async\" class=\"aligncenter size-large wp-image-3658\" src=\"https:\/\/fjarno.org\/wp-content\/uploads\/2016\/10\/DSC_0902-2-1024x576.jpg\" alt=\"DSC_0902 2\" width=\"1024\" height=\"576\"><\/a><\/p>\n<p>&nbsp;<\/p>\n<p><span style=\"font-weight: 400;\">Des de la Fundaci\u00f3 Renal Jaume Arn\u00f3 volem donar les gr\u00e0cies a l&#8217;Ajuntament d&#8217;Alfarr\u00e0s per cedir-nos les seves instal\u00b7lacions i donar-nos totes les facilitats.<\/span><\/p>\n<p>&nbsp;<\/p>\n<p><span style=\"font-weight: 400;\">A tots els inscrits\/es pel seu esperit solidari.<\/span><\/p>\n<p>&nbsp;<\/p>\n<p><span style=\"font-weight: 400;\">A Rocko d&#8217;Almenar i Alfaventur d&#8217;Alfarr\u00e0s.<\/span><\/p>\n<p>&nbsp;<\/p>\n<p><span style=\"font-weight: 400;\">Als voluntaris i volunt\u00e0ries que van treballar dur des de primera hora del mat\u00ed ajudant en tot el necessari.<\/span><\/p>\n<p>&nbsp;<\/p>\n<p><span style=\"font-weight: 400;\">Als Patrocinadors, que amb les seves aportacions van fer possible dur a terme aquest esdeveniment \u00fanic.<\/span><\/p>\n<p>&nbsp;<\/p>\n<p><span style=\"font-weight: 400;\">I als corredors trasplantats, que ens han confirmat que trasplantament i esport s\u00f3n compatibles i recomanables.<\/span><\/p>\n<p>&nbsp;<\/p>\n<p><span style=\"font-weight: 400;\">A tots vosaltres MOLTES GR\u00c0CIES!!<\/span><\/p>\n<p>&nbsp;<\/p>\n<p>Raquel Maya (Comunicaci\u00f3)<\/p>\n","protected":false},"excerpt":{"rendered":"<p>Des de la Fundaci\u00f3 Renal Jaume Arn\u00f3 volem donar les gr\u00e0cies a l&#8217;Ajuntament d&#8217;Alfarr\u00e0s per cedir-nos les seves instal\u00b7lacions i donar-nos totes les facilitats.[:ca]Des de la Fundaci\u00f3 Renal Jaume Arn\u00f3 volem donar les gr\u00e0cies a l&#8217;Ajuntament d&#8217;Alfarr\u00e0s per cedir-nos les seves instal\u00b7lacions i donar-nos totes les facilitats.<\/p>\n","protected":false},"author":1,"featured_media":7291,"comment_status":"open","ping_status":"open","sticky":false,"template":"","format":"standard","meta":{"footnotes":""},"categories":[110],"tags":[],"class_list":["post-7290","post","type-post","status-publish","format-standard","has-post-thumbnail","hentry","category-blog","entry","has-media","owp-thumbs-layout-horizontal","owp-btn-normal","owp-tabs-layout-horizontal","has-no-thumbnails","has-product-nav"],"_links":{"self":[{"href":"https:\/\/fjarno.org\/ca\/wp-json\/wp\/v2\/posts\/7290","targetHints":{"allow":["GET"]}}],"collection":[{"href":"https:\/\/fjarno.org\/ca\/wp-json\/wp\/v2\/posts"}],"about":[{"href":"https:\/\/fjarno.org\/ca\/wp-json\/wp\/v2\/types\/post"}],"author":[{"embeddable":true,"href":"https:\/\/fjarno.org\/ca\/wp-json\/wp\/v2\/users\/1"}],"replies":[{"embeddable":true,"href":"https:\/\/fjarno.org\/ca\/wp-json\/wp\/v2\/comments?post=7290"}],"version-history":[{"count":0,"href":"https:\/\/fjarno.org\/ca\/wp-json\/wp\/v2\/posts\/7290\/revisions"}],"wp:featuredmedia":[{"embeddable":true,"href":"https:\/\/fjarno.org\/ca\/wp-json\/wp\/v2\/media\/7291"}],"wp:attachment":[{"href":"https:\/\/fjarno.org\/ca\/wp-json\/wp\/v2\/media?parent=7290"}],"wp:term":[{"taxonomy":"category","embeddable":true,"href":"https:\/\/fjarno.org\/ca\/wp-json\/wp\/v2\/categories?post=7290"},{"taxonomy":"post_tag","embeddable":true,"href":"https:\/\/fjarno.org\/ca\/wp-json\/wp\/v2\/tags?post=7290"}],"curies":[{"name":"wp","href":"https:\/\/api.w.org\/{rel}","templated":true}]}}