{"id":7286,"date":"2016-11-16T13:02:32","date_gmt":"2016-11-16T13:02:32","guid":{"rendered":"https:\/\/fjarno.org\/zumba-solidari-amb-la-donacio\/"},"modified":"2016-11-16T13:02:32","modified_gmt":"2016-11-16T13:02:32","slug":"zumba-solidari-amb-la-donacio","status":"publish","type":"post","link":"https:\/\/fjarno.org\/ca\/zumba-solidari-amb-la-donacio\/","title":{"rendered":"Zumba solidari amb la donaci\u00f3"},"content":{"rendered":"<p>Aquest diumenge 20 de novembre a les 12 us esperem al pati del col\u00b7legi Pr\u00e0ctiques II per una Masterclass de zumba a c\u00e0rrec dels t\u00e8cnics del EKKE. Amb la vostra aportaci\u00f3 ens ajudeu a fomentar la donaci\u00f3 d&#8217;\u00f2rgans i a seguir treballant per millorar la qualitat de vida dels pacients renals. <\/p>\n<p>&nbsp;<\/p>\n<p>GR\u00c0CIES PER LA VOSTRA SOLIDARITAT!<\/p>\n<p>&nbsp;<\/p>\n<p><img loading=\"lazy\" decoding=\"async\" class=\"aligncenter size-full wp-image-3674\" src=\"https:\/\/fjarno.org\/wp-content\/uploads\/2016\/11\/zumba.jpg\" alt=\"zumba\" width=\"842\" height=\"595\" srcset=\"https:\/\/fjarno.org\/wp-content\/uploads\/2016\/11\/zumba.jpg 842w, https:\/\/fjarno.org\/wp-content\/uploads\/2016\/11\/zumba-600x424.jpg 600w, https:\/\/fjarno.org\/wp-content\/uploads\/2016\/11\/zumba-300x212.jpg 300w, https:\/\/fjarno.org\/wp-content\/uploads\/2016\/11\/zumba-768x543.jpg 768w\" sizes=\"auto, (max-width: 842px) 100vw, 842px\" \/><\/p>\n<p>Raquel Maya (Comunicaci\u00f3)[:ca]Aquest diumenge 20 de novembre a les 12 us esperem al pati del col\u00b7legi Pr\u00e0ctiques II per una Masterclass de Zumba a c\u00e0rrec dels t\u00e8cnics del EKKE. Amb la vostra aportaci\u00f3 ens ajudeu a fomentar la donaci\u00f3 d&#8217;\u00f2rgans i a seguir treballant per millorar la qualitat de vida dels pacients renals. <\/p>\n<p>&nbsp;<\/p>\n<p>GR\u00c0CIES PER LA VOSTRA SOLIDARITAT!<\/p>\n<p>&nbsp;<\/p>\n<p><img loading=\"lazy\" decoding=\"async\" class=\"aligncenter size-full wp-image-3674\" src=\"https:\/\/fjarno.org\/wp-content\/uploads\/2016\/11\/zumba.jpg\" alt=\"zumba\" width=\"842\" height=\"595\" srcset=\"https:\/\/fjarno.org\/wp-content\/uploads\/2016\/11\/zumba.jpg 842w, https:\/\/fjarno.org\/wp-content\/uploads\/2016\/11\/zumba-600x424.jpg 600w, https:\/\/fjarno.org\/wp-content\/uploads\/2016\/11\/zumba-300x212.jpg 300w, https:\/\/fjarno.org\/wp-content\/uploads\/2016\/11\/zumba-768x543.jpg 768w\" sizes=\"auto, (max-width: 842px) 100vw, 842px\" \/><\/p>\n<p>Raquel Maya (Comunicaci\u00f3)<\/p>\n","protected":false},"excerpt":{"rendered":"<p>Aquest diumenge 20 de novembre a les 12 us esperem al pati del col\u00b7legi Pr\u00e0ctiques II per una Masterclass de zumba a c\u00e0rrec dels t\u00e8cnics del EKKE. Amb la vostra aportaci\u00f3 ens ajudeu a fomentar la donaci\u00f3 d&#8217;\u00f2rgans i a seguir treballant per millorar la qualitat de vida dels pacients renals. &nbsp; GR\u00c0CIES PER LA [&hellip;]<\/p>\n","protected":false},"author":1,"featured_media":7287,"comment_status":"open","ping_status":"open","sticky":false,"template":"","format":"standard","meta":{"footnotes":""},"categories":[110],"tags":[],"class_list":["post-7286","post","type-post","status-publish","format-standard","has-post-thumbnail","hentry","category-blog","entry","has-media","owp-thumbs-layout-horizontal","owp-btn-normal","owp-tabs-layout-horizontal","has-no-thumbnails","has-product-nav"],"_links":{"self":[{"href":"https:\/\/fjarno.org\/ca\/wp-json\/wp\/v2\/posts\/7286","targetHints":{"allow":["GET"]}}],"collection":[{"href":"https:\/\/fjarno.org\/ca\/wp-json\/wp\/v2\/posts"}],"about":[{"href":"https:\/\/fjarno.org\/ca\/wp-json\/wp\/v2\/types\/post"}],"author":[{"embeddable":true,"href":"https:\/\/fjarno.org\/ca\/wp-json\/wp\/v2\/users\/1"}],"replies":[{"embeddable":true,"href":"https:\/\/fjarno.org\/ca\/wp-json\/wp\/v2\/comments?post=7286"}],"version-history":[{"count":0,"href":"https:\/\/fjarno.org\/ca\/wp-json\/wp\/v2\/posts\/7286\/revisions"}],"wp:featuredmedia":[{"embeddable":true,"href":"https:\/\/fjarno.org\/ca\/wp-json\/wp\/v2\/media\/7287"}],"wp:attachment":[{"href":"https:\/\/fjarno.org\/ca\/wp-json\/wp\/v2\/media?parent=7286"}],"wp:term":[{"taxonomy":"category","embeddable":true,"href":"https:\/\/fjarno.org\/ca\/wp-json\/wp\/v2\/categories?post=7286"},{"taxonomy":"post_tag","embeddable":true,"href":"https:\/\/fjarno.org\/ca\/wp-json\/wp\/v2\/tags?post=7286"}],"curies":[{"name":"wp","href":"https:\/\/api.w.org\/{rel}","templated":true}]}}