{"id":7272,"date":"2020-03-27T12:17:55","date_gmt":"2020-03-27T12:17:55","guid":{"rendered":"https:\/\/fjarno.org\/lanti-article-per-no-combatre-el-covid-19\/"},"modified":"2020-03-27T12:17:55","modified_gmt":"2020-03-27T12:17:55","slug":"lanti-article-per-no-combatre-el-covid-19","status":"publish","type":"post","link":"https:\/\/fjarno.org\/ca\/lanti-article-per-no-combatre-el-covid-19\/","title":{"rendered":"L&#8217;anti-article per no combatre el COVID-19"},"content":{"rendered":"<p><em>Si esperes llegir un article ple de consells per combatre el confinament, aquest no \u00e9s el lloc indicat. Millor et recomanem que visitis la <a href=\"https:\/\/www.copc.cat\/es\/noticias\/1040\/El-Col-legi-Oficial-de-Psicologia-de-Catalunya-publica-una-guia-de-gestio-psicol-gica-davant-quarantenes-per-malalties-infeccioses\">Guia de gesti\u00f3 psicol\u00f2gica per a quarantenes per malalties infeccioses<\/a> realitzada pel Col\u00b7legi Oficial de Psicologia de Catalunya. <img loading=\"lazy\" decoding=\"async\" class=\"wp-image-5176 alignright\" src=\"https:\/\/fjarno.org\/wp-content\/uploads\/2020\/03\/Imagen-Covid19.png\" alt=\"\" width=\"457\" height=\"457\" srcset=\"https:\/\/fjarno.org\/wp-content\/uploads\/2020\/03\/Imagen-Covid19.png 1080w, https:\/\/fjarno.org\/wp-content\/uploads\/2020\/03\/Imagen-Covid19-300x300.png 300w, https:\/\/fjarno.org\/wp-content\/uploads\/2020\/03\/Imagen-Covid19-100x100.png 100w, https:\/\/fjarno.org\/wp-content\/uploads\/2020\/03\/Imagen-Covid19-600x600.png 600w, https:\/\/fjarno.org\/wp-content\/uploads\/2020\/03\/Imagen-Covid19-1024x1024.png 1024w, https:\/\/fjarno.org\/wp-content\/uploads\/2020\/03\/Imagen-Covid19-150x150.png 150w, https:\/\/fjarno.org\/wp-content\/uploads\/2020\/03\/Imagen-Covid19-768x768.png 768w\" sizes=\"auto, (max-width: 457px) 100vw, 457px\" \/> <\/em><\/p>\n<p><em> <\/em><\/p>\n<p><strong><em>Article<\/em><\/strong><br \/>\nAccepci\u00f3 6 del Diccionario de la Real Academia Espa\u00f1ola<em><br \/>\n6. m. Cada una de las disposiciones numeradas de un tratado,<br \/>\nde una ley, de un reglamento, etc.<\/em><\/p>\n<p>Hora rere hora, al telenot\u00edcies, a Instagram, al diari, veiem apar\u00e8ixer missatges ennumerats amb recomanacions per fer front a aquesta situaci\u00f3 inaudita, v\u00eddeos en <em>time-lapse<\/em> amb la rutina d&#8217;exercicis per acabar abra\u00e7ant el teu gos a terra, o compartint fotografies d&#8217;uns <em>hyper<\/em> <em>healthy<\/em> desdejunis.<\/p>\n<p>Per\u00f2\u2026 Qu\u00e8 pot provocar aquest <strong>exc\u00e9s d&#8217;informaci\u00f3<\/strong>,<strong> imatge<\/strong> i<strong> precisi\u00f3<\/strong> en les<strong> recomanacions <\/strong>que finalment, es tornen en<strong> directrius<\/strong>?<\/p>\n<p>Faig una proposta de resposta: Provoquen <u>la dificultat de sostreure all\u00f2 propi<\/u>, ja que queda emmascarat per all\u00f2 social i per l&#8217;ideal d&#8217;all\u00f2 col\u00b7lectiu, i <u>l&#8217;atr\u00f2fia de la creativitat<\/u>.<\/p>\n<p>Anem a argumentar-ho!<\/p>\n<p>&nbsp;<\/p>\n<p><strong><u>La normalitat com a vel a all\u00f2 particular<\/u><\/strong><\/p>\n<p>Sembla que en l&#8217;eco dels patis de llums i els balcons ressona un missatge a l&#8217;un\u00edson pels diferents canals de comunicaci\u00f3: <em>La por \u00e9s una emoci\u00f3 normal. La por ens ajuda a sobreviure. Hi ha una por adaptativa i una altra de patol\u00f2gica.<\/em> Etc\u00e9tera, etc\u00e9tera, etc\u00e9tera.<\/p>\n<p>Per\u00f2, i si deixem de banda aquests <strong>nous mantres normalitzadors i <\/strong>per tant,<strong> homogenis <\/strong> i intentem anar una mica <strong>m\u00e9s enll\u00e0<\/strong>, <strong>cap a all\u00f2 heterogeni<\/strong>? I si ens preguntem quins records o situacions viscudes o imaginades, pr\u00f2pies, ens v\u00e9nen a la ment amb aquest confinament i angoixa pel contagi? <\/p>\n<p>La proposta prov\u00e9 de la seg\u00fcent l\u00f2gica: el discurs social t\u00e9 tend\u00e8ncia a tapar l&#8217;enigma de cadasc\u00fa.<\/p>\n<p>En psicoan\u00e0lisi, s&#8217;aposta per investigacions que diferenci\u00efn l&#8217;<strong>angoixa<\/strong> de la <strong>por<\/strong>. Tal com ens indica Daniela Aparicio en el seu article \u201cMiedo o angustia desde el psicoan\u00e1lisis\u201d<em> <a href=\"\/fjarno\/#_ftn1\" name=\"_ftnref1\"><strong>[1]<\/strong><\/a><\/em>, <em>la por tindria un objecte amena\u00e7ant extern, del qual cal fugir necess\u00e0riament per protegir-se, vegeu un incendi<\/em> (en aquest cas, un virus). <em>L&#8217;angoixa, no t\u00e9 aquest objecte extern, l&#8217;amena\u00e7a procedeix de l&#8217;interior de cada subjecte. <\/em>  <\/p>\n<p>En aquest cas, es tractaria d&#8217;una articulaci\u00f3 entre all\u00f2 intern i all\u00f2 extern, amb por i angoixa. Per molt que sigui normal angoixar-se per saber que no es pot sortir, per nom\u00e9s tenir contacte social amb una o dues persones, per no poder tenir contacte social amb ning\u00fa ja que vius sol o per precauci\u00f3 t&#8217;has hagut d&#8217;a\u00efllar, <strong>hi ha elements d&#8217;aquesta angoixa que el COVID-19 no pot discernir ni explicar<\/strong>. \u00c9s per aix\u00f2 que aquest moment pot ser l&#8217;indicat per afrontar i treballar tot all\u00f2 que ara es magnifica amb el pas dels dies de confinament.  <\/p>\n<p>&nbsp;<\/p>\n<p><strong><u>Deconstrucci\u00f3 de consells<\/u><\/strong><\/p>\n<p>Vivim en l&#8217;\u00e8poca dels <strong>imperatius<\/strong>, de la<strong> hiperactivitat <\/strong>i del <strong>hiperconsum<\/strong>. Sembla ser, que les \u00e0rees de l&#8217;hum\u00e0 s&#8217;han contaminat de les orientacions del <strong>capitalisme<\/strong>, sent que fins i tot en el llenguatge entre psic\u00f2legs s&#8217;han adaptat termes econ\u00f2mics com la \u201c<strong>gesti\u00f3 emocional<\/strong>\u201d, la qual es pot enumerar, potenciar, positivitzar\u2026 <\/p>\n<p>Amb respecte pel treball realitzat per col\u00b7legues, la proposta d&#8217;aquest article \u00e9s agafar cadascuna de les recomanacions per foradar-les. Per passar dels <strong>imperatius generalitzadors<\/strong> al <strong>cas per cas<\/strong>, ja que hi ha tantes maneres de portar aquest proc\u00e9s com humans a la terra. <\/p>\n<ol>\n<li> <em>Informa&#8217;t b\u00e9 i informa b\u00e9 als altres<\/em>, o no: depenent del teu nivell de consci\u00e8ncia i de com de malament et senti con\u00e8ixer els n\u00fameros d&#8217;afectats, curats i morts.<\/li>\n<li><em>Organitza&#8217;t <\/em>o deixa l&#8217;organitzar-te per a quan hagis de tornar a la rutina. L&#8217;\u201caprofitar el temps\u201d \u00e9s un imperatiu ferotge que serveix per alimentar l&#8217;angoixa i el sentiment d&#8217;inutilitat. <\/li>\n<li><em>Mant\u00e9n la teva xarxa social activa<\/em>, dep\u00e8n del dia.<\/li>\n<li><em>Cuida&#8217;t, protegeix-te<\/em> per\u00f2 no acabis amb les mans resseques per rentar-te-les tant estant sol a casa!<\/li>\n<li><em>Relaxa&#8217;t, distreu-te<\/em>, per\u00f2 \u00e9s dif\u00edcil dur-ho a terme si has d&#8217;estar pensant que toca relaxar-te i distreure&#8217;t.<\/li>\n<li><em>Descobreix el costat positiu<\/em>, com totes les coses. Per\u00f2\u2026 no tinc dret a viure tot aix\u00f2 negativament? I si en lloc de <a href=\"https:\/\/www.instagram.com\/mrwonderful_\/?hl=es\">Mr. Wonderful<\/a> s\u00f3c m\u00e9s de <a href=\"https:\/\/www.instagram.com\/mr_puterfull\/?hl=es\">Mr. Puterful<\/a>?  <\/li>\n<\/ol>\n<p>&nbsp;<\/p>\n<p><strong><u>Fins a quin punt els professionals saben?<\/u><\/strong><\/p>\n<p>Freq\u00fcentment, en treballar amb persones amb diferents diagn\u00f2stics, alguns d&#8217;ells cr\u00f2nics, i per tant, de llarg recorregut, provoca que el <strong>pacient <\/strong>en q\u00fcesti\u00f3 disposi d&#8217;un <strong>bagatge<\/strong> i <strong>experi\u00e8ncia cl\u00ednica<\/strong> en la qual \u00e9s capa\u00e7 de detectar la falta d&#8217;experi\u00e8ncia en el t\u00e8cnic, algun petit oblit per part de l&#8217;equip sanitari, entre d&#8217;altres. Aix\u00f2 no se sol contemplar en els simposis, per\u00f2 sovint, el pacient \u00e9s conscient de la seva nano-recepci\u00f3 cap a alguns medicaments, com controlar-se la tensi\u00f3 i com li fluctua la diabetis al llarg del dia. \u00c9s a dir, pot ser un dels millors aliats per a l&#8217;equip m\u00e8dic sempre que aquest \u00faltim l&#8217;accepti com a membre pensant i amb dret a decidir.  <\/p>\n<p>Per una banda, pel que fa al treball amb el pacient, la <strong>caiguda<\/strong> del <strong>saber m\u00e8dic <\/strong>\u00e9s tot un <strong>proc\u00e9s d&#8217;elaboraci\u00f3<\/strong>, gaireb\u00e9 inevitable. Alhora, d&#8217;un empoderament del pacient en qu\u00e8 s&#8217;atreveixi a dir el que pensa a aquest Gran Altre Sanitari. <\/p>\n<p>Un element crucial des del psicoan\u00e0lisi \u00e9s que el professional no caigui en la trampa de <strong>creure que sap<\/strong>. All\u00f2 social i els pacients li poden atorgar un <strong>saber suposat<\/strong>, per\u00f2 el seu lloc \u00e9s el del <strong>no-saber<\/strong> (que no \u00e9s equivalent a la ignor\u00e0ncia \u2013no voler saber. El no-saber implica una elaboraci\u00f3 del saber) i el de no donar <strong>res per obvi<\/strong>. Es tracta d&#8217;articular aquest no-saber del professional, amb el no-saber del pacient, que no acaba d&#8217;entendre per qu\u00e8 aquests afectes apareixen tan insistents, violents o parasitaris; perqu\u00e8 el proc\u00e9s terap\u00e8utic pugui tenir lloc. \u00c9s important que en tot aquest proc\u00e9s transiti una pregunta ja que els interrogants serveixen per frenar l&#8217;empenta d&#8217;all\u00f2 social i tamb\u00e9, per tenir l&#8217;oportunitat d&#8217;assumir la pr\u00f2pia responsabilitat; ajuden a construir <strong>la pr\u00f2pia resposta<\/strong>, l&#8217;\u00fanica que<strong> allibera<\/strong>.   <\/p>\n<p><strong><u> <\/u><\/strong><\/p>\n<p><strong><u>No combatre el COVID-19<\/u><\/strong><\/p>\n<p>Per qu\u00e8 no combatre? Sovint es parla de lluita, d&#8217;enemic, de v\u00e8ncer la malaltia. \u00c9s a dir, es crea un <strong>ens maligne <\/strong>i <strong>consistent<\/strong> al qual batallar. Aix\u00f2 no \u00e9s donar-li un lloc privilegiat i de reconeixement nuclear a la malaltia?   <\/p>\n<p>Potser all\u00f2 interessant seria aconseguir que el virus, la malaltia renal cr\u00f2nica o les possibles infeccions per a persones immunodeprimides, formin part acollida de la nostra realitat, per donar lloc a el <strong>saber-fer<\/strong>, saber-fer amb la malaltia, saber-fer amb el temps lliure, <strong>deixar-se fer<\/strong> per l&#8217;espontane\u00eftat del moment, etc.<\/p>\n<p>&nbsp;<\/p>\n<p><strong><u>Articular all\u00f2 social, el covid i all\u00f2 particular<\/u><\/strong><\/p>\n<p>El psicoan\u00e0lisi lacani\u00e0 s&#8217;inspira en el budisme per incorporar en la seva teoria les tres passions de l&#8217;\u00e0nima: l&#8217;<strong>amor<\/strong>, l&#8217;<strong>odi<\/strong> i la <strong>ignor\u00e0ncia<\/strong>. Aquests tres elements poden veure&#8217;s reflectits en el <strong>nus borromeu<\/strong> (i coronat) configurat per tres rodelles amb espais comuns. <\/p>\n<p><img loading=\"lazy\" decoding=\"async\" class=\"alignnone wp-image-5177\" src=\"https:\/\/fjarno.org\/wp-content\/uploads\/2020\/03\/Nudo-Cast.png\" alt=\"\" width=\"500\" height=\"500\" srcset=\"https:\/\/fjarno.org\/wp-content\/uploads\/2020\/03\/Nudo-Cast.png 1080w, https:\/\/fjarno.org\/wp-content\/uploads\/2020\/03\/Nudo-Cast-300x300.png 300w, https:\/\/fjarno.org\/wp-content\/uploads\/2020\/03\/Nudo-Cast-100x100.png 100w, https:\/\/fjarno.org\/wp-content\/uploads\/2020\/03\/Nudo-Cast-600x600.png 600w, https:\/\/fjarno.org\/wp-content\/uploads\/2020\/03\/Nudo-Cast-1024x1024.png 1024w, https:\/\/fjarno.org\/wp-content\/uploads\/2020\/03\/Nudo-Cast-150x150.png 150w, https:\/\/fjarno.org\/wp-content\/uploads\/2020\/03\/Nudo-Cast-768x768.png 768w\" sizes=\"auto, (max-width: 500px) 100vw, 500px\" \/><\/p>\n<p>Cada concepte aplicat a una rodella \u00e9s una <strong>proposta <\/strong>que ens ajuda a <strong>pensar la relaci\u00f3 entre els elements<\/strong>, tenint en compte que l&#8217;articulaci\u00f3 particular d&#8217;aquests tres elements, \u00e9s el que ens far\u00e0 funcionar com a subjectes.<\/p>\n<p>Aplicat a la situaci\u00f3 actual, intentar\u00edem escoltar i intervenir en especial, entre els lla\u00e7os del <strong>COVID-19<\/strong> <strong>i all\u00f2 particular<\/strong>. La relaci\u00f3 entre all\u00f2 social i el covid, o all\u00f2 social i all\u00f2 particular, poden tenir la funci\u00f3 de mascarada, de <em>desangoixa<\/em>, necess\u00e0ria, per\u00f2 en algun punt obstaculitzadora del propi progr\u00e9s. Per altra banda, les possibles intervencions entre all\u00f2 social i all\u00f2 particular, podrien anar en la direcci\u00f3 de marcar un distanciament i difer\u00e8ncia entre <strong>mandat<\/strong> i <strong>desig<\/strong>.  <\/p>\n<p>Aleshores, \u00e9s en l&#8217;articulaci\u00f3 entre la <strong>rodella vermella<\/strong> i la <strong>blava<\/strong>, on podr\u00e0 emergir <strong>alguna cosa simptom\u00e0tica pr\u00f2pia<\/strong>, com pot ser escriure un anti-article sobre el covid-19, preparar un repertori de can\u00e7ons per cantar al balc\u00f3, o fer-se voluntari per realitzar la compra per a persones grans.<\/p>\n<p>&nbsp;<\/p>\n<p><strong>Per concloure<\/strong><strong><u>, tres reflexions<\/u><\/strong><\/p>\n<p>Al llarg de la transcripci\u00f3 d&#8217;aquest anti-article, he com\u00e8s un mateix lapsus: escriure <strong>COVID-10<\/strong> en lloc de COVID-19. El n\u00famero 19 est\u00e0 a punt d&#8217;aconseguir ser un n\u00famero sencer, ideal. En canvi, el 10 \u00e9s el reflex de l&#8217;<strong>excel\u00b7l\u00e8ncia<\/strong>, la qual est\u00e0 constantment en joc en aquests moments.  <\/p>\n<p>Protegeix-te del contagi per\u00f2 no oblidis protegir el teu propi <strong>desig inconscient<\/strong>.<\/p>\n<p><span style=\"color: #333333;\">I recorda,<strong> Shakespeare<\/strong> va escriure<strong> Hamlet<\/strong> i<strong> Lady Macbeth <\/strong>en una<strong> quarantena <\/strong>i <strong>Newton<\/strong> va elaborar la seva<strong> teoria de la gravetat. <\/strong> <\/span><\/p>\n<p>&nbsp;<\/p>\n<p><strong><u>Bibliografia<\/u><\/strong><\/p>\n<p>COPC. (13 de mar\u00e7 de 2020). El Col\u00b7legi Oficial de Psicologia de Catalunya publica una guia de gesti\u00f3 psicol\u00f2gica davant quarantenes per malalties infeccioses. <em>COPC:<\/em> <a href=\"https:\/\/www.copc.cat\/es\/noticias\/1040\/El-Col-legi-Oficial-de-Psicologia-de-Catalunya-publica-una-guia-de-gestio-psicol-gica-davant-quarantenes-per-malalties-infeccioses\">https:\/\/www.copc.cat\/es\/noticias\/1040\/El-Col-legi-Oficial-de-Psicologia-de-Catalunya-publica-una-guia-de-gestio-psicol-gica-davant-quarantenes-per-malalties-infeccioses<\/a>  <\/p>\n<p>Aparicio, D. (24 d&#8217;octubre de 2011) Miedo o angustia desde el psicoan\u00e1lisis. <em>Daniela Aparicio Blog<\/em>: <a href=\"https:\/\/danielaaparicio.wordpress.com\/2011\/10\/24\/miedo-o-angustia-desde-el-psicoanalisis\/\">https:\/\/danielaaparicio.wordpress.com\/2011\/10\/24\/miedo-o-angustia-desde-el-psicoanalisis\/<\/a><\/p>\n<p>God\u00ednez, Rosa. Del proyecto a su construcci\u00f3n: la subjetividad de un grupo. <em>L\u2019Interrogant Fundaci\u00f3 -Nou Barris per a la Salut Mental.<\/em> Vol. 13, 45-48. <\/p>\n<p>Toh\u00e0, D. (2015). Abnegaci\u00f3n, lealtad y sacrificio (en pro de la excelencia). <em>L\u2019Interrogant. Fundaci\u00f3 -Nou Barris per a la Salut Mental.<\/em> Vol. 13, 57-59. <\/p>\n<p>Soler, C. (2016).  <em>Los afectos lacanianos.<\/em>  Buenos Aires, Argentina, Letra Viva.<\/p>\n<p>Ball, P. (4 de gener de 2020). \u00bfCu\u00e1n cierto es que a Isaac Newton se le ocurri\u00f3 la teor\u00eda de la Gravedad al ver una manzana caer? <em>BBC Science Stories<\/em>: <a href=\"https:\/\/www.bbc.com\/mundo\/noticias-50948162\">https:\/\/www.bbc.com\/mundo\/noticias-50948162<\/a> <\/p>\n<p>PIJAMASURF. (16 de mar\u00e7 de 2020). Shakespeare escribi\u00f3 \u201cEl Rey Lear\u201d y \u201cMacbeth\u201d durante una cuarentena. <em>Pijamasurf: <\/em><a href=\"https:\/\/pijamasurf.com\/2020\/03\/shakespeare_escribio_rey_lear_y_macbeth_durante_una_cuarentena\/\">https:\/\/pijamasurf.com\/2020\/03\/shakespeare_escribio_rey_lear_y_macbeth_durante_una_cuarentena\/<\/a>  <\/p>\n<p>&nbsp;<\/p>\n<p><a href=\"\/fjarno\/#_ftnref1\" name=\"_ftn1\">[1]<\/a> https:\/\/danielaaparicio.wordpress.com\/2011\/10\/24\/miedo-o-angustia-desde-el-psicoanalisis\/<\/p>\n<h6><\/h6>\n<h5><em>Esther Jim\u00e9nez Garriga,<\/em><\/h5>\n<h5><em>Psic\u00f2loga Sanit\u00e0ria i Psicoanalista<\/em><\/h5>\n<p><em>Si esperes llegir un article ple de consells per combatre el confinament, aquest no \u00e9s el lloc indicat. Millor et recomanem que visitis la <a href=\"https:\/\/www.copc.cat\/ct\/noticias\/1040\/El-Col-legi-Oficial-de-Psicologia-de-Catalunya-publica-una-guia-de-gestio-psicol-gica-davant-quarantenes-per-malalties-infeccioses\">Guia de gesti\u00f3 psicol\u00f2gica per quarentenes per malalties infeccioses<\/a> realitzada pel Col\u00b7legi Oficial de Psicologia de Catalunya. <img loading=\"lazy\" decoding=\"async\" class=\"wp-image-5176 alignright\" src=\"https:\/\/fjarno.org\/wp-content\/uploads\/2020\/03\/Imagen-Covid19.png\" alt=\"\" width=\"431\" height=\"431\" srcset=\"https:\/\/fjarno.org\/wp-content\/uploads\/2020\/03\/Imagen-Covid19.png 1080w, https:\/\/fjarno.org\/wp-content\/uploads\/2020\/03\/Imagen-Covid19-300x300.png 300w, https:\/\/fjarno.org\/wp-content\/uploads\/2020\/03\/Imagen-Covid19-100x100.png 100w, https:\/\/fjarno.org\/wp-content\/uploads\/2020\/03\/Imagen-Covid19-600x600.png 600w, https:\/\/fjarno.org\/wp-content\/uploads\/2020\/03\/Imagen-Covid19-1024x1024.png 1024w, https:\/\/fjarno.org\/wp-content\/uploads\/2020\/03\/Imagen-Covid19-150x150.png 150w, https:\/\/fjarno.org\/wp-content\/uploads\/2020\/03\/Imagen-Covid19-768x768.png 768w\" sizes=\"auto, (max-width: 431px) 100vw, 431px\" \/> <\/em><\/p>\n<p><strong>Article<\/strong><br \/>\nAccepci\u00f3 1 del Diccionari de Llengua Catalana \u2013 Institut d\u2019Estudis Catalans<br \/>\n<strong><em>1 <\/em><\/strong><em>1 <\/em><em>m.<\/em><em> <\/em><em>[LC] [DR] <\/em><em>Disposici\u00f3 que en conjunt amb unes altres forma un estatut, un reglament, un tractat, un contracte, etc.<\/em><\/p>\n<p>Minut rere minut, al telenot\u00edcies, a Instagram, al diari, van apareixent missatges ennumerats amb recomanacions per fer front a aquesta situaci\u00f3 inaudita, v\u00eddeos en <em>time-lapse<\/em> amb la rutina d\u2019exercicis per acabar abra\u00e7ant el teu gos al terra, o compartint fotografies amb <em>hyper healthy<\/em> esmorzars.<\/p>\n<p>Per\u00f2\u2026 Qu\u00e8 pot provocar aquest <strong>exc\u00e9s d\u2019informaci\u00f3<\/strong>, <strong>imatge<\/strong> i <strong>precisi\u00f3 <\/strong>en les <strong>recomanacions<\/strong> que finalment, es tornen en <strong>directrius<\/strong>?<\/p>\n<p>Faig una proposta en la resposta: Provoquen la <u>dificultat de substraure lo propi<\/u>, ja que queda enmascarat pel social i per l\u2019ideal del col\u00b7lectiu, i <u>l\u2019atrofia de la creativitat<\/u>.<\/p>\n<p>Argumentem-ho!<\/p>\n<p>&nbsp;<\/p>\n<p><strong><u> <\/u><\/strong><strong><u>La normalitat com a vel del particular<\/u><\/strong><\/p>\n<p>Sembla que en l\u2019eco dels patis de llums i dels balcons ressona un missatge a l\u2019un\u00edson pels diferents canals de comunicaci\u00f3: <em>La por \u00e9s una emoci\u00f3 normal. La por ens permet sobreviure. Hi ha una por adaptativa i una altra de patol\u00f2gica<\/em>. Etc\u00e8tera i m\u00e9s! <\/p>\n<p>Per\u00f2\u2026 I si deixem d\u2019un costat aquests <strong>nous mantres normalitzadors<\/strong> i per tant, <strong>homogenis<\/strong>, i intentem anar una mica <strong>m\u00e9s enll\u00e0<\/strong>, en direcci\u00f3 <strong>a l\u2019heterogeni<\/strong>? I si ens preguntem quins records i situacions viscudes o imaginades, pr\u00f2pies, ens venen a la ment amb aquest confinament i angoixa pel contagi? <\/p>\n<p>La proposta prov\u00e9 de la seg\u00fcent l\u00f2gica: el discurs social t\u00e9 tend\u00e8ncia a tapar l\u2019enigma de cadasc\u00fa.<\/p>\n<p>En psicoan\u00e0lisi, s\u2019aposta per investigacions que diferencien l\u2019<strong>angoixa<\/strong> de la <strong>por<\/strong>. Tal i com ens indica Daniela Aparicio en el seu article \u201cMiedo o angustia desde el psicoan\u00e1lisis\u201d<em> <a href=\"\/fjarno\/#_ftn1\" name=\"_ftnref1\"><strong>[1]<\/strong><\/a><\/em>, <em>la por tindria un objecte amena\u00e7ant extern, del qual s\u2019ha de fugir necess\u00e0riament per protegir-se, com per exemple un incendi <\/em>(en aquest cas, un virus).<em> L\u2019angoixa, no t\u00e9 aquest objecte extern, l\u2019amena\u00e7a prov\u00e9 de l\u2019interior de cada subjecte.<\/em> <\/p>\n<p>En aquest cas, es tractaria d\u2019una articulaci\u00f3 entre l\u2019intern i l\u2019extern, amb por i angoixa. Per molt que sigui normal angoixar-se per saber que no es pot sortir, per nom\u00e9s tenir contacte social amb una o dues persones, per no poder tenir vinculaci\u00f3 f\u00edsica amb ning\u00fa ja que vius sol o per precauci\u00f3, t\u2019has hagut d\u2019a\u00efllar, <strong>hi ha elements d\u2019aquesta angoixa que el COVID-19 no pot cernir ni explicar<\/strong>. Per aix\u00f2, aquest moment pot ser l\u2019indicat per fer front i treballar tot all\u00f2 que ara es magnifica amb el pas dels dies de confinament.  <\/p>\n<p>&nbsp;<\/p>\n<p><strong><u>Deconstrucci\u00f3 de consells<\/u><\/strong><\/p>\n<p>Vivim en l\u2019\u00e8poca dels <strong>imperatius<\/strong>, la <strong>hiperactivitat<\/strong>, l\u2019<strong>hiperconsum<\/strong>. Sembla ser que les \u00e0rees de l\u2019hum\u00e0 s\u2019han contaminat per les orientacions capitalistes, essent que fins i tot el llenguatge entre psic\u00f2legs s\u2019ha adaptat a termes econ\u00f2mics com \u201c<strong>gesti\u00f3 emocional<\/strong>\u201d, la qual es pot ennumerar, potenciar, positivitzar\u2026 <\/p>\n<p>Amb respecte per la feina realitzada per altres col\u00b7legues, la proposta d\u2019aquest article \u00e9s agafar cadascuna de les recomanacions per foradar-les. Per passar <strong>dels imperatius generalitzadors<\/strong> <strong>al cas per cas<\/strong>, ja que hi ha tantes maneres de dur a terme aquest proc\u00e9s com humans vivint a la terra. <\/p>\n<ol>\n<li><em>Informa\u2019t b\u00e9 i informa b\u00e9 als altres<\/em>, o no: depenent del teu nivell de consci\u00e8ncia i del que et faci sentir malament con\u00e8ixer el nombre d\u2019afectats, curats i morts.<\/li>\n<li><em>Organitza\u2019t<\/em> o deixa l\u2019organitzar-te per quan hagis de tornar a la rutina. L\u2019\u201daprofitar el temps\u201d \u00e9s un imperatiu ferotge que serveix per alimentar l\u2019angoixa i el sentiment d\u2019inutilitat. <\/li>\n<li><em>Mant\u00e9n la teva xarxa social activa<\/em>, depenent del dia.<\/li>\n<li><em>Cuida\u2019t, protegeix-te<\/em> per\u00f2 no acabis amb les mans resseques per rentar-te-les tant si est\u00e0s sol a casa!<\/li>\n<li><em>Relaxa\u2019t, distreu-te<\/em> per\u00f2 \u00e9s dif\u00edcil d\u2019assolir si has d\u2019estar pensant que ara toca relaxar-se i distreure\u2019s.<\/li>\n<li><em>Descobreix el costat positiu<\/em>, com totes les coses. Per\u00f2\u2026 No tinc dret a viure tot aix\u00f2 negativament? I si en lloc de <a href=\"https:\/\/www.instagram.com\/mrwonderful_\/?hl=es\">Mr. Wonderful<\/a> s\u00f3c m\u00e9s de <a href=\"https:\/\/www.instagram.com\/mr_puterfull\/?hl=es\">Mr. Puterful<\/a>?  <\/li>\n<\/ol>\n<p>&nbsp;<\/p>\n<p><strong><u>Fins a quin punt els professionals en saben?<\/u><\/strong><\/p>\n<p>Freq\u00fcentment, en treballar amb persones amb diferents diagn\u00f2stics, alguns d\u2019ells cr\u00f2nics, i per tant, de llarg recorregut, provoca que el <strong>pacient<\/strong> en q\u00fcesti\u00f3 disposi d\u2019un <strong>bagatge<\/strong> i d\u2019una <strong>experi\u00e8ncia cl\u00ednica<\/strong> en la qual \u00e9s capa\u00e7 de detectar la falta d\u2019experi\u00e8ncia en el t\u00e8cnic, algun petit oblit per part de l\u2019equip sanitari, entre d\u2019altres. Aquest punt no se sol contemplar als simposis. No obstant aix\u00f2, sovint el pacient \u00e9s conscient de la seva nano-recepci\u00f3 cap a alguns medicaments, de com controlar-se la pressi\u00f3 arterial i com li fluctua la diabetis al llarg del dia. \u00c9s a dir, pot ser un dels millors aliats per a l\u2019equip m\u00e8dic sempre i quan aquest \u00faltim l\u2019accepti com a membre pensant i amb dret de decidir.   <\/p>\n<p>Per una banda, pel que fa a la feina amb el pacient, la <strong>caiguda<\/strong> del <strong>saber m\u00e8dic<\/strong> \u00e9s tot un <strong>proc\u00e9s d\u2019elaboraci\u00f3<\/strong>, gaireb\u00e9 inevitable. Alhora d\u2019un empoderament del pacient en qu\u00e8 s\u2019atreveixi a dir el que pensa a aquest Gran Altre Sanitari. <\/p>\n<p>Un element crucial des de la psicoan\u00e0lisi \u00e9s que el professional no caigui en la trampa de <strong>creure que sap<\/strong>. El social i els pacients li poden atorgar un <strong>suposat saber<\/strong>, per\u00f2 el seu lloc \u00e9s el del <strong>no-saber<\/strong> (que no \u00e9s equivalent a la ignor\u00e0ncia \u2013no voler saber. El no-saber implica una elaboraci\u00f3 del saber) i el de no donar <strong>res per obvi<\/strong>. Es tracta d\u2019articular aquest no-saber del professional, amb el no-saber del pacient, que no acaba d\u2019entendre per qu\u00e8 aquells afectes apareixen tant insistents, violents o parasitaris; per tal que el proc\u00e9s terap\u00e8utic pugui tenir lloc. \u00c9s important que en tot aquest proc\u00e9s hi transiti una pregunta ja que els interrogants serveixen per refrenar l\u2019embranzida del social i tamb\u00e9, per disposar de l\u2019oportunitat d\u2019assumir la pr\u00f2pia responsabilitat; ajuden a construir <strong>la pr\u00f2pia resposta<\/strong>, l\u2019\u00fanica que <strong>allibera<\/strong>.   <\/p>\n<p>&nbsp;<\/p>\n<p><strong><u>No combatre el COVID-19<\/u><\/strong><\/p>\n<p>Per qu\u00e8 no combatre? Sovint es parla de lluita, d\u2019enemic, de v\u00e8ncer la malaltia. \u00c9s a dir, es crea un <strong>ens maligne<\/strong> i <strong>consistent<\/strong> al qual batallar. Per\u00f2 aix\u00f2 no \u00e9s donar a la malaltia un lloc privilegiat i de reconeixement nuclear?   <\/p>\n<p>Potser l\u2019interessant seria aconseguir que el virus, la malaltia renal cr\u00f2nica o les possibles infeccions en persones immunodeprimides, formin part acollida de la nostra realitat, per poder donar lloc al <strong>saber-fer<\/strong>, saber-fer amb la malaltia, saber-fer amb el temps lliure, <strong>deixar-se fer<\/strong> per l\u2019espontane\u00eftat del moment, etc.<\/p>\n<p>&nbsp;<\/p>\n<p><strong><u>Articular el social, el covid i el particular<\/u><\/strong><\/p>\n<p>La psicoan\u00e0lisi lacaniana s\u2019inspira en el budisme per incorporar en la seva teoria les tres passions de l\u2019\u00e0nima: l\u2019<strong>amor<\/strong>, l\u2019<strong>odi<\/strong> i la <strong>ignor\u00e0ncia<\/strong>. Aquests tres elements poden veure\u2019s reflectits en el <strong>nus borromeu<\/strong> (i conorat), configurat per tres cercles amb espais comuns. <\/p>\n<p><img loading=\"lazy\" decoding=\"async\" class=\"alignnone wp-image-5179\" src=\"https:\/\/fjarno.org\/wp-content\/uploads\/2020\/03\/Nudo-CAT.png\" alt=\"\" width=\"430\" height=\"430\" srcset=\"https:\/\/fjarno.org\/wp-content\/uploads\/2020\/03\/Nudo-CAT.png 1080w, https:\/\/fjarno.org\/wp-content\/uploads\/2020\/03\/Nudo-CAT-300x300.png 300w, https:\/\/fjarno.org\/wp-content\/uploads\/2020\/03\/Nudo-CAT-100x100.png 100w, https:\/\/fjarno.org\/wp-content\/uploads\/2020\/03\/Nudo-CAT-600x600.png 600w, https:\/\/fjarno.org\/wp-content\/uploads\/2020\/03\/Nudo-CAT-1024x1024.png 1024w, https:\/\/fjarno.org\/wp-content\/uploads\/2020\/03\/Nudo-CAT-150x150.png 150w, https:\/\/fjarno.org\/wp-content\/uploads\/2020\/03\/Nudo-CAT-768x768.png 768w\" sizes=\"auto, (max-width: 430px) 100vw, 430px\" \/><\/p>\n<p>Cada concepte aplicat a un cercle \u00e9s una <strong>proposta<\/strong> que ens ajuda a <strong>pensar la relaci\u00f3 entre els elements<\/strong>, tenint en compte que l\u2019articulaci\u00f3 particular d\u2019aquests tres elements, \u00e9s el que ens far\u00e0 funcionar com a subjectes.<\/p>\n<p>Aplicat a la situaci\u00f3 actual, intentar\u00edem escoltar i intervenir en especial, entre els lla\u00e7os del <strong>COVID-19 i el particular<\/strong>. La relaci\u00f3 entre el social i el covid, o el social i el particular poden tenir la funci\u00f3 de mascarada, de desangoixa, necess\u00e0ria, per\u00f2 en algun punt obstaculitzadora del propi progr\u00e9s. D\u2019altra banda, les possibles intervencions entre el social i el particular, podrien anar en la direcci\u00f3 de marcar una dist\u00e0ncia i poder diferenciar entre <strong>mandat<\/strong> i <strong>desig<\/strong>.  <\/p>\n<p>D\u2019aquesta manera, \u00e9s en l\u2019articulaci\u00f3 del cercle <strong>vermell<\/strong> i el <strong>blau<\/strong>, on hem de conquerir quelcom del saber, tallar la passi\u00f3 per la ignor\u00e0ncia, per tal que quelcom del <strong>simptom\u00e0tic propi<\/strong> sorgeixi, ja sigui escrivint un anti-article sobre el covid-19, preparant un repertori de can\u00e7ons per cantar al balc\u00f3 o fent-se voluntari per realitzar la compra a persones grans.<\/p>\n<p>&nbsp;<\/p>\n<p><strong><u>A mode de conclusi\u00f3, tres reflexions<\/u><\/strong><\/p>\n<p>He produ\u00eft un lapsus cada vegada que he hagut d\u2019escriure COVID-19, escrivint en el seu lloc <strong>COVID-10<\/strong>. El 19 est\u00e0 a punt d\u2019aconseguir ser un n\u00famero sencer, ideal. En canvi, el 10 \u00e9s el reflex de l\u2019<strong>excel\u00b7l\u00e8ncia<\/strong>, quelcom que est\u00e0 constantment en joc en aquests moments.  <\/p>\n<p>Protegeix-te del contagi per\u00f2 no oblidis protegir el teu propi <strong>desig inconscient<\/strong>.<\/p>\n<p>I recorda, <strong>Shakespeare<\/strong> va escriure <strong>Hamlet<\/strong> i <strong>Lady Macbeth<\/strong> en una quarentena, i <strong>Newton<\/strong> va elaborar la seva <strong>teoria sobre la gravetat<\/strong>.<\/p>\n<p>&nbsp;<\/p>\n<p><strong><u>Bibliografia<\/u><\/strong><\/p>\n<p>COPC. (13 de mar\u00e7 del 2020). El Col\u00b7legi Oficial de Psicologia de Catalunya publica una guia de gesti\u00f3 psicol\u00f2gica davant de quarantenes per malalties infeccioses. <em>COPC:<\/em> <a href=\"https:\/\/www.copc.cat\/ct\/noticias\/1040\/El-Col-legi-Oficial-de-Psicologia-de-Catalunya-publica-una-guia-de-gestio-psicol-gica-davant-quarantenes-per-malalties-infeccioses\">https:\/\/www.copc.cat\/ct\/noticias\/1040\/El-Col-legi-Oficial-de-Psicologia-de-Catalunya-publica-una-guia-de-gestio-psicol-gica-davant-quarantenes-per-malalties-infeccioses<\/a>  <\/p>\n<p>Aparicio, D. (24 d\u2019octubre del 2011). Miedo o angustia desde el psicoan\u00e1lisis. <em>Daniela Aparicio Blog<\/em>: <a href=\"https:\/\/danielaaparicio.wordpress.com\/2011\/10\/24\/miedo-o-angustia-desde-el-psicoanalisis\/\">https:\/\/danielaaparicio.wordpress.com\/2011\/10\/24\/miedo-o-angustia-desde-el-psicoanalisis\/<\/a> <\/p>\n<p>God\u00ednez, R. (2015). Del proyecto a su construcci\u00f3n: la subjetividad de un grupo. <em>L\u2019Interrogant Fundaci\u00f3 Nou Barris per a la Salut Mental.<\/em> Vol. 13, 45-48. <\/p>\n<p>Toh\u00e0, D. (2015). Abnegaci\u00f3n, lealtad y sacrificio (en pro de la excelencia). <em>L\u2019Interrogant. Fundaci\u00f3 Nou Barris per a la Salut Mental.<\/em> Vol. 13, 57-59. <\/p>\n<p>Soler, C. (2016).  <em>Los afectos lacanianos.<\/em>  Buenos Aires, Argentina, Letra Viva.<\/p>\n<p>Ball, P. (4 de gener del 2020). \u00bfCu\u00e1n cierto es que a Isaac Newton se le ocurri\u00f3 la teor\u00eda de la Gravedad al ver una manzana caer? <em>BBC Science Stories<\/em>: <a href=\"https:\/\/www.bbc.com\/mundo\/noticias-50948162\">https:\/\/www.bbc.com\/mundo\/noticias-50948162<\/a> <\/p>\n<p>PIJAMASURF. (16 de mar\u00e7 del 2020). Shakespeare escribi\u00f3 \u201cEl Rey Lear\u201d y \u201cMacbeth\u201d durante una cuarentena. <em>Pijamasurf:<\/em> <a href=\"https:\/\/pijamasurf.com\/2020\/03\/shakespeare_escribio_rey_lear_y_macbeth_durante_una_cuarentena\/\">https:\/\/pijamasurf.com\/2020\/03\/shakespeare_escribio_rey_lear_y_macbeth_durante_una_cuarentena\/<\/a>  <\/p>\n<p><strong><u> <\/u><\/strong><\/p>\n<p><a href=\"\/fjarno\/#_ftnref1\" name=\"_ftn1\">[1]<\/a> https:\/\/danielaaparicio.wordpress.com\/2011\/10\/24\/miedo-o-angustia-desde-el-psicoanalisis\/<\/p>\n<h5><\/h5>\n<h5><em>Esther Jim\u00e9nez Garriga<\/em><\/h5>\n<h5><em>Psic\u00f2loga Sanit\u00e0ria i Psicoanalista<\/em><\/h5>\n","protected":false},"excerpt":{"rendered":"<p>Si esperes llegir un article ple de consells per combatre el confinament, aquest no \u00e9s el lloc indicat. Millor et recomanem que visitis la Guia de gesti\u00f3 psicol\u00f2gica per a quarantenes per malalties infeccioses realitzada pel Col\u00b7legi Oficial de Psicologia de Catalunya. Article Accepci\u00f3 6 del Diccionario de la Real Academia Espa\u00f1ola 6. m. Cada [&hellip;]<\/p>\n","protected":false},"author":1,"featured_media":7273,"comment_status":"open","ping_status":"open","sticky":false,"template":"","format":"standard","meta":{"footnotes":""},"categories":[110],"tags":[],"class_list":["post-7272","post","type-post","status-publish","format-standard","has-post-thumbnail","hentry","category-blog","entry","has-media","owp-thumbs-layout-horizontal","owp-btn-normal","owp-tabs-layout-horizontal","has-no-thumbnails","has-product-nav"],"_links":{"self":[{"href":"https:\/\/fjarno.org\/ca\/wp-json\/wp\/v2\/posts\/7272","targetHints":{"allow":["GET"]}}],"collection":[{"href":"https:\/\/fjarno.org\/ca\/wp-json\/wp\/v2\/posts"}],"about":[{"href":"https:\/\/fjarno.org\/ca\/wp-json\/wp\/v2\/types\/post"}],"author":[{"embeddable":true,"href":"https:\/\/fjarno.org\/ca\/wp-json\/wp\/v2\/users\/1"}],"replies":[{"embeddable":true,"href":"https:\/\/fjarno.org\/ca\/wp-json\/wp\/v2\/comments?post=7272"}],"version-history":[{"count":0,"href":"https:\/\/fjarno.org\/ca\/wp-json\/wp\/v2\/posts\/7272\/revisions"}],"wp:featuredmedia":[{"embeddable":true,"href":"https:\/\/fjarno.org\/ca\/wp-json\/wp\/v2\/media\/7273"}],"wp:attachment":[{"href":"https:\/\/fjarno.org\/ca\/wp-json\/wp\/v2\/media?parent=7272"}],"wp:term":[{"taxonomy":"category","embeddable":true,"href":"https:\/\/fjarno.org\/ca\/wp-json\/wp\/v2\/categories?post=7272"},{"taxonomy":"post_tag","embeddable":true,"href":"https:\/\/fjarno.org\/ca\/wp-json\/wp\/v2\/tags?post=7272"}],"curies":[{"name":"wp","href":"https:\/\/api.w.org\/{rel}","templated":true}]}}