{"id":7262,"date":"2021-03-09T10:17:05","date_gmt":"2021-03-09T10:17:05","guid":{"rendered":"https:\/\/fjarno.org\/dia-mundial-del-ronyo-2021\/"},"modified":"2021-03-09T10:17:05","modified_gmt":"2021-03-09T10:17:05","slug":"dia-mundial-del-ronyo-2021","status":"publish","type":"post","link":"https:\/\/fjarno.org\/ca\/dia-mundial-del-ronyo-2021\/","title":{"rendered":"Dia Mundial del Rony\u00f3 2021"},"content":{"rendered":"<p>Aquest any hem celebrat un Dia del Rony\u00f3 molt especial.<\/p>\n<p>Hem realitzat un taller sobre donaci\u00f3 d\u2019\u00f2rgans i trasplantament a l\u2019<strong><a href=\"https:\/\/agora.xtec.cat\/escjoanmaragall\/\">Escola P\u00fablica Joan Maragall de Lleida<\/a>.<\/strong><\/p>\n<p>Per tal d\u2019adaptar els continguts i materials a l\u2019edat i capacitats de cada cicle, hem utilitzat recursos creats per <a href=\"https:\/\/somosnupa.org\/\"><strong>Nupa<\/strong><\/a>. Els ninos <strong>Mart\u00ed i Yara<\/strong>, inspirats en la hist\u00f2ria real d\u2019un nen i una nena trasplantats de diversos \u00f2rgans que duen mascareta i tenen cat\u00e8ter i cicatriu, aix\u00ed com el conte: \u201c<strong><em>Aqu\u00ed dentro hay un secreto para h\u00e9roes<\/em><\/strong>\u201d. <\/p>\n<p><img loading=\"lazy\" decoding=\"async\" class=\"alignnone wp-image-5292\" src=\"https:\/\/fjarno.org\/wp-content\/uploads\/2021\/03\/IMG_2790-scaled.jpg\" alt=\"\" width=\"484\" height=\"363\"><\/p>\n<p>Tamb\u00e9 hem comptat amb la col\u00b7laboraci\u00f3 de la Associaci\u00f3 <a href=\"https:\/\/www.asociacionentuszapatos.com\/\"><strong>En tus Zapatos<\/strong><\/a> que ha compartit el testimoni de tres herois que des de ben petits han conviscut amb la malaltia renal i ens ha mostrat el seu s\u00faper poder: Dibuixar somriures enmig de l\u2019adversitat i robar-nos el cor.<\/p>\n<p><img loading=\"lazy\" decoding=\"async\" class=\"alignnone wp-image-5293\" src=\"https:\/\/fjarno.org\/wp-content\/uploads\/2021\/03\/Clara-1.jpeg\" alt=\"\" width=\"240\" height=\"320\" srcset=\"https:\/\/fjarno.org\/wp-content\/uploads\/2021\/03\/Clara-1.jpeg 768w, https:\/\/fjarno.org\/wp-content\/uploads\/2021\/03\/Clara-1-600x800.jpeg 600w, https:\/\/fjarno.org\/wp-content\/uploads\/2021\/03\/Clara-1-225x300.jpeg 225w\" sizes=\"auto, (max-width: 240px) 100vw, 240px\" \/> <img loading=\"lazy\" decoding=\"async\" class=\"alignnone size-full wp-image-5294\" src=\"https:\/\/fjarno.org\/wp-content\/uploads\/2021\/03\/Matilda.jpeg\" alt=\"\" width=\"240\" height=\"320\" srcset=\"https:\/\/fjarno.org\/wp-content\/uploads\/2021\/03\/Matilda.jpeg 240w, https:\/\/fjarno.org\/wp-content\/uploads\/2021\/03\/Matilda-225x300.jpeg 225w\" sizes=\"auto, (max-width: 240px) 100vw, 240px\" \/> <img loading=\"lazy\" decoding=\"async\" class=\"alignnone wp-image-5295\" src=\"https:\/\/fjarno.org\/wp-content\/uploads\/2021\/03\/Valent%C3%ADn.jpeg\" alt=\"\" width=\"241\" height=\"322\"><\/p>\n<p>Una de les imatges de <a href=\"https:\/\/www.genaromassot.com\/\"><strong>Genaro Massot<\/strong><\/a> per la nostra campanya #finalalternatiu, ha servit per reflexionar amb els alumnes sobre un \u201cs\u00faper poder\u201d que tots tenim amagat i desconeixem. El poder de salvar 8 vides si donem els nostres \u00f2rgans quan morim. <\/p>\n<p><img loading=\"lazy\" decoding=\"async\" class=\"alignnone wp-image-5296\" src=\"https:\/\/fjarno.org\/wp-content\/uploads\/2021\/03\/The-avengers-copia.jpg\" alt=\"\" width=\"567\" height=\"378\" srcset=\"https:\/\/fjarno.org\/wp-content\/uploads\/2021\/03\/The-avengers-copia.jpg 1920w, https:\/\/fjarno.org\/wp-content\/uploads\/2021\/03\/The-avengers-copia-600x400.jpg 600w, https:\/\/fjarno.org\/wp-content\/uploads\/2021\/03\/The-avengers-copia-300x200.jpg 300w, https:\/\/fjarno.org\/wp-content\/uploads\/2021\/03\/The-avengers-copia-1024x683.jpg 1024w, https:\/\/fjarno.org\/wp-content\/uploads\/2021\/03\/The-avengers-copia-768x512.jpg 768w, https:\/\/fjarno.org\/wp-content\/uploads\/2021\/03\/The-avengers-copia-1536x1024.jpg 1536w\" sizes=\"auto, (max-width: 567px) 100vw, 567px\" \/><\/p>\n<p>La met\u00e0fora del reciclatge ha contribuit a relacionar all\u00f2 que ja sabien amb una realitat nova per a la majoria: Els \u00f2rgans i la vida, tamb\u00e9 es poden reutilitzar. Hem treballat aquests conceptes amb una activitat molt visual tot fent servir els cors de l\u2019<g id=\"gid_0\"><g id=\"gid_1\">OCATT<\/g><\/g>. Una altra activitat que ha agradat molt, ha estat poder veure els \u00f2rgans amb realitat augmentada gr\u00e0cies a la samarreta m\u00e0gica de <a href=\"https:\/\/bodyplanet.es\/tienda\/camiseta\/\"><strong>Body Planet<\/strong>.<\/a>  <\/p>\n<p><img loading=\"lazy\" decoding=\"async\" class=\"alignnone wp-image-5316\" src=\"https:\/\/fjarno.org\/wp-content\/uploads\/2021\/03\/IMG_20210301_140624_613.jpg\" alt=\"\" width=\"418\" height=\"418\" srcset=\"https:\/\/fjarno.org\/wp-content\/uploads\/2021\/03\/IMG_20210301_140624_613.jpg 2074w, https:\/\/fjarno.org\/wp-content\/uploads\/2021\/03\/IMG_20210301_140624_613-300x300.jpg 300w, https:\/\/fjarno.org\/wp-content\/uploads\/2021\/03\/IMG_20210301_140624_613-100x100.jpg 100w, https:\/\/fjarno.org\/wp-content\/uploads\/2021\/03\/IMG_20210301_140624_613-600x600.jpg 600w, https:\/\/fjarno.org\/wp-content\/uploads\/2021\/03\/IMG_20210301_140624_613-1024x1024.jpg 1024w, https:\/\/fjarno.org\/wp-content\/uploads\/2021\/03\/IMG_20210301_140624_613-150x150.jpg 150w, https:\/\/fjarno.org\/wp-content\/uploads\/2021\/03\/IMG_20210301_140624_613-768x768.jpg 768w, https:\/\/fjarno.org\/wp-content\/uploads\/2021\/03\/IMG_20210301_140624_613-1536x1536.jpg 1536w, https:\/\/fjarno.org\/wp-content\/uploads\/2021\/03\/IMG_20210301_140624_613-2048x2048.jpg 2048w\" sizes=\"auto, (max-width: 418px) 100vw, 418px\" \/> <img loading=\"lazy\" decoding=\"async\" class=\"alignnone wp-image-5324\" src=\"https:\/\/fjarno.org\/wp-content\/uploads\/2021\/03\/Samarreta-scaled.jpg\" alt=\"\" width=\"660\" height=\"418\"><\/p>\n<p>Com a cloenda del projecte, hem animat a tots els alumnes, des de primer a sis\u00e9, a escriure cartes o dibuixos adre\u00e7ats a nenes i nens que estan hospitalitzats, que fan di\u00e0lisi a casa o que han estat trasplantats. Aquestes cartes s\u00f3n molt especials, no nom\u00e9s pel que fa al contingut sin\u00f3 perqu\u00e8 van acompanyades d\u2019un ronyons preciosos pintats i cedits per l\u2019artista <strong><a href=\"https:\/\/www.mariantoniamsalvart.com\/\">Maria Ant\u00f2nia Salv\u00e0<\/a>.<\/strong> <\/p>\n<p><img loading=\"lazy\" decoding=\"async\" class=\"alignnone wp-image-5315\" src=\"https:\/\/fjarno.org\/wp-content\/uploads\/2021\/03\/20210303_131321-scaled.jpg\" alt=\"\" width=\"352\" height=\"264\"> <img loading=\"lazy\" decoding=\"async\" class=\"alignnone wp-image-5314\" src=\"https:\/\/fjarno.org\/wp-content\/uploads\/2021\/03\/20210303_131205-scaled.jpg\" alt=\"\" width=\"371\" height=\"278\"> <img loading=\"lazy\" decoding=\"async\" class=\"alignnone wp-image-5291\" src=\"https:\/\/fjarno.org\/wp-content\/uploads\/2021\/03\/ronyons_per-xarxa.jpg\" alt=\"\" width=\"279\" height=\"279\" srcset=\"https:\/\/fjarno.org\/wp-content\/uploads\/2021\/03\/ronyons_per-xarxa.jpg 1150w, https:\/\/fjarno.org\/wp-content\/uploads\/2021\/03\/ronyons_per-xarxa-300x300.jpg 300w, https:\/\/fjarno.org\/wp-content\/uploads\/2021\/03\/ronyons_per-xarxa-100x100.jpg 100w, https:\/\/fjarno.org\/wp-content\/uploads\/2021\/03\/ronyons_per-xarxa-600x600.jpg 600w, https:\/\/fjarno.org\/wp-content\/uploads\/2021\/03\/ronyons_per-xarxa-1024x1024.jpg 1024w, https:\/\/fjarno.org\/wp-content\/uploads\/2021\/03\/ronyons_per-xarxa-150x150.jpg 150w, https:\/\/fjarno.org\/wp-content\/uploads\/2021\/03\/ronyons_per-xarxa-768x768.jpg 768w\" sizes=\"auto, (max-width: 279px) 100vw, 279px\" \/><\/p>\n<p>No ens imaginem millor forma de conmemorar el Dia Mundial del Rony\u00f3.<\/p>\n<p>Gr\u00e0cies de tot rony\u00f3 a tots els que ho heu fet posible!!!<\/p>\n<p>Hem realitzat un taller sobre donaci\u00f3 d\u2019\u00f2rgans i trasplantament a l\u2019<strong><a href=\"https:\/\/agora.xtec.cat\/escjoanmaragall\/\">Escola P\u00fablica Joan Maragall<\/a><\/strong> de Lleida.<\/p>\n<p>Per tal d\u2019adaptar els continguts i materials a l\u2019edat i capacitats de cada cicle, hem utilitzat recursos creats per <a href=\"https:\/\/somosnupa.org\/\"><strong>Nupa<\/strong><\/a>. Els ninos <strong>Mart\u00ed i Yara<\/strong>, inspirats en la hist\u00f2ria real d\u2019un nen i una nena trasplantats de diversos \u00f2rgans que duen mascareta i tenen cat\u00e8ter i cicatriu, aix\u00ed com el conte: \u201c<strong><em>Aqu\u00ed dentro hay un secreto para h\u00e9roes<\/em><\/strong>\u201d. <\/p>\n<p><img loading=\"lazy\" decoding=\"async\" class=\"wp-image-5292 alignnone\" src=\"https:\/\/fjarno.org\/wp-content\/uploads\/2021\/03\/IMG_2790-scaled.jpg\" alt=\"\" width=\"372\" height=\"279\"><\/p>\n<p>Tamb\u00e9 hem comptat amb la col\u00b7laboraci\u00f3 de la Associaci\u00f3 <a href=\"https:\/\/www.asociacionentuszapatos.com\/\"><strong>En tus Zapatos<\/strong><\/a> que ha compartit el testimoni de tres herois que des de ben petits han conviscut amb la malaltia renal i ens ha mostrat el seu s\u00faper poder: Dibuixar somriures enmig de l\u2019adversitat i robar-nos el cor.<\/p>\n<p>.<img loading=\"lazy\" decoding=\"async\" class=\"alignnone wp-image-5293\" src=\"https:\/\/fjarno.org\/wp-content\/uploads\/2021\/03\/Clara-1.jpeg\" alt=\"\" width=\"187\" height=\"249\" srcset=\"https:\/\/fjarno.org\/wp-content\/uploads\/2021\/03\/Clara-1.jpeg 768w, https:\/\/fjarno.org\/wp-content\/uploads\/2021\/03\/Clara-1-600x800.jpeg 600w, https:\/\/fjarno.org\/wp-content\/uploads\/2021\/03\/Clara-1-225x300.jpeg 225w\" sizes=\"auto, (max-width: 187px) 100vw, 187px\" \/> <img loading=\"lazy\" decoding=\"async\" class=\"alignnone wp-image-5294\" src=\"https:\/\/fjarno.org\/wp-content\/uploads\/2021\/03\/Matilda.jpeg\" alt=\"\" width=\"186\" height=\"248\" srcset=\"https:\/\/fjarno.org\/wp-content\/uploads\/2021\/03\/Matilda.jpeg 240w, https:\/\/fjarno.org\/wp-content\/uploads\/2021\/03\/Matilda-225x300.jpeg 225w\" sizes=\"auto, (max-width: 186px) 100vw, 186px\" \/> <img loading=\"lazy\" decoding=\"async\" class=\"wp-image-5295 alignnone\" src=\"https:\/\/fjarno.org\/wp-content\/uploads\/2021\/03\/Valent%C3%ADn.jpeg\" alt=\"\" width=\"186\" height=\"248\"><\/p>\n<p>Una de les imatges de <a href=\"https:\/\/www.genaromassot.com\/\"><strong>Genaro Massot<\/strong><\/a> per la nostra campanya #finalalternatiu, ha servit per reflexionar amb els alumnes sobre un \u201cs\u00faper poder\u201d que tots tenim amagat i desconeixem. El poder de salvar 8 vides si donem els nostres \u00f2rgans quan morim. <\/p>\n<p><img loading=\"lazy\" decoding=\"async\" class=\"alignnone wp-image-5296\" src=\"https:\/\/fjarno.org\/wp-content\/uploads\/2021\/03\/The-avengers-copia.jpg\" alt=\"\" width=\"438\" height=\"292\" srcset=\"https:\/\/fjarno.org\/wp-content\/uploads\/2021\/03\/The-avengers-copia.jpg 1920w, https:\/\/fjarno.org\/wp-content\/uploads\/2021\/03\/The-avengers-copia-600x400.jpg 600w, https:\/\/fjarno.org\/wp-content\/uploads\/2021\/03\/The-avengers-copia-300x200.jpg 300w, https:\/\/fjarno.org\/wp-content\/uploads\/2021\/03\/The-avengers-copia-1024x683.jpg 1024w, https:\/\/fjarno.org\/wp-content\/uploads\/2021\/03\/The-avengers-copia-768x512.jpg 768w, https:\/\/fjarno.org\/wp-content\/uploads\/2021\/03\/The-avengers-copia-1536x1024.jpg 1536w\" sizes=\"auto, (max-width: 438px) 100vw, 438px\" \/><\/p>\n<p>La met\u00e0fora del reciclatge ha contribuit a relacionar all\u00f2 que ja sabien amb una realitat nova per a la majoria: Els \u00f2rgans i la vida, tamb\u00e9 es poden reutilitzar. Hem treballat aquests conceptes amb una activitat molt visual tot fent servir els cors de l\u2019<g id=\"gid_0\"><g id=\"gid_1\">OCATT<\/g><\/g>. Una altra activitat que ha agradat molt, ha estat poder veure els \u00f2rgans amb realitat augmentada gr\u00e0cies a la samarreta m\u00e0gica de <a href=\"https:\/\/bodyplanet.es\/tienda\/camiseta\/\"><strong>Body Planet<\/strong><\/a>.  <\/p>\n<p><img loading=\"lazy\" decoding=\"async\" class=\"alignnone wp-image-5297\" src=\"https:\/\/fjarno.org\/wp-content\/uploads\/2021\/03\/20210301_102032_001-scaled.jpg\" alt=\"\" width=\"354\" height=\"266\"><img loading=\"lazy\" decoding=\"async\" class=\"alignnone wp-image-5324\" src=\"https:\/\/fjarno.org\/wp-content\/uploads\/2021\/03\/Samarreta-scaled.jpg\" alt=\"\" width=\"417\" height=\"264\"><\/p>\n<p>Com a cloenda del projecte, hem animat a tots els alumnes, des de primer a sis\u00e9, a escriure cartes o dibuixos adre\u00e7ats a nenes i nens que estan hospitalitzats, que fan di\u00e0lisi a casa o que han estat trasplantats. Aquestes cartes s\u00f3n molt especials, no nom\u00e9s pel que fa al contingut sin\u00f3 perqu\u00e8 van acompanyades d\u2019un ronyons preciosos pintats i cedits per l\u2019artista <strong><a href=\"https:\/\/www.mariantoniamsalvart.com\/\">Maria Ant\u00f2nia Salv\u00e0<\/a>.<\/strong> <\/p>\n<p><img loading=\"lazy\" decoding=\"async\" class=\"alignnone wp-image-5313 \" src=\"https:\/\/fjarno.org\/wp-content\/uploads\/2021\/03\/20210303_131109-scaled-e1615284886450.jpg\" alt=\"\" width=\"380\" height=\"285\" srcset=\"https:\/\/fjarno.org\/wp-content\/uploads\/2021\/03\/20210303_131109-scaled-e1615284886450.jpg 2560w, https:\/\/fjarno.org\/wp-content\/uploads\/2021\/03\/20210303_131109-scaled-e1615284886450-600x450.jpg 600w, https:\/\/fjarno.org\/wp-content\/uploads\/2021\/03\/20210303_131109-scaled-e1615284886450-300x225.jpg 300w, https:\/\/fjarno.org\/wp-content\/uploads\/2021\/03\/20210303_131109-scaled-e1615284886450-1024x768.jpg 1024w, https:\/\/fjarno.org\/wp-content\/uploads\/2021\/03\/20210303_131109-scaled-e1615284886450-768x576.jpg 768w, https:\/\/fjarno.org\/wp-content\/uploads\/2021\/03\/20210303_131109-scaled-e1615284886450-1536x1152.jpg 1536w, https:\/\/fjarno.org\/wp-content\/uploads\/2021\/03\/20210303_131109-scaled-e1615284886450-2048x1536.jpg 2048w\" sizes=\"auto, (max-width: 380px) 100vw, 380px\" \/> <img loading=\"lazy\" decoding=\"async\" class=\"alignnone wp-image-5314\" src=\"https:\/\/fjarno.org\/wp-content\/uploads\/2021\/03\/20210303_131205-scaled.jpg\" alt=\"\" width=\"381\" height=\"287\"><img loading=\"lazy\" decoding=\"async\" class=\"alignnone wp-image-5291\" src=\"https:\/\/fjarno.org\/wp-content\/uploads\/2021\/03\/ronyons_per-xarxa.jpg\" alt=\"\" width=\"285\" height=\"284\" srcset=\"https:\/\/fjarno.org\/wp-content\/uploads\/2021\/03\/ronyons_per-xarxa.jpg 1150w, https:\/\/fjarno.org\/wp-content\/uploads\/2021\/03\/ronyons_per-xarxa-300x300.jpg 300w, https:\/\/fjarno.org\/wp-content\/uploads\/2021\/03\/ronyons_per-xarxa-100x100.jpg 100w, https:\/\/fjarno.org\/wp-content\/uploads\/2021\/03\/ronyons_per-xarxa-600x600.jpg 600w, https:\/\/fjarno.org\/wp-content\/uploads\/2021\/03\/ronyons_per-xarxa-1024x1024.jpg 1024w, https:\/\/fjarno.org\/wp-content\/uploads\/2021\/03\/ronyons_per-xarxa-150x150.jpg 150w, https:\/\/fjarno.org\/wp-content\/uploads\/2021\/03\/ronyons_per-xarxa-768x768.jpg 768w\" sizes=\"auto, (max-width: 285px) 100vw, 285px\" \/><\/p>\n<p>No ens imaginem millor forma de conmemorar el Dia Mundial del Rony\u00f3.<\/p>\n<p>Gr\u00e0cies de tot rony\u00f3 a tots els que ho heu fet posible!!!<\/p>\n","protected":false},"excerpt":{"rendered":"<p>Aquest any hem celebrat un Dia del Rony\u00f3 molt especial. Hem realitzat un taller sobre donaci\u00f3 d\u2019\u00f2rgans i trasplantament a l\u2019Escola P\u00fablica Joan Maragall de Lleida. Per tal d\u2019adaptar els continguts i materials a l\u2019edat i capacitats de cada cicle, hem utilitzat recursos creats per Nupa. Els ninos Mart\u00ed i Yara, inspirats en la hist\u00f2ria [&hellip;]<\/p>\n","protected":false},"author":1,"featured_media":7263,"comment_status":"open","ping_status":"open","sticky":false,"template":"","format":"standard","meta":{"footnotes":""},"categories":[110],"tags":[],"class_list":["post-7262","post","type-post","status-publish","format-standard","has-post-thumbnail","hentry","category-blog","entry","has-media","owp-thumbs-layout-horizontal","owp-btn-normal","owp-tabs-layout-horizontal","has-no-thumbnails","has-product-nav"],"_links":{"self":[{"href":"https:\/\/fjarno.org\/ca\/wp-json\/wp\/v2\/posts\/7262","targetHints":{"allow":["GET"]}}],"collection":[{"href":"https:\/\/fjarno.org\/ca\/wp-json\/wp\/v2\/posts"}],"about":[{"href":"https:\/\/fjarno.org\/ca\/wp-json\/wp\/v2\/types\/post"}],"author":[{"embeddable":true,"href":"https:\/\/fjarno.org\/ca\/wp-json\/wp\/v2\/users\/1"}],"replies":[{"embeddable":true,"href":"https:\/\/fjarno.org\/ca\/wp-json\/wp\/v2\/comments?post=7262"}],"version-history":[{"count":0,"href":"https:\/\/fjarno.org\/ca\/wp-json\/wp\/v2\/posts\/7262\/revisions"}],"wp:featuredmedia":[{"embeddable":true,"href":"https:\/\/fjarno.org\/ca\/wp-json\/wp\/v2\/media\/7263"}],"wp:attachment":[{"href":"https:\/\/fjarno.org\/ca\/wp-json\/wp\/v2\/media?parent=7262"}],"wp:term":[{"taxonomy":"category","embeddable":true,"href":"https:\/\/fjarno.org\/ca\/wp-json\/wp\/v2\/categories?post=7262"},{"taxonomy":"post_tag","embeddable":true,"href":"https:\/\/fjarno.org\/ca\/wp-json\/wp\/v2\/tags?post=7262"}],"curies":[{"name":"wp","href":"https:\/\/api.w.org\/{rel}","templated":true}]}}