{"id":7216,"date":"2019-10-18T11:35:45","date_gmt":"2019-10-18T11:35:45","guid":{"rendered":"https:\/\/fjarno.org\/v-jornades-de-la-fundacio-jaume-arno\/"},"modified":"2019-10-18T11:35:45","modified_gmt":"2019-10-18T11:35:45","slug":"v-jornades-de-la-fundacio-jaume-arno","status":"publish","type":"post","link":"https:\/\/fjarno.org\/ca\/v-jornades-de-la-fundacio-jaume-arno\/","title":{"rendered":"V Jornades De La Fundaci\u00f3 Jaume Arn\u00f3"},"content":{"rendered":"<p><strong>REPTES DELS TRASPLANTAMENTS<\/strong><\/p>\n<p>El passat 15 d&#8217;octubre van tenir lloc les V Jornades organitzades per la Fundaci\u00f3 Renal Jaume Arn\u00f3: Reptes dels Trasplantaments.<\/p>\n<p>Es van abordar diferents aspectes del trasplantament renal, com ara el risc cardiovascular despr\u00e9s d&#8217;un trasplantament renal (Dra. Marisa Mart\u00edn. Servei de nefrologia Hospital Arnau de Vilanova), les possibilitats de la donaci\u00f3 de viu, el trasplantament renal creuat i de grup sanguini incompatible (Dr. Vicente Torregrosa, Unitat de trasplantament Renal Hospital Cl\u00ednic. Barcelona), els aven\u00e7os en investigaci\u00f3 cient\u00edfica quant a la nanotecnologia aplicada al trasplantament per fer front a la resposta immune (Dr. Jordi Cano, Centro Nacional de Microbiolog\u00eda Instituto de Salud Carlos III, Madrid), el problema d&#8217;immunitzaci\u00f3 que presenta el \u201cretrasplantament\u201d renal, dades de retrasplantament a Catalunya i una mirada al futur amb opcions de millora (Dra. Anna Garcia Coordinadora m\u00e8dica Organitzaci\u00f3 Catalana de Trasplantaments).<\/p>\n<p>Marcelino Berm\u00fadez, Coordinador cient\u00edfic del projecte Ilervas, va compartir dades que posen de relleu la important tasca de prevenci\u00f3 i detecci\u00f3 preco\u00e7 de malaltia cardiovascular (primera causa de mort), i malaltia renal (vuitena causa de mort amb 7 milions d&#8217;afectats al nostre pa\u00eds) que realitza el Bus de la Salut des de 2015 a la Prov\u00edncia de Lleida. I la nostra companya, Esther Jim\u00e9nez Garriga, Psic\u00f2loga Sanit\u00e0ria de la Fundaci\u00f3, va presentar el projecte Psicotrasplant, un estudi l&#8217;objectiu del qual \u00e9s detectar els factors psicol\u00f2gics i socials que afavoreixen o obstaculitzen l&#8217;\u00e8xit o rebuig d&#8217;un trasplantament renal. Els resultats obtinguts permetran oferir atenci\u00f3 m\u00e9s especialitzada i efectiva a la persona trasplantada.  <\/p>\n<p>La complexitat i varietat de punts de vista exposats en aquesta jornada, subratllen la necessitat de continuar innovant, invertint en investigaci\u00f3, formant professionals i fent del pacient el veritable centre de l&#8217;atenci\u00f3.<\/p>\n<p>Des de la Fundaci\u00f3 volem agrair als ponents per oferir-nos exposicions de qualitat, als assistents per acompanyar-nos i per la seva atenci\u00f3 i als col\u00b7laboradors pel seu suport.<\/p>\n<p><img loading=\"lazy\" decoding=\"async\" class=\"alignnone wp-image-5035\" src=\"https:\/\/fjarno.org\/wp-content\/uploads\/2019\/10\/IMG_20191015_195718-1024x768.jpg\" alt=\"\" width=\"342\" height=\"256\"> <img loading=\"lazy\" decoding=\"async\" class=\"alignnone wp-image-5034\" src=\"https:\/\/fjarno.org\/wp-content\/uploads\/2019\/10\/20191015_175434-1024x768.jpg\" alt=\"\" width=\"342\" height=\"257\"> <img loading=\"lazy\" decoding=\"async\" class=\"alignnone wp-image-5033\" src=\"https:\/\/fjarno.org\/wp-content\/uploads\/2019\/10\/20191015_164520-290x290.jpg\" alt=\"\" width=\"257\" height=\"257\">[:ca]<strong>REPTES DELS TRASPLANTAMENTS<\/strong><\/p>\n<p>El darrer 15 d&#8217;octubre van tenir lloc les V Jornades organitzades per la Fundaci\u00f3 Renal Jaume Arn\u00f3: Reptes dels Trasplantaments.<\/p>\n<p>Es van abordar diferents aspectes del trasplantament renal, com ara el risc cardiovascular despr\u00e9s d&#8217;un trasplantament renal (Dra. Marisa Mart\u00edn. Servei de nefrologia Hospital Arnau de Vilanova), les possibilitats de la donaci\u00f3 de viu, el trasplantament renal creuat i de grup sanguini incompatible (Dr. Vicent Torregrosa, Unitat de Trasplantament Renal Hospital Cl\u00ednic. Barcelona), els aven\u00e7os en recerca cient\u00edfica quant a la nanotecnologia aplicada al trasplantament per fer front a la resposta immune (Dr. Jordi Cano, Centro Nacional de Microbiolog\u00eda Instituto de Salud Carlos III, Madrid) el problema d&#8217;immunitzaci\u00f3 que presenta el \u201cretrasplantament\u201d renal, dades de retrasplantament a Catalunya i una mirada al futur, amb opcions de millora (Dra. Anna Garcia, Coordinadora m\u00e8dica Organitzaci\u00f3 Catalana de Trasplantaments).<\/p>\n<p>En Marcel\u00ed Berm\u00fadez, Coordinador cient\u00edfic del projecte Ilervas, va compartir dades que posen de relleu la important tasca de prevenci\u00f3 i detecci\u00f3 preco\u00e7 de malaltia cardiovascular (primera causa de mort), i malaltia renal (vuitena causa de mort amb 7 milions d&#8217;afectats al nostre pa\u00eds) que realitza el Bus de la Salut des de 2015 a la Prov\u00edncia de Lleida. I la nostra companya, Esther Jim\u00e9nez Garriga, Psic\u00f2loga Sanit\u00e0ria de la Fundaci\u00f3, va presentar el projecte Psicotrasplant, un estudi l&#8217;objectiu del qual \u00e9s detectar els factors psicol\u00f2gics i socials que afavoreixen o obstaculitzen l&#8217;\u00e8xit o rebuig d&#8217;un trasplantament renal. Els resultats obtinguts permetran oferir atenci\u00f3 m\u00e9s especialitzada i efectiva a la persona trasplantada.  <\/p>\n<p>La complexitat i varietat de punts de vista exposats en aquesta jornada, subratllen la necessitat de continuar innovant, invertint en investigaci\u00f3, formant professionals i fent del pacient el veritable centre de l&#8217;atenci\u00f3.<\/p>\n<p>Des de la Fundaci\u00f3 volem agrair els ponents per oferir-nos exposicions de qualitat, els assistents per acompanyar-nos i per la seva atenci\u00f3 i els col\u00b7laboradors pel seu suport.<\/p>\n<p><img loading=\"lazy\" decoding=\"async\" class=\"alignnone wp-image-5032\" src=\"https:\/\/fjarno.org\/wp-content\/uploads\/2019\/10\/20191015_163126-1024x768.jpg\" alt=\"\" width=\"318\" height=\"238\"> <img loading=\"lazy\" decoding=\"async\" class=\"alignnone wp-image-5033\" src=\"https:\/\/fjarno.org\/wp-content\/uploads\/2019\/10\/20191015_164520-1024x768.jpg\" alt=\"\" width=\"317\" height=\"238\">  <img loading=\"lazy\" decoding=\"async\" class=\"alignnone wp-image-5035\" src=\"https:\/\/fjarno.org\/wp-content\/uploads\/2019\/10\/IMG_20191015_195718-1024x768.jpg\" alt=\"\" width=\"317\" height=\"237\"><\/p>\n<p>&nbsp;<\/p>\n","protected":false},"excerpt":{"rendered":"<p>REPTES DELS TRASPLANTAMENTS El passat 15 d&#8217;octubre van tenir lloc les V Jornades organitzades per la Fundaci\u00f3 Renal Jaume Arn\u00f3: Reptes dels Trasplantaments. Es van abordar diferents aspectes del trasplantament renal, com ara el risc cardiovascular despr\u00e9s d&#8217;un trasplantament renal (Dra. Marisa Mart\u00edn. Servei de nefrologia Hospital Arnau de Vilanova), les possibilitats de la donaci\u00f3 [&hellip;]<\/p>\n","protected":false},"author":1,"featured_media":7217,"comment_status":"open","ping_status":"open","sticky":false,"template":"","format":"standard","meta":{"footnotes":""},"categories":[110],"tags":[],"class_list":["post-7216","post","type-post","status-publish","format-standard","has-post-thumbnail","hentry","category-blog","entry","has-media","owp-thumbs-layout-horizontal","owp-btn-normal","owp-tabs-layout-horizontal","has-no-thumbnails","has-product-nav"],"_links":{"self":[{"href":"https:\/\/fjarno.org\/ca\/wp-json\/wp\/v2\/posts\/7216","targetHints":{"allow":["GET"]}}],"collection":[{"href":"https:\/\/fjarno.org\/ca\/wp-json\/wp\/v2\/posts"}],"about":[{"href":"https:\/\/fjarno.org\/ca\/wp-json\/wp\/v2\/types\/post"}],"author":[{"embeddable":true,"href":"https:\/\/fjarno.org\/ca\/wp-json\/wp\/v2\/users\/1"}],"replies":[{"embeddable":true,"href":"https:\/\/fjarno.org\/ca\/wp-json\/wp\/v2\/comments?post=7216"}],"version-history":[{"count":0,"href":"https:\/\/fjarno.org\/ca\/wp-json\/wp\/v2\/posts\/7216\/revisions"}],"wp:featuredmedia":[{"embeddable":true,"href":"https:\/\/fjarno.org\/ca\/wp-json\/wp\/v2\/media\/7217"}],"wp:attachment":[{"href":"https:\/\/fjarno.org\/ca\/wp-json\/wp\/v2\/media?parent=7216"}],"wp:term":[{"taxonomy":"category","embeddable":true,"href":"https:\/\/fjarno.org\/ca\/wp-json\/wp\/v2\/categories?post=7216"},{"taxonomy":"post_tag","embeddable":true,"href":"https:\/\/fjarno.org\/ca\/wp-json\/wp\/v2\/tags?post=7216"}],"curies":[{"name":"wp","href":"https:\/\/api.w.org\/{rel}","templated":true}]}}