{"id":7180,"date":"2016-09-06T10:22:31","date_gmt":"2016-09-06T10:22:31","guid":{"rendered":"https:\/\/fjarno.org\/transplant-bike\/"},"modified":"2016-09-06T10:22:31","modified_gmt":"2016-09-06T10:22:31","slug":"transplant-bike","status":"publish","type":"post","link":"https:\/\/fjarno.org\/ca\/transplant-bike\/","title":{"rendered":"Transplant Bike"},"content":{"rendered":"<p><a href=\"https:\/\/fjarno.org\/wp-content\/uploads\/2016\/09\/iStock_000074003595_Full.jpg\"><img loading=\"lazy\" decoding=\"async\" class=\"size-large wp-image-3536\" src=\"https:\/\/fjarno.org\/wp-content\/uploads\/2016\/09\/iStock_000074003595_Full-1024x768.jpg\" alt=\"DCIM100GOPROG0039423.\" width=\"1024\" height=\"768\" srcset=\"https:\/\/fjarno.org\/wp-content\/uploads\/2016\/09\/iStock_000074003595_Full-1024x768.jpg 1024w, https:\/\/fjarno.org\/wp-content\/uploads\/2016\/09\/iStock_000074003595_Full-600x450.jpg 600w, https:\/\/fjarno.org\/wp-content\/uploads\/2016\/09\/iStock_000074003595_Full-300x225.jpg 300w, https:\/\/fjarno.org\/wp-content\/uploads\/2016\/09\/iStock_000074003595_Full-768x576.jpg 768w, https:\/\/fjarno.org\/wp-content\/uploads\/2016\/09\/iStock_000074003595_Full-1536x1152.jpg 1536w, https:\/\/fjarno.org\/wp-content\/uploads\/2016\/09\/iStock_000074003595_Full.jpg 1600w\" sizes=\"auto, (max-width: 1024px) 100vw, 1024px\" \/><\/a><\/p>\n<p>&nbsp;<\/p>\n<p>Projecte realitzat amb la col\u00b7laboraci\u00f3 de<\/p>\n<p><img loading=\"lazy\" decoding=\"async\" class=\"alignnone size-full wp-image-3970\" src=\"https:\/\/fjarno.org\/wp-content\/uploads\/2016\/01\/diputacio-lleida-orig-e1495105506380.png\" alt=\"diputacio-lleida-orig\" width=\"150\" height=\"148\" srcset=\"https:\/\/fjarno.org\/wp-content\/uploads\/2016\/01\/diputacio-lleida-orig-e1495105506380.png 150w, https:\/\/fjarno.org\/wp-content\/uploads\/2016\/01\/diputacio-lleida-orig-e1495105506380-100x100.png 100w\" sizes=\"auto, (max-width: 150px) 100vw, 150px\" \/><\/p>\n<p>TRANSPLANT BIKE ALMENAR 2019<\/p>\n<p>Impossible sense vosaltres!<\/p>\n<p>Una nova edici\u00f3 de Transplant Bike va tenir lloc el passat 15 de setembre a Almenar. Transplant Bike \u00e9s la marxa ciclista no competitiva de refer\u00e8ncia per a persones trasplantades o en situaci\u00f3 de malaltia cr\u00f2nica a les Terres de Lleida. L&#8217;objectiu de la cursa \u00e9s fer promoci\u00f3 de la donaci\u00f3 d&#8217;\u00f2rgans i encoratjar la realitzaci\u00f3 d&#8217;activitat f\u00edsica entre la poblaci\u00f3 en general, i entre trasplantats i pacients cr\u00f2nics, en particular. A m\u00e9s de fomentar la solidaritat, la salut i l&#8217;esport, els m\u00e9s de 400 participants i 100 voluntaris vam viure moments molt divertits en un ambient festiu i familiar. Destaquem en aquest sentit la festa a l&#8217;avituallament d&#8217;Alfarr\u00e0s, amb animaci\u00f3, m\u00fasica i ball; el dinar de germanor i el sorteig de regals. Per a nosaltres \u00e9s una gran satisfacci\u00f3 veure com la nostra marxa, d&#8217;inicis modestos, es consolida i aconsegueix a poc a poc els seus objectius.     <\/p>\n<p>Un any m\u00e9s som conscients que l&#8217;\u00e8xit de Transplant Bike seria impossible sense el comprom\u00eds i la dedicaci\u00f3 de l&#8217;equip de voluntaris, especialment els del club esportiu Rocko d&#8217;Almenar, en qui recau molta responsabilitat. Tamb\u00e9 \u00e9s vital la implicaci\u00f3 d&#8217;empreses i entitats col\u00b7laboradores, aix\u00ed com la solidaritat de tots els participants. A tots vosaltres: GR\u00c0CIES!!  <\/p>\n<p>&nbsp;<\/p>\n<p>Fins a l&#8217;any que ve!<\/p>\n<p><img loading=\"lazy\" decoding=\"async\" class=\"alignnone wp-image-4991\" src=\"https:\/\/fjarno.org\/wp-content\/uploads\/2016\/09\/GM5D1478-300x200.jpg\" alt=\"\" width=\"454\" height=\"303\" srcset=\"https:\/\/fjarno.org\/wp-content\/uploads\/2016\/09\/GM5D1478-300x200.jpg 300w, https:\/\/fjarno.org\/wp-content\/uploads\/2016\/09\/GM5D1478-600x400.jpg 600w, https:\/\/fjarno.org\/wp-content\/uploads\/2016\/09\/GM5D1478-1024x683.jpg 1024w, https:\/\/fjarno.org\/wp-content\/uploads\/2016\/09\/GM5D1478-768x512.jpg 768w, https:\/\/fjarno.org\/wp-content\/uploads\/2016\/09\/GM5D1478.jpg 1500w\" sizes=\"auto, (max-width: 454px) 100vw, 454px\" \/> <img loading=\"lazy\" decoding=\"async\" class=\"alignnone wp-image-4992\" src=\"https:\/\/fjarno.org\/wp-content\/uploads\/2016\/09\/GM5D1527-1024x683.jpg\" alt=\"\" width=\"440\" height=\"293\" srcset=\"https:\/\/fjarno.org\/wp-content\/uploads\/2016\/09\/GM5D1527-1024x683.jpg 1024w, https:\/\/fjarno.org\/wp-content\/uploads\/2016\/09\/GM5D1527-600x400.jpg 600w, https:\/\/fjarno.org\/wp-content\/uploads\/2016\/09\/GM5D1527-300x200.jpg 300w, https:\/\/fjarno.org\/wp-content\/uploads\/2016\/09\/GM5D1527-768x512.jpg 768w, https:\/\/fjarno.org\/wp-content\/uploads\/2016\/09\/GM5D1527.jpg 1500w\" sizes=\"auto, (max-width: 440px) 100vw, 440px\" \/> <img loading=\"lazy\" decoding=\"async\" class=\"alignnone wp-image-4993\" src=\"https:\/\/fjarno.org\/wp-content\/uploads\/2016\/09\/GM5D1544-1024x683.jpg\" alt=\"\" width=\"479\" height=\"319\" srcset=\"https:\/\/fjarno.org\/wp-content\/uploads\/2016\/09\/GM5D1544-1024x683.jpg 1024w, https:\/\/fjarno.org\/wp-content\/uploads\/2016\/09\/GM5D1544-600x400.jpg 600w, https:\/\/fjarno.org\/wp-content\/uploads\/2016\/09\/GM5D1544-300x200.jpg 300w, https:\/\/fjarno.org\/wp-content\/uploads\/2016\/09\/GM5D1544-768x512.jpg 768w, https:\/\/fjarno.org\/wp-content\/uploads\/2016\/09\/GM5D1544.jpg 1500w\" sizes=\"auto, (max-width: 479px) 100vw, 479px\" \/> <img loading=\"lazy\" decoding=\"async\" class=\"alignnone wp-image-4994\" src=\"https:\/\/fjarno.org\/wp-content\/uploads\/2016\/09\/GM5D1629-1024x683.jpg\" alt=\"\" width=\"465\" height=\"310\" srcset=\"https:\/\/fjarno.org\/wp-content\/uploads\/2016\/09\/GM5D1629-1024x683.jpg 1024w, https:\/\/fjarno.org\/wp-content\/uploads\/2016\/09\/GM5D1629-600x400.jpg 600w, https:\/\/fjarno.org\/wp-content\/uploads\/2016\/09\/GM5D1629-300x200.jpg 300w, https:\/\/fjarno.org\/wp-content\/uploads\/2016\/09\/GM5D1629-768x512.jpg 768w, https:\/\/fjarno.org\/wp-content\/uploads\/2016\/09\/GM5D1629.jpg 1500w\" sizes=\"auto, (max-width: 465px) 100vw, 465px\" \/><\/p>\n<p><img loading=\"lazy\" decoding=\"async\" class=\"alignnone size-large wp-image-4995\" src=\"https:\/\/fjarno.org\/wp-content\/uploads\/2016\/09\/IMG-20190915-WA0006-1024x768.jpg\" alt=\"\" width=\"1024\" height=\"768\" srcset=\"https:\/\/fjarno.org\/wp-content\/uploads\/2016\/09\/IMG-20190915-WA0006-1024x768.jpg 1024w, https:\/\/fjarno.org\/wp-content\/uploads\/2016\/09\/IMG-20190915-WA0006-600x450.jpg 600w, https:\/\/fjarno.org\/wp-content\/uploads\/2016\/09\/IMG-20190915-WA0006-300x225.jpg 300w, https:\/\/fjarno.org\/wp-content\/uploads\/2016\/09\/IMG-20190915-WA0006-768x576.jpg 768w, https:\/\/fjarno.org\/wp-content\/uploads\/2016\/09\/IMG-20190915-WA0006-1536x1152.jpg 1536w, https:\/\/fjarno.org\/wp-content\/uploads\/2016\/09\/IMG-20190915-WA0006.jpg 1600w\" sizes=\"auto, (max-width: 1024px) 100vw, 1024px\" \/><\/p>\n<p>Totes les fotos a <a href=\"https:\/\/transplantbike.com\/almenar-2019\/la-carrera-almenar\/galeria-de-fotos\/\">www.transplantbike.com <\/a> <\/p>\n<p>CARTELL 2019 by Neus Huguet<\/p>\n<p><img loading=\"lazy\" decoding=\"async\" class=\"alignnone wp-image-4996\" src=\"https:\/\/fjarno.org\/wp-content\/uploads\/2016\/09\/Cartell-cat-724x1024.jpg\" alt=\"\" width=\"324\" height=\"458\" srcset=\"https:\/\/fjarno.org\/wp-content\/uploads\/2016\/09\/Cartell-cat-724x1024.jpg 724w, https:\/\/fjarno.org\/wp-content\/uploads\/2016\/09\/Cartell-cat-600x848.jpg 600w, https:\/\/fjarno.org\/wp-content\/uploads\/2016\/09\/Cartell-cat-212x300.jpg 212w, https:\/\/fjarno.org\/wp-content\/uploads\/2016\/09\/Cartell-cat-768x1086.jpg 768w, https:\/\/fjarno.org\/wp-content\/uploads\/2016\/09\/Cartell-cat-1086x1536.jpg 1086w, https:\/\/fjarno.org\/wp-content\/uploads\/2016\/09\/Cartell-cat-1448x2048.jpg 1448w, https:\/\/fjarno.org\/wp-content\/uploads\/2016\/09\/Cartell-cat.jpg 1754w\" sizes=\"auto, (max-width: 324px) 100vw, 324px\" \/><\/p>\n<p>TRANSPLANT BIKE ALMENAR 2018<\/p>\n<p>Solidaritat, esport i territori<\/p>\n<p>El diumenge 16 de setembre va tenir lloc la tercera edici\u00f3 de Transplant Bike Almenar, marxa cicloturista BTT no competitiva amb l&#8217;objectiu de fomentar la Donaci\u00f3 d&#8217;\u00f2rgans i promoure l&#8217;activitat f\u00edsica entre malalts cr\u00f2nics i trasplantats. M\u00e9s de 350 participants units per una causa que ens afecta a tots. <\/p>\n<p>Aquest any hem incorporat una novetat que ha tingut molt bona acollida, la caminada familiar guiada per visitar punts d&#8217;inter\u00e8s del municipi d&#8217;Almenar amb 87 inscrits, entre ells el Doctor Jaume Tort, director de l&#8217;OCATT, que ens va acompanyar durant la jornada i va participar en el lliurament de premis.<\/p>\n<p>Gr\u00e0cies al suport de la Diputaci\u00f3 de Lleida, i a la generositat de col\u00b7laboradors i patrocinadors, hem pogut oferir molts detalls, premis i regals. Destaquem l&#8217;avituallament al congost de Baldellou, on per iniciativa de l&#8217;equip de Rocko, es va preparar una festa amb ball i m\u00fasica per rebre els ciclistes que arribaven, i tamb\u00e9 el fant\u00e0stic dinar de cloenda, a c\u00e0rrec d&#8217;El Cau d&#8217;Almenar. <\/p>\n<p>Sense la solidaritat dels inscrits i la bona feina dels m\u00e9s de 70 voluntaris seria impossible l&#8217;\u00e8xit de Transplant Bike, per aix\u00f2 des de la Fundaci\u00f3 Renal Jaume Arn\u00f3 no ens cansem d&#8217;agrair la vostra implicaci\u00f3, i no cal dir que esperem retrobar-nos l&#8217;any vinent!<\/p>\n<p>El nostre pa\u00eds \u00e9s l\u00edder en trasplantament i el model \u00e9s admirat i copiat fora de les nostres fronteres, per\u00f2 la realitat \u00e9s que a Catalunya hi ha 1.200 persones en llista d&#8217;espera per a trasplantament. De la Donaci\u00f3 d&#8217;\u00f2rgans cada vegada se&#8217;n parla m\u00e9s obertament i est\u00e0 socialment molt integrat. No obstant aix\u00f2, encara hi ha dubtes, mites i negatives familiars. Amb activitats com Trasplant Bike ens proposem apropar el tema de la Donaci\u00f3 i el trasplantament al m\u00e0xim nombre de persones en un marc din\u00e0mic i alegre, perqu\u00e8 Donar \u00e9s vida, \u00e9s crear oportunitats i regalar esperan\u00e7a.   <\/p>\n<p>Us esperem l&#8217;any vinent, pedalant a favor de la donaci\u00f3 d&#8217;\u00f2rgans!<\/p>\n<h5><img loading=\"lazy\" decoding=\"async\" class=\"alignnone wp-image-4453\" src=\"https:\/\/fjarno.org\/wp-content\/uploads\/2018\/09\/Sin-t%C3%ADtulo.png\" alt=\"Sense t\u00edtol\" width=\"341\" height=\"354\"> <img loading=\"lazy\" decoding=\"async\" class=\"alignnone wp-image-4450\" src=\"https:\/\/fjarno.org\/wp-content\/uploads\/2018\/09\/GM5D6632.jpg\" alt=\"GM5D6632\" width=\"341\" height=\"227\" srcset=\"https:\/\/fjarno.org\/wp-content\/uploads\/2018\/09\/GM5D6632.jpg 1000w, https:\/\/fjarno.org\/wp-content\/uploads\/2018\/09\/GM5D6632-600x400.jpg 600w, https:\/\/fjarno.org\/wp-content\/uploads\/2018\/09\/GM5D6632-300x200.jpg 300w, https:\/\/fjarno.org\/wp-content\/uploads\/2018\/09\/GM5D6632-768x512.jpg 768w\" sizes=\"auto, (max-width: 341px) 100vw, 341px\" \/> <img loading=\"lazy\" decoding=\"async\" class=\"alignnone wp-image-4449\" src=\"https:\/\/fjarno.org\/wp-content\/uploads\/2018\/09\/GM5D7932-1.jpg\" alt=\"GM5D7932\" width=\"590\" height=\"393\" srcset=\"https:\/\/fjarno.org\/wp-content\/uploads\/2018\/09\/GM5D7932-1.jpg 1000w, https:\/\/fjarno.org\/wp-content\/uploads\/2018\/09\/GM5D7932-1-600x400.jpg 600w, https:\/\/fjarno.org\/wp-content\/uploads\/2018\/09\/GM5D7932-1-300x200.jpg 300w, https:\/\/fjarno.org\/wp-content\/uploads\/2018\/09\/GM5D7932-1-768x512.jpg 768w\" sizes=\"auto, (max-width: 590px) 100vw, 590px\" \/><\/h5>\n<h5>Almenar, 16 de setembre de 2018<\/h5>\n<h4>TRANSPLANT BIKE 2018 COMEN\u00c7A A PEDALAR&#8230;<\/h4>\n<p>Ens alegra comunicar que aquest any la tercera edici\u00f3 de Transplant Bike tindr\u00e0 lloc <strong>el 16 de setembre a Almenar (Lleida)<\/strong> en modalitat MTB<strong>. <\/strong>Esperem que aquest any, la marxa ciclista per la donaci\u00f3 d&#8217;\u00f2rgans sigui un gran \u00e8xit. Tenim una cita amb l&#8217;esport, la solidaritat i les segones oportunitats. Us hi esperem!  <\/p>\n<h5>Cartell Transplant Bike Almenar 2018<\/h5>\n<p><img loading=\"lazy\" decoding=\"async\" class=\"alignnone wp-image-4360\" src=\"https:\/\/fjarno.org\/wp-content\/uploads\/2016\/09\/Cartel-1.jpg\" alt=\"Cartell\" width=\"228\" height=\"321\" srcset=\"https:\/\/fjarno.org\/wp-content\/uploads\/2016\/09\/Cartel-1.jpg 1789w, https:\/\/fjarno.org\/wp-content\/uploads\/2016\/09\/Cartel-1-600x844.jpg 600w, https:\/\/fjarno.org\/wp-content\/uploads\/2016\/09\/Cartel-1-213x300.jpg 213w, https:\/\/fjarno.org\/wp-content\/uploads\/2016\/09\/Cartel-1-728x1024.jpg 728w, https:\/\/fjarno.org\/wp-content\/uploads\/2016\/09\/Cartel-1-768x1080.jpg 768w, https:\/\/fjarno.org\/wp-content\/uploads\/2016\/09\/Cartel-1-1092x1536.jpg 1092w, https:\/\/fjarno.org\/wp-content\/uploads\/2016\/09\/Cartel-1-1456x2048.jpg 1456w\" sizes=\"auto, (max-width: 228px) 100vw, 228px\" \/><\/p>\n<h3>EL PER QU\u00c8 DE TRANSPLANT BIKE<\/h3>\n<p>El trasplantament d&#8217;\u00f2rgans \u00e9s, avui dia, un tractament habitual per a moltes malalties i l&#8217;\u00fanic per a algunes de molt concretes. Per aix\u00f2 creiem que \u00e9s obligaci\u00f3 de tots els implicats difondre els beneficis que produeix en tantes persones -m\u00e9s de 100.000 a Espanya- i en tantes fam\u00edlies. Per\u00f2, com solem dir, el trasplantament \u00e9s l&#8217;\u00fanic tractament que requereix la solidaritat, la bona voluntat i la generositat de la donaci\u00f3.  <\/p>\n<p>&nbsp;<\/p>\n<p>Per ajudar a crear consci\u00e8ncia sobre aquesta necessitat social i mostrar els beneficis que aporta a la nostra salut l&#8217;activitat f\u00edsica, especialment als trasplantats de qualsevol \u00f2rgan, la plataforma Trainsplant i la Fundaci\u00f3 Renal Jaume Arn\u00f3 hem unit la nostra passi\u00f3, il\u00b7lusi\u00f3 i forces per organitzar la primera TRANSPLANT BIKE (<span style=\"color: #008080;\"><a style=\"color: #008080;\" href=\"http:\/\/www.transplantbike.com\" target=\"_blank\" rel=\"noopener noreferrer\">www.transplantbike.com<\/a><\/span>).<\/p>\n<p>&nbsp;<\/p>\n<p>Es tracta d&#8217;una marxa cicloturista, en diferents formats (equips, MTB, ruta&#8230;), destinada a persones trasplantades i no trasplantades, amants de la bicicleta, la natura i solid\u00e0ries.<\/p>\n<p>&nbsp;<\/p>\n<p>Estrenem amb TRANSPLANT BIKE ALFARR\u00c0S 2016, una localitat propera a la ciutat de Lleida, els propers 1 i 2 d&#8217;octubre.<\/p>\n<p>&nbsp;<\/p>\n<p>En aquesta ocasi\u00f3, s&#8217;han preparat tres circuits, de 15, 30 i 60 km de BTT per als diferents nivells de preparaci\u00f3 dels participants, que es correran al llarg del mat\u00ed del diumenge dia 2. Alhora, tant el dia anterior com el mateix dia de les curses, hi ha preparat un programa d&#8217;activitats perqu\u00e8 tota la fam\u00edlia, inclosos els nens, pugui gaudir d&#8217;un magn\u00edfic entorn i d&#8217;aquesta festa solid\u00e0ria. <\/p>\n<p>&nbsp;<\/p>\n<p>Per\u00f2 TRANSPLANT BIKE t\u00e9, a m\u00e9s de fomentar la donaci\u00f3 d&#8217;\u00f2rgans, altres objectius:<\/p>\n<p>&nbsp;<\/p>\n<p>\u2013 La interacci\u00f3 de persones trasplantades amb no trasplantades realitzant activitats esportives de manera conjunta, amb la qual cosa es mostra la dimensi\u00f3 del benefici que el trasplantament, i per tant la donaci\u00f3, produeix en qui el rep.<\/p>\n<p>&nbsp;<\/p>\n<p>\u2013 S&#8217;inclou, a m\u00e9s, un cribratge als trasplantats inscrits, a nivell bioqu\u00edmic, f\u00edsic, nutricional i psicosocial pre i post cursa. Per a aix\u00f2 comptem amb El bus de la salut, un autob\u00fas medicalitzat en el qual es realitzaran les proves amb la finalitat de recollir dades sobre com la realitzaci\u00f3 d&#8217;exercici f\u00edsic afecta les persones trasplantades. <\/p>\n<p>&nbsp;<\/p>\n<p>\u2013 Els beneficis econ\u00f2mics de l&#8217;activitat estan destinats a la creaci\u00f3 d&#8217;un programa d&#8217;activitat f\u00edsica en pacients cr\u00f2nics. En aquesta ocasi\u00f3, es dur\u00e0 a terme a la Unitat de Di\u00e0lisi de l&#8217;Hospital Comarcal de Tremp (Lleida), amb la intenci\u00f3 de millorar la capacitat funcional i la qualitat de vida de persones hemodialitzades. <\/p>\n<p>&nbsp;<\/p>\n<p>\u2013 Per fer cada dia m\u00e9s transparent en qu\u00e8 consisteix la donaci\u00f3 i el trasplantament, s&#8217;han concertat visites per fer difusi\u00f3 del tema a les escoles i instituts de la zona, municipis propers, r\u00e0dio, premsa i TV locals. En alguns d&#8217;ells participaran esportistes trasplantats que mostraran com la donaci\u00f3 facilita una segona oportunitat de vida. <\/p>\n<p>&nbsp;<\/p>\n<p>Per descomptat, TRANSPLANT BIKE no es queda en un esdeveniment a\u00efllat. T\u00e9 vocaci\u00f3 de continu\u00eftat. Per aix\u00f2, cada any a Lleida es realitzar\u00e0 una prova Transplant Bike i, tamb\u00e9, estem preparant-ne d&#8217;altres en diferents localitats d&#8217;Espanya. De moment, esperem organitzar una Trasnplant Bike Bilbao 2017, en aquesta ocasi\u00f3 en la modalitat de ruta.   <\/p>\n<p>&nbsp;<\/p>\n<p>Us animem a entrar al nostre lloc web per estar al corrent de les activitats, actes i not\u00edcies que genera aquest esdeveniment.<\/p>\n<div id='gallery-1' class='gallery galleryid-7180 gallery-columns-4 gallery-size-medium'><figure class='gallery-item'>\n\t\t\t<div class='gallery-icon landscape'>\n\t\t\t\t<a href='https:\/\/fjarno.org\/ca\/imprimir-2\/'><img loading=\"lazy\" decoding=\"async\" width=\"300\" height=\"212\" src=\"https:\/\/fjarno.org\/wp-content\/uploads\/2016\/09\/Cartel-1024x724-catala-300x212.jpg\" class=\"attachment-medium size-medium\" alt=\"\" srcset=\"https:\/\/fjarno.org\/wp-content\/uploads\/2016\/09\/Cartel-1024x724-catala-300x212.jpg 300w, https:\/\/fjarno.org\/wp-content\/uploads\/2016\/09\/Cartel-1024x724-catala-600x424.jpg 600w, https:\/\/fjarno.org\/wp-content\/uploads\/2016\/09\/Cartel-1024x724-catala-768x543.jpg 768w, https:\/\/fjarno.org\/wp-content\/uploads\/2016\/09\/Cartel-1024x724-catala.jpg 1024w\" sizes=\"auto, (max-width: 300px) 100vw, 300px\" \/><\/a>\n\t\t\t<\/div><\/figure><figure class='gallery-item'>\n\t\t\t<div class='gallery-icon landscape'>\n\t\t\t\t<a href='https:\/\/fjarno.org\/ca\/montainbike-918426-2\/'><img loading=\"lazy\" decoding=\"async\" width=\"300\" height=\"222\" src=\"https:\/\/fjarno.org\/wp-content\/uploads\/2016\/09\/montainbike-918426-scaled-1-300x222.jpg\" class=\"attachment-medium size-medium\" alt=\"\" srcset=\"https:\/\/fjarno.org\/wp-content\/uploads\/2016\/09\/montainbike-918426-scaled-1-300x222.jpg 300w, https:\/\/fjarno.org\/wp-content\/uploads\/2016\/09\/montainbike-918426-scaled-1-600x444.jpg 600w, https:\/\/fjarno.org\/wp-content\/uploads\/2016\/09\/montainbike-918426-scaled-1-1024x758.jpg 1024w, https:\/\/fjarno.org\/wp-content\/uploads\/2016\/09\/montainbike-918426-scaled-1-768x568.jpg 768w, https:\/\/fjarno.org\/wp-content\/uploads\/2016\/09\/montainbike-918426-scaled-1-1536x1136.jpg 1536w, https:\/\/fjarno.org\/wp-content\/uploads\/2016\/09\/montainbike-918426-scaled-1-2048x1515.jpg 2048w\" sizes=\"auto, (max-width: 300px) 100vw, 300px\" \/><\/a>\n\t\t\t<\/div><\/figure><figure class='gallery-item'>\n\t\t\t<div class='gallery-icon landscape'>\n\t\t\t\t<a href='https:\/\/fjarno.org\/ca\/transplantbike-1-2\/'><img loading=\"lazy\" decoding=\"async\" width=\"300\" height=\"225\" src=\"https:\/\/fjarno.org\/wp-content\/uploads\/2016\/09\/TransplantBike-1-300x225.jpg\" class=\"attachment-medium size-medium\" alt=\"\" srcset=\"https:\/\/fjarno.org\/wp-content\/uploads\/2016\/09\/TransplantBike-1-300x225.jpg 300w, https:\/\/fjarno.org\/wp-content\/uploads\/2016\/09\/TransplantBike-1-600x450.jpg 600w, https:\/\/fjarno.org\/wp-content\/uploads\/2016\/09\/TransplantBike-1-1024x768.jpg 1024w, https:\/\/fjarno.org\/wp-content\/uploads\/2016\/09\/TransplantBike-1-768x576.jpg 768w, https:\/\/fjarno.org\/wp-content\/uploads\/2016\/09\/TransplantBike-1-1536x1152.jpg 1536w, https:\/\/fjarno.org\/wp-content\/uploads\/2016\/09\/TransplantBike-1.jpg 2048w\" sizes=\"auto, (max-width: 300px) 100vw, 300px\" \/><\/a>\n\t\t\t<\/div><\/figure><figure class='gallery-item'>\n\t\t\t<div class='gallery-icon landscape'>\n\t\t\t\t<a href='https:\/\/fjarno.org\/ca\/transplantbike-2-2\/'><img loading=\"lazy\" decoding=\"async\" width=\"300\" height=\"225\" src=\"https:\/\/fjarno.org\/wp-content\/uploads\/2016\/09\/Transplantbike-2-300x225.jpg\" class=\"attachment-medium size-medium\" alt=\"\" srcset=\"https:\/\/fjarno.org\/wp-content\/uploads\/2016\/09\/Transplantbike-2-300x225.jpg 300w, https:\/\/fjarno.org\/wp-content\/uploads\/2016\/09\/Transplantbike-2-600x450.jpg 600w, https:\/\/fjarno.org\/wp-content\/uploads\/2016\/09\/Transplantbike-2-1024x768.jpg 1024w, https:\/\/fjarno.org\/wp-content\/uploads\/2016\/09\/Transplantbike-2-768x576.jpg 768w, https:\/\/fjarno.org\/wp-content\/uploads\/2016\/09\/Transplantbike-2.jpg 1280w\" sizes=\"auto, (max-width: 300px) 100vw, 300px\" \/><\/a>\n\t\t\t<\/div><\/figure>\n\t\t<\/div>\n\n<h4><\/h4>\n<p>LLIST EL CARTELL PER A TRANSPLANT BIKE BILBAO 2017 BY NEUS HUGUET<\/p>\n<p>Creiem que el cartell dissenyat per Neus Huguet (Lleida) reuneix tota l&#8217;ess\u00e8ncia de Transplant Bike Bilbao. En primer pla el nostre corredor, ja que \u00e9s per, per a i gr\u00e0cies a ells que Transplant Bike \u00e9s possible, al fons la imatge cedida pel Museu Guggenheim, icona distintiva de la ciutat que acull aquesta edici\u00f3 de Transplant Bike i protagonistes a tot color, els \u00f2rgans vitals. Perqu\u00e8 aix\u00f2 \u00e9s Transplant Bike, Donaci\u00f3, Esport, Salut, VIDA. Esperem que us animeu a formar part d&#8217;aix\u00f2!   <\/p>\n<p><img loading=\"lazy\" decoding=\"async\" class=\"alignnone wp-image-3945\" src=\"https:\/\/fjarno.org\/wp-content\/uploads\/2016\/09\/image001-8.jpg\" alt=\"image001 (8)\" width=\"255\" height=\"359\" srcset=\"https:\/\/fjarno.org\/wp-content\/uploads\/2016\/09\/image001-8.jpg 935w, https:\/\/fjarno.org\/wp-content\/uploads\/2016\/09\/image001-8-600x844.jpg 600w, https:\/\/fjarno.org\/wp-content\/uploads\/2016\/09\/image001-8-213x300.jpg 213w, https:\/\/fjarno.org\/wp-content\/uploads\/2016\/09\/image001-8-728x1024.jpg 728w, https:\/\/fjarno.org\/wp-content\/uploads\/2016\/09\/image001-8-768x1081.jpg 768w\" sizes=\"auto, (max-width: 255px) 100vw, 255px\" \/><\/p>\n<h3>Cartell Almenar 2017<\/h3>\n<p>Seguint amb la mateixa est\u00e8tica de Bilbao i respectant la seva ess\u00e8ncia, arriba el cartell d&#8217;Almenar amb un paisatge m\u00e9s rural i en modalitat BTT. Dissenyat per Neus Huguet. <\/p>\n<p><img loading=\"lazy\" decoding=\"async\" class=\"size-medium wp-image-4013 alignleft\" src=\"https:\/\/fjarno.org\/wp-content\/uploads\/2016\/09\/TRANSPLANTBIKEcartell-AlmenarOK-01-213x300.jpg\" alt=\"TRANSPLANTBIKEcartell-AlmenarOK-01\" width=\"213\" height=\"300\" srcset=\"https:\/\/fjarno.org\/wp-content\/uploads\/2016\/09\/TRANSPLANTBIKEcartell-AlmenarOK-01-213x300.jpg 213w, https:\/\/fjarno.org\/wp-content\/uploads\/2016\/09\/TRANSPLANTBIKEcartell-AlmenarOK-01-600x844.jpg 600w, https:\/\/fjarno.org\/wp-content\/uploads\/2016\/09\/TRANSPLANTBIKEcartell-AlmenarOK-01-728x1024.jpg 728w, https:\/\/fjarno.org\/wp-content\/uploads\/2016\/09\/TRANSPLANTBIKEcartell-AlmenarOK-01-768x1080.jpg 768w, https:\/\/fjarno.org\/wp-content\/uploads\/2016\/09\/TRANSPLANTBIKEcartell-AlmenarOK-01-1092x1536.jpg 1092w, https:\/\/fjarno.org\/wp-content\/uploads\/2016\/09\/TRANSPLANTBIKEcartell-AlmenarOK-01-1456x2048.jpg 1456w, https:\/\/fjarno.org\/wp-content\/uploads\/2016\/09\/TRANSPLANTBIKEcartell-AlmenarOK-01.jpg 1789w\" sizes=\"auto, (max-width: 213px) 100vw, 213px\" \/><\/p>\n<h3><\/h3>\n<h3><\/h3>\n<h3><\/h3>\n<p>&nbsp;<\/p>\n<p>&nbsp;<\/p>\n<p>&nbsp;<\/p>\n<p>&nbsp;<\/p>\n<p>&nbsp;<\/p>\n<h3>Transplant Bike 2017 Bilbao i Almenar<\/h3>\n<p>La segona edici\u00f3 de Trasnplant Bike ha estat un \u00e8xit. Bilbao: Al voltant de 250 participants van manifestar la seva solidaritat pedalant a favor de la donaci\u00f3 d&#8217;\u00f2rgans sota la pluja. Un marc incomparable per a una marxa \u00fanica l&#8217;objectiu de la qual \u00e9s fomentar la donaci\u00f3 d&#8217;\u00f2rgans i l&#8217;activitat f\u00edsica en pacients cr\u00f2nics i trasplantats. Destaquem la pres\u00e8ncia de Marino Lejarreta entre els participants.<br \/>\nAlmenar: Els m\u00e9s de 250 participants en la modalitat BTT van gaudir d&#8217;un dia espl\u00e8ndid a terres de Lleida. Destaquem l&#8217;ambient familiar i festiu de la jornada, la participaci\u00f3 dels m\u00e9s joves a la cursa, i com a colof\u00f3 final el sorteig de la bici que va generar molta expectaci\u00f3. Enhorabona a l&#8217;afortunat! Per\u00f2 una imatge val m\u00e9s que mil paraules&#8230;      <\/p>\n<p>Bilbao, 10 de setembre<\/p>\n<div id='gallery-2' class='gallery galleryid-7180 gallery-columns-3 gallery-size-thumbnail'><figure class='gallery-item'>\n\t\t\t<div class='gallery-icon landscape'>\n\t\t\t\t<a href='https:\/\/fjarno.org\/ca\/spf_7250-2\/'><img loading=\"lazy\" decoding=\"async\" width=\"150\" height=\"150\" src=\"https:\/\/fjarno.org\/wp-content\/uploads\/2016\/09\/SPF_7250-150x150.jpg\" class=\"attachment-thumbnail size-thumbnail\" alt=\"\" srcset=\"https:\/\/fjarno.org\/wp-content\/uploads\/2016\/09\/SPF_7250-150x150.jpg 150w, https:\/\/fjarno.org\/wp-content\/uploads\/2016\/09\/SPF_7250-300x300.jpg 300w, https:\/\/fjarno.org\/wp-content\/uploads\/2016\/09\/SPF_7250-100x100.jpg 100w, https:\/\/fjarno.org\/wp-content\/uploads\/2016\/09\/SPF_7250-600x600.jpg 600w\" sizes=\"auto, (max-width: 150px) 100vw, 150px\" \/><\/a>\n\t\t\t<\/div><\/figure><figure class='gallery-item'>\n\t\t\t<div class='gallery-icon landscape'>\n\t\t\t\t<a href='https:\/\/fjarno.org\/ca\/gm5d0500-2\/'><img loading=\"lazy\" decoding=\"async\" width=\"150\" height=\"150\" src=\"https:\/\/fjarno.org\/wp-content\/uploads\/2016\/09\/GM5D0500-150x150.jpg\" class=\"attachment-thumbnail size-thumbnail\" alt=\"\" srcset=\"https:\/\/fjarno.org\/wp-content\/uploads\/2016\/09\/GM5D0500-150x150.jpg 150w, https:\/\/fjarno.org\/wp-content\/uploads\/2016\/09\/GM5D0500-300x300.jpg 300w, https:\/\/fjarno.org\/wp-content\/uploads\/2016\/09\/GM5D0500-100x100.jpg 100w, https:\/\/fjarno.org\/wp-content\/uploads\/2016\/09\/GM5D0500-600x600.jpg 600w\" sizes=\"auto, (max-width: 150px) 100vw, 150px\" \/><\/a>\n\t\t\t<\/div><\/figure><figure class='gallery-item'>\n\t\t\t<div class='gallery-icon landscape'>\n\t\t\t\t<a href='https:\/\/fjarno.org\/ca\/gm5d0877-2\/'><img loading=\"lazy\" decoding=\"async\" width=\"150\" height=\"150\" src=\"https:\/\/fjarno.org\/wp-content\/uploads\/2016\/09\/GM5D0877-150x150.jpg\" class=\"attachment-thumbnail size-thumbnail\" alt=\"\" srcset=\"https:\/\/fjarno.org\/wp-content\/uploads\/2016\/09\/GM5D0877-150x150.jpg 150w, https:\/\/fjarno.org\/wp-content\/uploads\/2016\/09\/GM5D0877-300x300.jpg 300w, https:\/\/fjarno.org\/wp-content\/uploads\/2016\/09\/GM5D0877-100x100.jpg 100w, https:\/\/fjarno.org\/wp-content\/uploads\/2016\/09\/GM5D0877-600x600.jpg 600w\" sizes=\"auto, (max-width: 150px) 100vw, 150px\" \/><\/a>\n\t\t\t<\/div><\/figure><figure class='gallery-item'>\n\t\t\t<div class='gallery-icon landscape'>\n\t\t\t\t<a href='https:\/\/fjarno.org\/ca\/img-20170924-wa0034-2\/'><img loading=\"lazy\" decoding=\"async\" width=\"150\" height=\"150\" src=\"https:\/\/fjarno.org\/wp-content\/uploads\/2016\/09\/IMG-20170924-WA0034-150x150.jpg\" class=\"attachment-thumbnail size-thumbnail\" alt=\"\" srcset=\"https:\/\/fjarno.org\/wp-content\/uploads\/2016\/09\/IMG-20170924-WA0034-150x150.jpg 150w, https:\/\/fjarno.org\/wp-content\/uploads\/2016\/09\/IMG-20170924-WA0034-300x300.jpg 300w, https:\/\/fjarno.org\/wp-content\/uploads\/2016\/09\/IMG-20170924-WA0034-100x100.jpg 100w, https:\/\/fjarno.org\/wp-content\/uploads\/2016\/09\/IMG-20170924-WA0034-600x600.jpg 600w\" sizes=\"auto, (max-width: 150px) 100vw, 150px\" \/><\/a>\n\t\t\t<\/div><\/figure><figure class='gallery-item'>\n\t\t\t<div class='gallery-icon landscape'>\n\t\t\t\t<a href='https:\/\/fjarno.org\/ca\/gm5d1945_ok-2\/'><img loading=\"lazy\" decoding=\"async\" width=\"150\" height=\"150\" src=\"https:\/\/fjarno.org\/wp-content\/uploads\/2016\/09\/GM5D1945_ok-scaled-1-150x150.jpg\" class=\"attachment-thumbnail size-thumbnail\" alt=\"\" srcset=\"https:\/\/fjarno.org\/wp-content\/uploads\/2016\/09\/GM5D1945_ok-scaled-1-150x150.jpg 150w, https:\/\/fjarno.org\/wp-content\/uploads\/2016\/09\/GM5D1945_ok-scaled-1-300x300.jpg 300w, https:\/\/fjarno.org\/wp-content\/uploads\/2016\/09\/GM5D1945_ok-scaled-1-100x100.jpg 100w, https:\/\/fjarno.org\/wp-content\/uploads\/2016\/09\/GM5D1945_ok-scaled-1-600x600.jpg 600w\" sizes=\"auto, (max-width: 150px) 100vw, 150px\" \/><\/a>\n\t\t\t<\/div><\/figure><figure class='gallery-item'>\n\t\t\t<div class='gallery-icon landscape'>\n\t\t\t\t<a href='https:\/\/fjarno.org\/ca\/gm5d1327_ok-2\/'><img loading=\"lazy\" decoding=\"async\" width=\"150\" height=\"150\" src=\"https:\/\/fjarno.org\/wp-content\/uploads\/2016\/09\/GM5D1327_ok-scaled-1-150x150.jpg\" class=\"attachment-thumbnail size-thumbnail\" alt=\"\" srcset=\"https:\/\/fjarno.org\/wp-content\/uploads\/2016\/09\/GM5D1327_ok-scaled-1-150x150.jpg 150w, https:\/\/fjarno.org\/wp-content\/uploads\/2016\/09\/GM5D1327_ok-scaled-1-300x300.jpg 300w, https:\/\/fjarno.org\/wp-content\/uploads\/2016\/09\/GM5D1327_ok-scaled-1-100x100.jpg 100w, https:\/\/fjarno.org\/wp-content\/uploads\/2016\/09\/GM5D1327_ok-scaled-1-600x600.jpg 600w\" sizes=\"auto, (max-width: 150px) 100vw, 150px\" \/><\/a>\n\t\t\t<\/div><\/figure>\n\t\t<\/div>\n\n<h4>Almenar, 24 de setembre<\/h4>\n<p>&nbsp;<\/p>\n<p>CONVENI FUNDACI\u00d3 PODOACTIVA AMB FUNDACI\u00d3 JAUME ARN\u00d3 PER A LES MARCHES TRANSPLANT BIKE<\/p>\n<p><a href=\"https:\/\/fjarno.org\/wp-content\/uploads\/2016\/09\/Buena.jpg\"><img loading=\"lazy\" decoding=\"async\" class=\"alignnone size-medium wp-image-3691\" src=\"https:\/\/fjarno.org\/wp-content\/uploads\/2016\/09\/Buena-300x200.jpg\" alt=\"Buena\" width=\"300\" height=\"200\"><\/a><\/p>\n<p>Osca, setembre de 2016.<\/p>\n<h3>TRANSPLANT BIKE ALFARR\u00c0S 2016<\/h3>\n<p>La primera Transplant Bike ha estat tot un \u00e8xit solidari. M\u00e9s de 200 participants, entre ells 25 trasplantats, van pedalar per promoure la donaci\u00f3 d&#8217;\u00f2rgans i l&#8217;activitat f\u00edsica en pacients cr\u00f2nics i trasplantats. Vam gaudir del bon temps i l&#8217;ambient de germanor entre corredors i voluntaris. Des de la Fundaci\u00f3 Renal Jaume Arn\u00f3 volem donar les gr\u00e0cies a tots aquells que ho han fet possible. Us esperem a la propera Transplant Bike Bilbao 2017 (10 de setembre) i Almenar 2017 (24 de setembre). No hi falteu!    <\/p>\n<p>[qodef_button size=\u201d\u201d type=\u201d\u201d text=\u201dVols col\u00b7laborar?\u201d custom_class=\u201d\u201d icon_pack=\u201dfont_awesome\u201d fa_icon=\u201d\u201d link=\u201dhttps:\/\/fjarno.org\/es\/hazte-amigo\/\u201d target=\u201d_self\u201d color=\u201d\u201d hover_color=\u201d\u201d background_color=\u201d\u201d hover_background_color=\u201d\u201d border_color=\u201d\u201d hover_border_color=\u201d\u201d font_size=\u201d\u201d font_weight=\u201d\u201d margin=\u201d\u201d]<\/p>\n<p class=\"responsive-video-wrap clr\"><iframe loading=\"lazy\" title=\"Banner Transplantbike\" width=\"1200\" height=\"675\" src=\"https:\/\/www.youtube.com\/embed\/ZHhPzGGQwXI?feature=oembed\" frameborder=\"0\" allow=\"accelerometer; autoplay; clipboard-write; encrypted-media; gyroscope; picture-in-picture; web-share\" referrerpolicy=\"strict-origin-when-cross-origin\" allowfullscreen><\/iframe><\/p>\n<h3><\/h3>\n<h3><\/h3>\n<h3><\/h3>\n<h3><\/h3>\n<h3><\/h3>\n<h3><\/h3>\n<h4><\/h4>\n<p><a href=\"https:\/\/fjarno.org\/wp-content\/uploads\/2016\/09\/iStock_000074003595_Full.jpg\"><img loading=\"lazy\" decoding=\"async\" class=\"size-large wp-image-3536\" src=\"https:\/\/fjarno.org\/wp-content\/uploads\/2016\/09\/iStock_000074003595_Full-1024x768.jpg\" alt=\"DCIM100GOPROG0039423.\" width=\"1024\" height=\"768\" srcset=\"https:\/\/fjarno.org\/wp-content\/uploads\/2016\/09\/iStock_000074003595_Full-1024x768.jpg 1024w, https:\/\/fjarno.org\/wp-content\/uploads\/2016\/09\/iStock_000074003595_Full-600x450.jpg 600w, https:\/\/fjarno.org\/wp-content\/uploads\/2016\/09\/iStock_000074003595_Full-300x225.jpg 300w, https:\/\/fjarno.org\/wp-content\/uploads\/2016\/09\/iStock_000074003595_Full-768x576.jpg 768w, https:\/\/fjarno.org\/wp-content\/uploads\/2016\/09\/iStock_000074003595_Full-1536x1152.jpg 1536w, https:\/\/fjarno.org\/wp-content\/uploads\/2016\/09\/iStock_000074003595_Full.jpg 1600w\" sizes=\"auto, (max-width: 1024px) 100vw, 1024px\" \/><\/a><\/p>\n<p>&nbsp;<\/p>\n<p>Projecte realitzat amb la col\u00b7laboraci\u00f3 de<\/p>\n<p><img loading=\"lazy\" decoding=\"async\" class=\"alignnone size-full wp-image-3970\" src=\"https:\/\/fjarno.org\/wp-content\/uploads\/2016\/01\/diputacio-lleida-orig-e1495105506380.png\" alt=\"diputacio-lleida-orig\" width=\"150\" height=\"148\" srcset=\"https:\/\/fjarno.org\/wp-content\/uploads\/2016\/01\/diputacio-lleida-orig-e1495105506380.png 150w, https:\/\/fjarno.org\/wp-content\/uploads\/2016\/01\/diputacio-lleida-orig-e1495105506380-100x100.png 100w\" sizes=\"auto, (max-width: 150px) 100vw, 150px\" \/><\/p>\n<p>TRANSPLANT BIKE ALMENAR 2019<\/p>\n<p>Una nova edici\u00f3 de Transplant Bike va tenir lloc el darrer 15 de setembre a Almenar. Transplant Bike \u00e9s la marxa ciclista no competitiva de refer\u00e8ncia per a persones trasplantades o en situaci\u00f3 de malaltia cr\u00f2nica a Terres de Ponent. L\u2019objectiu de la carrera \u00e9s fer promoci\u00f3 de la donaci\u00f3 d\u2019\u00f2rgans i encoratjar la realitzaci\u00f3 d\u2019activitat f\u00edsica entre la poblaci\u00f3 en general, i entre trasplantats i pacients cr\u00f2nics, en particular. A banda de fomentar la solidaritat , la salut i l\u2019esport, els m\u00e9s de 400 participants i 100 voluntaris, vam viure moments molt divertits en un ambient festiu i familiar. Destaquem en aquest sentit la festa a l\u2019avituallament d\u2019Alfarr\u00e0s, amb animaci\u00f3, m\u00fasica i ball; el dinar de germanor i el sorteig de regals. Per nosaltres \u00e9s una gran satisfacci\u00f3 veure com la nostra marxa, amb inicis modests es consolida i assoleix poc a poc els seus objectius     <\/p>\n<p>Un any m\u00e9s som conscients que l\u2019\u00e8xit de Transplant Bike seria imposible sense el comprom\u00eds i dedicaci\u00f3 de l\u2019equip de voluntaris, especialmente els del club esportiu Rocko d\u2019Almenar, en qui recau molta responsabilitat. Tamb\u00e9 \u00e9s vital la implicaci\u00f3 de empreses i entitats col\u00b7laboradores aix\u00ed com la solidaritat de tots els participants. A tots vosaltres: GR\u00c0CIES!!  <\/p>\n<p><img loading=\"lazy\" decoding=\"async\" class=\"alignnone wp-image-4993\" src=\"https:\/\/fjarno.org\/wp-content\/uploads\/2016\/09\/GM5D1544-1024x683.jpg\" alt=\"\" width=\"425\" height=\"283\" srcset=\"https:\/\/fjarno.org\/wp-content\/uploads\/2016\/09\/GM5D1544-1024x683.jpg 1024w, https:\/\/fjarno.org\/wp-content\/uploads\/2016\/09\/GM5D1544-600x400.jpg 600w, https:\/\/fjarno.org\/wp-content\/uploads\/2016\/09\/GM5D1544-300x200.jpg 300w, https:\/\/fjarno.org\/wp-content\/uploads\/2016\/09\/GM5D1544-768x512.jpg 768w, https:\/\/fjarno.org\/wp-content\/uploads\/2016\/09\/GM5D1544.jpg 1500w\" sizes=\"auto, (max-width: 425px) 100vw, 425px\" \/><img loading=\"lazy\" decoding=\"async\" class=\"alignnone wp-image-4991\" src=\"https:\/\/fjarno.org\/wp-content\/uploads\/2016\/09\/GM5D1478-1024x683.jpg\" alt=\"\" width=\"435\" height=\"290\" srcset=\"https:\/\/fjarno.org\/wp-content\/uploads\/2016\/09\/GM5D1478-1024x683.jpg 1024w, https:\/\/fjarno.org\/wp-content\/uploads\/2016\/09\/GM5D1478-600x400.jpg 600w, https:\/\/fjarno.org\/wp-content\/uploads\/2016\/09\/GM5D1478-300x200.jpg 300w, https:\/\/fjarno.org\/wp-content\/uploads\/2016\/09\/GM5D1478-768x512.jpg 768w, https:\/\/fjarno.org\/wp-content\/uploads\/2016\/09\/GM5D1478.jpg 1500w\" sizes=\"auto, (max-width: 435px) 100vw, 435px\" \/><\/p>\n<p><img loading=\"lazy\" decoding=\"async\" class=\"alignnone wp-image-4992\" src=\"https:\/\/fjarno.org\/wp-content\/uploads\/2016\/09\/GM5D1527-1024x683.jpg\" alt=\"\" width=\"449\" height=\"299\" srcset=\"https:\/\/fjarno.org\/wp-content\/uploads\/2016\/09\/GM5D1527-1024x683.jpg 1024w, https:\/\/fjarno.org\/wp-content\/uploads\/2016\/09\/GM5D1527-600x400.jpg 600w, https:\/\/fjarno.org\/wp-content\/uploads\/2016\/09\/GM5D1527-300x200.jpg 300w, https:\/\/fjarno.org\/wp-content\/uploads\/2016\/09\/GM5D1527-768x512.jpg 768w, https:\/\/fjarno.org\/wp-content\/uploads\/2016\/09\/GM5D1527.jpg 1500w\" sizes=\"auto, (max-width: 449px) 100vw, 449px\" \/>  <img loading=\"lazy\" decoding=\"async\" class=\"alignnone wp-image-4994\" src=\"https:\/\/fjarno.org\/wp-content\/uploads\/2016\/09\/GM5D1629-1024x683.jpg\" alt=\"\" width=\"435\" height=\"290\" srcset=\"https:\/\/fjarno.org\/wp-content\/uploads\/2016\/09\/GM5D1629-1024x683.jpg 1024w, https:\/\/fjarno.org\/wp-content\/uploads\/2016\/09\/GM5D1629-600x400.jpg 600w, https:\/\/fjarno.org\/wp-content\/uploads\/2016\/09\/GM5D1629-300x200.jpg 300w, https:\/\/fjarno.org\/wp-content\/uploads\/2016\/09\/GM5D1629-768x512.jpg 768w, https:\/\/fjarno.org\/wp-content\/uploads\/2016\/09\/GM5D1629.jpg 1500w\" sizes=\"auto, (max-width: 435px) 100vw, 435px\" \/> <img loading=\"lazy\" decoding=\"async\" class=\"alignnone wp-image-4995\" src=\"https:\/\/fjarno.org\/wp-content\/uploads\/2016\/09\/IMG-20190915-WA0006-1024x768.jpg\" alt=\"\" width=\"914\" height=\"685\" srcset=\"https:\/\/fjarno.org\/wp-content\/uploads\/2016\/09\/IMG-20190915-WA0006-1024x768.jpg 1024w, https:\/\/fjarno.org\/wp-content\/uploads\/2016\/09\/IMG-20190915-WA0006-600x450.jpg 600w, https:\/\/fjarno.org\/wp-content\/uploads\/2016\/09\/IMG-20190915-WA0006-300x225.jpg 300w, https:\/\/fjarno.org\/wp-content\/uploads\/2016\/09\/IMG-20190915-WA0006-768x576.jpg 768w, https:\/\/fjarno.org\/wp-content\/uploads\/2016\/09\/IMG-20190915-WA0006-1536x1152.jpg 1536w, https:\/\/fjarno.org\/wp-content\/uploads\/2016\/09\/IMG-20190915-WA0006.jpg 1600w\" sizes=\"auto, (max-width: 914px) 100vw, 914px\" \/><\/p>\n<p>Fins l\u2019any vinent!<\/p>\n<p>Totes les fotos a <span style=\"color: #3366ff;\"><a style=\"color: #3366ff;\" href=\"https:\/\/transplantbike.com\/almenar-2019\/la-carrera-almenar\/galeria-de-fotos\/\">www.transplantbike.com <\/a><\/span> <\/p>\n<p>&nbsp;<\/p>\n<p>CARTELL 2019 by Neus Huguet<\/p>\n<p><img loading=\"lazy\" decoding=\"async\" class=\"alignnone wp-image-4996\" src=\"https:\/\/fjarno.org\/wp-content\/uploads\/2016\/09\/Cartell-cat-724x1024.jpg\" alt=\"\" width=\"277\" height=\"392\" srcset=\"https:\/\/fjarno.org\/wp-content\/uploads\/2016\/09\/Cartell-cat-724x1024.jpg 724w, https:\/\/fjarno.org\/wp-content\/uploads\/2016\/09\/Cartell-cat-600x848.jpg 600w, https:\/\/fjarno.org\/wp-content\/uploads\/2016\/09\/Cartell-cat-212x300.jpg 212w, https:\/\/fjarno.org\/wp-content\/uploads\/2016\/09\/Cartell-cat-768x1086.jpg 768w, https:\/\/fjarno.org\/wp-content\/uploads\/2016\/09\/Cartell-cat-1086x1536.jpg 1086w, https:\/\/fjarno.org\/wp-content\/uploads\/2016\/09\/Cartell-cat-1448x2048.jpg 1448w, https:\/\/fjarno.org\/wp-content\/uploads\/2016\/09\/Cartell-cat.jpg 1754w\" sizes=\"auto, (max-width: 277px) 100vw, 277px\" \/><\/p>\n<p>TRANSPLANT BIKE ALMENAR 2018<\/p>\n<p>Solidaritat, esport i territori<\/p>\n<p>El diumenge 16 de setembre va tenir lloc la tercera edici\u00f3 de Transplant Bike Almenar, marxa cicloturista BTT no competitiva amb l\u2019objectiu de fomentar la Donaci\u00f3 d\u2019\u00f2rgans i promoure l\u2019activitat f\u00edsica entre malalts cr\u00f2nics i trasplantats. M\u00e9s de 350 participants units per una causa que ens pertoca a tots. <\/p>\n<p>Aquest any hem incorporat una novetat que ha tingut molt bona acollida, la caminada familiar guiada per visitar punts d\u2019inter\u00e9s del municipi d\u2019Almenar amb 87 inscrits, entre ells el Doctor Jaume Tort, director de la OCATT que ens va acompanyar durant la jornada i va participar en l\u2019entrega de premis.<\/p>\n<p>Gr\u00e0cies al suport de la Diputaci\u00f3 de Lleida, i a la generositat de col\u00b7laboradors i patrocinadors, hem pogut oferir molts detalls, premis i regals. Destaquem l\u2019avituallament al congost de Baldellou, on per iniciativa de l\u2019equip de Rocko, es va preparar una festa amb ball i m\u00fasica per rebre els ciclistes que arribaven, i tamb\u00e9 el fant\u00e0stic dinar de cloenda , a c\u00e0rrec de El Cau d\u2019Almenar. <\/p>\n<p>Sense la solidaritat dels inscrits i el bon treball dels m\u00e9s de 70 voluntaris seria impossible l\u2019\u00e8xit de Transplant Bike, per aix\u00f2 des de la Fundaci\u00f3 Renal Jaume Arn\u00f3 no ens cansem d\u2019agra\u00efr-vos la vostra implicaci\u00f3, i no cal dir que esperem retrobar-nos l\u2019any vinent!<\/p>\n<p>El nostre pa\u00eds \u00e9s l\u00edder en trasplantament i el model \u00e9s admirat i copiat fora de les nostres fronteres, per\u00f2 la realitat \u00e9s que a Catalunya, hi ha 1200 persones en llista d\u2019espera per trasplantament. De la Donaci\u00f3 d\u2019\u00f2rgans cada cop s\u2019en parla m\u00e9s obertament i est\u00e0 socialment molt integrat. No obstant, encara hi ha dubtes, mites i negatives familiars. Amb activitats com la Trasplant Bike ens proposem acostar el tema de la Donaci\u00f3 i el trasplantament al m\u00e0xim nombre de persones en un marc din\u00e0mic i alegre, perqu\u00e8 Donar \u00e9s vida, \u00e9s crear oportunitats i regalar esperan\u00e7a.   <\/p>\n<p>Us esperem l\u2019any vinent , pedalant a favor de la donaci\u00f3 d\u2019\u00f2rgans!<\/p>\n<p><img loading=\"lazy\" decoding=\"async\" class=\"alignnone wp-image-4453\" src=\"https:\/\/fjarno.org\/wp-content\/uploads\/2018\/09\/Sin-t%C3%ADtulo.png\" alt=\"Sin t\u00edtulo\" width=\"292\" height=\"303\"> <img loading=\"lazy\" decoding=\"async\" class=\"alignnone wp-image-4450\" src=\"https:\/\/fjarno.org\/wp-content\/uploads\/2018\/09\/GM5D6632.jpg\" alt=\"GM5D6632\" width=\"384\" height=\"256\" srcset=\"https:\/\/fjarno.org\/wp-content\/uploads\/2018\/09\/GM5D6632.jpg 1000w, https:\/\/fjarno.org\/wp-content\/uploads\/2018\/09\/GM5D6632-600x400.jpg 600w, https:\/\/fjarno.org\/wp-content\/uploads\/2018\/09\/GM5D6632-300x200.jpg 300w, https:\/\/fjarno.org\/wp-content\/uploads\/2018\/09\/GM5D6632-768x512.jpg 768w\" sizes=\"auto, (max-width: 384px) 100vw, 384px\" \/> <img loading=\"lazy\" decoding=\"async\" class=\"alignnone wp-image-4449\" src=\"https:\/\/fjarno.org\/wp-content\/uploads\/2018\/09\/GM5D7932-1.jpg\" alt=\"GM5D7932\" width=\"660\" height=\"440\" srcset=\"https:\/\/fjarno.org\/wp-content\/uploads\/2018\/09\/GM5D7932-1.jpg 1000w, https:\/\/fjarno.org\/wp-content\/uploads\/2018\/09\/GM5D7932-1-600x400.jpg 600w, https:\/\/fjarno.org\/wp-content\/uploads\/2018\/09\/GM5D7932-1-300x200.jpg 300w, https:\/\/fjarno.org\/wp-content\/uploads\/2018\/09\/GM5D7932-1-768x512.jpg 768w\" sizes=\"auto, (max-width: 660px) 100vw, 660px\" \/><\/p>\n<p><strong>TRANSPLANT BIKE 2018 COMEN\u00c7A A PEDALAR<\/strong><br \/>\nEns alegra molt comunicar que aquest 2018 la tercera edici\u00f3 de Transplant Bike tindr\u00e0 lloc <strong> el 16 de setembre a Almenar (Lleida), <\/strong>en modalitat MTB. Esperem que a 2018 la marxa cicloturista per la Donaci\u00f3 d&#8217;\u00f2rgans sigui tot un \u00e8xit. Tenim una cita amb l&#8217;esport, la solidaritat i les segones oportunitats. Us hi esperem!!!   <\/p>\n<h5>Cartell Transplant BIke Almenar 2018 by Neus Huguet<\/h5>\n<p><img loading=\"lazy\" decoding=\"async\" class=\"alignnone wp-image-4360\" src=\"https:\/\/fjarno.org\/wp-content\/uploads\/2016\/09\/Cartel-1.jpg\" alt=\"Cartel\" width=\"229\" height=\"323\" srcset=\"https:\/\/fjarno.org\/wp-content\/uploads\/2016\/09\/Cartel-1.jpg 1789w, https:\/\/fjarno.org\/wp-content\/uploads\/2016\/09\/Cartel-1-600x844.jpg 600w, https:\/\/fjarno.org\/wp-content\/uploads\/2016\/09\/Cartel-1-213x300.jpg 213w, https:\/\/fjarno.org\/wp-content\/uploads\/2016\/09\/Cartel-1-728x1024.jpg 728w, https:\/\/fjarno.org\/wp-content\/uploads\/2016\/09\/Cartel-1-768x1080.jpg 768w, https:\/\/fjarno.org\/wp-content\/uploads\/2016\/09\/Cartel-1-1092x1536.jpg 1092w, https:\/\/fjarno.org\/wp-content\/uploads\/2016\/09\/Cartel-1-1456x2048.jpg 1456w\" sizes=\"auto, (max-width: 229px) 100vw, 229px\" \/><\/p>\n<h3>EL PER QU\u00c8 DE TRANSPLANT BIKE<\/h3>\n<p>El trasplantament d&#8217;\u00f2rgans \u00e9s, ara per ara, un tractament habitual per a moltes malalties i l&#8217;\u00fanic per a algunes molt concretes. Per aix\u00f2 creiem que \u00e9s obligaci\u00f3 de tots els implicats difondre els beneficis que produeix en tantes persones -m\u00e9s de 100.000 a Espanya- i en tantes fam\u00edlies. Per\u00f2 com solem dir, el trasplantament \u00e9s l&#8217;\u00fanic tractament que requereix de la solidaritat, la bona voluntat i la generositat de la donaci\u00f3.  <\/p>\n<p>&nbsp;<\/p>\n<p>Per ajudar a crear consci\u00e8ncia sobre aquesta necessitat social i mostrar els beneficis que aporta a la nostra salut l&#8217;activitat f\u00edsica, especialment als trasplantats de qualsevol \u00f2rgan, la plataforma Trainsplant i la Fundaci\u00f3 Renal Jaume Arn\u00f3 hem unit la nostra passi\u00f3, il\u00b7lusi\u00f3 i forces per organitzar la primera Transplant BIKE <span style=\"color: #008080;\"><a style=\"color: #008080;\" href=\"http:\/\/www.transplantbike.com\" target=\"_blank\" rel=\"noopener noreferrer\">(www.transplantbike.com)<\/a><\/span>.<\/p>\n<p>&nbsp;<\/p>\n<p>Es tracta d&#8217;una marxa cicloturista, en diferents formats (equips, MTB, ruta &#8230;), destinada a persones trasplantades i no trasplantades, amants de la bicicleta, la natura i solid\u00e0ries.<\/p>\n<p>&nbsp;<\/p>\n<p>Estrenem amb Transplant BIKE ALFARR\u00c0S 2016, una localitat propera a la ciutat de Lleida, els propers 1 i 2 d&#8217;octubre.<\/p>\n<p>&nbsp;<\/p>\n<p>En aquesta ocasi\u00f3, s&#8217;han preparat tres circuits, de 15, 30 i 60 km de BTT per als diferents nivells de preparaci\u00f3 dels participants, que es correran al llarg del mat\u00ed del diumenge dia 2. Al seu torn, tant el dia anterior, com el mateix dia de les carreres, hi ha preparat un programa d&#8217;activitats perqu\u00e8 tota la fam\u00edlia, inclosos els nens, pugui gaudir d&#8217;un magn\u00edfic entorn i d&#8217;aquesta festa solid\u00e0ria. <\/p>\n<p>&nbsp;<\/p>\n<p>Per\u00f2 Transplant BIKE t\u00e9, a m\u00e9s de fomentar la donaci\u00f3 d&#8217;\u00f2rgans, altres objectius:<\/p>\n<p>&nbsp;<\/p>\n<p>\u2013 La interacci\u00f3 de persones trasplantades amb no trasplantades realitzant activitats esportives de manera conjunta, amb la qual cosa mostra la dimensi\u00f3 del benefici que el trasplantament, i per tant la donaci\u00f3, produeix en qui el rep.<\/p>\n<p>\u2013 S&#8217;inclou, a m\u00e9s, un screening als trasplantats inscrits, a nivell bioqu\u00edmic, f\u00edsic, nutricional i psicosocial pre i post cursa. Per aix\u00f2 comptem amb El bus de la salut, un autob\u00fas medicalitzat en el qual es realitzaran les proves per tal de recaptar dades sobre com la realitzaci\u00f3 d&#8217;exercici f\u00edsic afecta les persones trasplantades. <\/p>\n<p>\u2013 Els beneficis econ\u00f2mics de l&#8217;activitat estan destinats a la creaci\u00f3 d&#8217;un programa d&#8217;activitat f\u00edsica en pacients cr\u00f2nics. En aquesta ocasi\u00f3, es dur\u00e0 a terme a la Unitat de Di\u00e0lisi de l&#8217;Hospital Comarcal de Tremp (Lleida), amb la intenci\u00f3 de millorar la capacitat funcional i la qualitat de vida de persones hemodialitzades. <\/p>\n<p>\u2013 Per fer cada dia m\u00e9s transparent en qu\u00e8 consisteix la donaci\u00f3 i el trasplantament, s&#8217;han concertat visites per fer difusi\u00f3 del tema a les escoles i instituts de la zona, municipis propers, r\u00e0dio, premsa i TV locals. En alguns d&#8217;ells participaran esportistes trasplantats que mostraran com la donaci\u00f3 facilita una segona oportunitat de vida. <\/p>\n<p>&nbsp;<\/p>\n<p>Per descomptat, Transplant BIKE no es queda en un esdeveniment a\u00efllat. T\u00e9 vocaci\u00f3 de continu\u00eftat. Per aix\u00f2, cada any a Lleida es realitzar\u00e0 una prova Transplant Bike i, tamb\u00e9, estem preparant altres en diferents localitats d&#8217;Espanya. De moment, esperem organitzar una Transplant Bike Bilbao 2017, en aquesta ocasi\u00f3 en la modalitat de ruta.   <\/p>\n<p>&nbsp;<\/p>\n<p>Us animem a que entreu al nostre lloc web per estar al corrent de les activitats, actes i not\u00edcies que genera aquest esdeveniment.<\/p>\n<h2>TRANSPLANT BIKE 2017 Bilbao i Almenar<\/h2>\n<p>La segona edici\u00f3 de Transplant Bike ha estat tot un \u00e8xit. Bilbao: Al voltant de 250 participants van demostrar la seva solidaritat pedalant a favor de la donaci\u00f3 d&#8217;\u00f2rgans sota la pluja. Un marc incomparable per una marxa \u00fanica l&#8217;objectiu de la qual \u00e9s promoure la Donaci\u00f3 i l&#8217;esport entre els pacients cr\u00f2nics i trasplantats. Destaquem la pres\u00e8ncia de Marino Lejarreta entre els participants.   <\/p>\n<p>Almenar: Els m\u00e9s de 250 participants a la modalitat BTT d&#8217;Almenar van gaudir d&#8217;un dia espl\u00e8ndid a terres de ponent. Destaquem l&#8217;ambient familiar i festiu de la jornada, la participaci\u00f3 dels m\u00e9s joves a la cursa i com a colof\u00f3, el sorteig de la bici, que va generar for\u00e7a expectaci\u00f3. Enhorabona a l&#8217;afortunat!  <\/p>\n<p>Per\u00f2 una imatge val m\u00e9s que mil paraules&#8230;<\/p>\n<p>Bilbao 10 de setembre.<\/p>\n<div id='gallery-3' class='gallery galleryid-7180 gallery-columns-3 gallery-size-thumbnail'><figure class='gallery-item'>\n\t\t\t<div class='gallery-icon landscape'>\n\t\t\t\t<a href='https:\/\/fjarno.org\/ca\/spf_7250-2\/'><img loading=\"lazy\" decoding=\"async\" width=\"150\" height=\"150\" src=\"https:\/\/fjarno.org\/wp-content\/uploads\/2016\/09\/SPF_7250-150x150.jpg\" class=\"attachment-thumbnail size-thumbnail\" alt=\"\" srcset=\"https:\/\/fjarno.org\/wp-content\/uploads\/2016\/09\/SPF_7250-150x150.jpg 150w, https:\/\/fjarno.org\/wp-content\/uploads\/2016\/09\/SPF_7250-300x300.jpg 300w, https:\/\/fjarno.org\/wp-content\/uploads\/2016\/09\/SPF_7250-100x100.jpg 100w, https:\/\/fjarno.org\/wp-content\/uploads\/2016\/09\/SPF_7250-600x600.jpg 600w\" sizes=\"auto, (max-width: 150px) 100vw, 150px\" \/><\/a>\n\t\t\t<\/div><\/figure><figure class='gallery-item'>\n\t\t\t<div class='gallery-icon landscape'>\n\t\t\t\t<a href='https:\/\/fjarno.org\/ca\/gm5d0500-2\/'><img loading=\"lazy\" decoding=\"async\" width=\"150\" height=\"150\" src=\"https:\/\/fjarno.org\/wp-content\/uploads\/2016\/09\/GM5D0500-150x150.jpg\" class=\"attachment-thumbnail size-thumbnail\" alt=\"\" srcset=\"https:\/\/fjarno.org\/wp-content\/uploads\/2016\/09\/GM5D0500-150x150.jpg 150w, https:\/\/fjarno.org\/wp-content\/uploads\/2016\/09\/GM5D0500-300x300.jpg 300w, https:\/\/fjarno.org\/wp-content\/uploads\/2016\/09\/GM5D0500-100x100.jpg 100w, https:\/\/fjarno.org\/wp-content\/uploads\/2016\/09\/GM5D0500-600x600.jpg 600w\" sizes=\"auto, (max-width: 150px) 100vw, 150px\" \/><\/a>\n\t\t\t<\/div><\/figure><figure class='gallery-item'>\n\t\t\t<div class='gallery-icon landscape'>\n\t\t\t\t<a href='https:\/\/fjarno.org\/ca\/gm5d0877-2\/'><img loading=\"lazy\" decoding=\"async\" width=\"150\" height=\"150\" src=\"https:\/\/fjarno.org\/wp-content\/uploads\/2016\/09\/GM5D0877-150x150.jpg\" class=\"attachment-thumbnail size-thumbnail\" alt=\"\" srcset=\"https:\/\/fjarno.org\/wp-content\/uploads\/2016\/09\/GM5D0877-150x150.jpg 150w, https:\/\/fjarno.org\/wp-content\/uploads\/2016\/09\/GM5D0877-300x300.jpg 300w, https:\/\/fjarno.org\/wp-content\/uploads\/2016\/09\/GM5D0877-100x100.jpg 100w, https:\/\/fjarno.org\/wp-content\/uploads\/2016\/09\/GM5D0877-600x600.jpg 600w\" sizes=\"auto, (max-width: 150px) 100vw, 150px\" \/><\/a>\n\t\t\t<\/div><\/figure><figure class='gallery-item'>\n\t\t\t<div class='gallery-icon landscape'>\n\t\t\t\t<a href='https:\/\/fjarno.org\/ca\/img-20170924-wa0034-2\/'><img loading=\"lazy\" decoding=\"async\" width=\"150\" height=\"150\" src=\"https:\/\/fjarno.org\/wp-content\/uploads\/2016\/09\/IMG-20170924-WA0034-150x150.jpg\" class=\"attachment-thumbnail size-thumbnail\" alt=\"\" srcset=\"https:\/\/fjarno.org\/wp-content\/uploads\/2016\/09\/IMG-20170924-WA0034-150x150.jpg 150w, https:\/\/fjarno.org\/wp-content\/uploads\/2016\/09\/IMG-20170924-WA0034-300x300.jpg 300w, https:\/\/fjarno.org\/wp-content\/uploads\/2016\/09\/IMG-20170924-WA0034-100x100.jpg 100w, https:\/\/fjarno.org\/wp-content\/uploads\/2016\/09\/IMG-20170924-WA0034-600x600.jpg 600w\" sizes=\"auto, (max-width: 150px) 100vw, 150px\" \/><\/a>\n\t\t\t<\/div><\/figure><figure class='gallery-item'>\n\t\t\t<div class='gallery-icon landscape'>\n\t\t\t\t<a href='https:\/\/fjarno.org\/ca\/gm5d1945_ok-2\/'><img loading=\"lazy\" decoding=\"async\" width=\"150\" height=\"150\" src=\"https:\/\/fjarno.org\/wp-content\/uploads\/2016\/09\/GM5D1945_ok-scaled-1-150x150.jpg\" class=\"attachment-thumbnail size-thumbnail\" alt=\"\" srcset=\"https:\/\/fjarno.org\/wp-content\/uploads\/2016\/09\/GM5D1945_ok-scaled-1-150x150.jpg 150w, https:\/\/fjarno.org\/wp-content\/uploads\/2016\/09\/GM5D1945_ok-scaled-1-300x300.jpg 300w, https:\/\/fjarno.org\/wp-content\/uploads\/2016\/09\/GM5D1945_ok-scaled-1-100x100.jpg 100w, https:\/\/fjarno.org\/wp-content\/uploads\/2016\/09\/GM5D1945_ok-scaled-1-600x600.jpg 600w\" sizes=\"auto, (max-width: 150px) 100vw, 150px\" \/><\/a>\n\t\t\t<\/div><\/figure><figure class='gallery-item'>\n\t\t\t<div class='gallery-icon landscape'>\n\t\t\t\t<a href='https:\/\/fjarno.org\/ca\/gm5d1327_ok-2\/'><img loading=\"lazy\" decoding=\"async\" width=\"150\" height=\"150\" src=\"https:\/\/fjarno.org\/wp-content\/uploads\/2016\/09\/GM5D1327_ok-scaled-1-150x150.jpg\" class=\"attachment-thumbnail size-thumbnail\" alt=\"\" srcset=\"https:\/\/fjarno.org\/wp-content\/uploads\/2016\/09\/GM5D1327_ok-scaled-1-150x150.jpg 150w, https:\/\/fjarno.org\/wp-content\/uploads\/2016\/09\/GM5D1327_ok-scaled-1-300x300.jpg 300w, https:\/\/fjarno.org\/wp-content\/uploads\/2016\/09\/GM5D1327_ok-scaled-1-100x100.jpg 100w, https:\/\/fjarno.org\/wp-content\/uploads\/2016\/09\/GM5D1327_ok-scaled-1-600x600.jpg 600w\" sizes=\"auto, (max-width: 150px) 100vw, 150px\" \/><\/a>\n\t\t\t<\/div><\/figure>\n\t\t<\/div>\n\n<p>Almenar 24 de setembre<\/p>\n<h3>JA TENIM CARTELL DE TRANSPLANT BIKE BILBAO 2017 BY NEUS HUGUET<\/h3>\n<p>Pensem que el cartell dissenyat per Neus Huguet cont\u00e9 tota l&#8217;ess\u00e8ncia de Transplant Bike Bilbao. En primer pla el nostre corredor, ja que \u00e9s per ells i gr\u00e0cies a ells que Transplant Bike \u00e9s possible, al fons la imatge cedida pel Museu Guggenheim, icona distintiva de la ciutat que acull aquesta edici\u00f3 de Transplant Bike i protagonistes a tot color, els \u00f2rgans vitals. Perqu\u00e8 Transplant Bike \u00e9s aix\u00f2, Donaci\u00f3, Esport, Salut, VIDA. Esperem que t&#8217;animis a participar-hi!   <\/p>\n<p><img loading=\"lazy\" decoding=\"async\" class=\"alignnone wp-image-3945\" src=\"https:\/\/fjarno.org\/wp-content\/uploads\/2016\/09\/image001-8.jpg\" alt=\"image001 (8)\" width=\"232\" height=\"327\" srcset=\"https:\/\/fjarno.org\/wp-content\/uploads\/2016\/09\/image001-8.jpg 935w, https:\/\/fjarno.org\/wp-content\/uploads\/2016\/09\/image001-8-600x844.jpg 600w, https:\/\/fjarno.org\/wp-content\/uploads\/2016\/09\/image001-8-213x300.jpg 213w, https:\/\/fjarno.org\/wp-content\/uploads\/2016\/09\/image001-8-728x1024.jpg 728w, https:\/\/fjarno.org\/wp-content\/uploads\/2016\/09\/image001-8-768x1081.jpg 768w\" sizes=\"auto, (max-width: 232px) 100vw, 232px\" \/><\/p>\n<h3>Cartell Almenar 2017<\/h3>\n<p>Seguint amb la mateixa est\u00e8tica de Transplant Bike Bilbao i respectant-ne l&#8217;ess\u00e8ncia, arriba el cartell d&#8217;Almenar, amb un paisatge m\u00e9s rural i en modalitat BTT. Dissenyat per Neus Huguet. <\/p>\n<p><img loading=\"lazy\" decoding=\"async\" class=\"alignnone wp-image-4013\" src=\"https:\/\/fjarno.org\/wp-content\/uploads\/2016\/09\/TRANSPLANTBIKEcartell-AlmenarOK-01.jpg\" alt=\"TRANSPLANTBIKEcartell-AlmenarOK-01\" width=\"224\" height=\"315\" srcset=\"https:\/\/fjarno.org\/wp-content\/uploads\/2016\/09\/TRANSPLANTBIKEcartell-AlmenarOK-01.jpg 1789w, https:\/\/fjarno.org\/wp-content\/uploads\/2016\/09\/TRANSPLANTBIKEcartell-AlmenarOK-01-600x844.jpg 600w, https:\/\/fjarno.org\/wp-content\/uploads\/2016\/09\/TRANSPLANTBIKEcartell-AlmenarOK-01-213x300.jpg 213w, https:\/\/fjarno.org\/wp-content\/uploads\/2016\/09\/TRANSPLANTBIKEcartell-AlmenarOK-01-728x1024.jpg 728w, https:\/\/fjarno.org\/wp-content\/uploads\/2016\/09\/TRANSPLANTBIKEcartell-AlmenarOK-01-768x1080.jpg 768w, https:\/\/fjarno.org\/wp-content\/uploads\/2016\/09\/TRANSPLANTBIKEcartell-AlmenarOK-01-1092x1536.jpg 1092w, https:\/\/fjarno.org\/wp-content\/uploads\/2016\/09\/TRANSPLANTBIKEcartell-AlmenarOK-01-1456x2048.jpg 1456w\" sizes=\"auto, (max-width: 224px) 100vw, 224px\" \/><\/p>\n<p>&nbsp;<\/p>\n<p>&nbsp;<\/p>\n<div id='gallery-4' class='gallery galleryid-7180 gallery-columns-4 gallery-size-medium'><figure class='gallery-item'>\n\t\t\t<div class='gallery-icon landscape'>\n\t\t\t\t<a href='https:\/\/fjarno.org\/ca\/imprimir-2\/'><img loading=\"lazy\" decoding=\"async\" width=\"300\" height=\"212\" src=\"https:\/\/fjarno.org\/wp-content\/uploads\/2016\/09\/Cartel-1024x724-catala-300x212.jpg\" class=\"attachment-medium size-medium\" alt=\"\" srcset=\"https:\/\/fjarno.org\/wp-content\/uploads\/2016\/09\/Cartel-1024x724-catala-300x212.jpg 300w, https:\/\/fjarno.org\/wp-content\/uploads\/2016\/09\/Cartel-1024x724-catala-600x424.jpg 600w, https:\/\/fjarno.org\/wp-content\/uploads\/2016\/09\/Cartel-1024x724-catala-768x543.jpg 768w, https:\/\/fjarno.org\/wp-content\/uploads\/2016\/09\/Cartel-1024x724-catala.jpg 1024w\" sizes=\"auto, (max-width: 300px) 100vw, 300px\" \/><\/a>\n\t\t\t<\/div><\/figure><figure class='gallery-item'>\n\t\t\t<div class='gallery-icon landscape'>\n\t\t\t\t<a href='https:\/\/fjarno.org\/ca\/montainbike-918426-2\/'><img loading=\"lazy\" decoding=\"async\" width=\"300\" height=\"222\" src=\"https:\/\/fjarno.org\/wp-content\/uploads\/2016\/09\/montainbike-918426-scaled-1-300x222.jpg\" class=\"attachment-medium size-medium\" alt=\"\" srcset=\"https:\/\/fjarno.org\/wp-content\/uploads\/2016\/09\/montainbike-918426-scaled-1-300x222.jpg 300w, https:\/\/fjarno.org\/wp-content\/uploads\/2016\/09\/montainbike-918426-scaled-1-600x444.jpg 600w, https:\/\/fjarno.org\/wp-content\/uploads\/2016\/09\/montainbike-918426-scaled-1-1024x758.jpg 1024w, https:\/\/fjarno.org\/wp-content\/uploads\/2016\/09\/montainbike-918426-scaled-1-768x568.jpg 768w, https:\/\/fjarno.org\/wp-content\/uploads\/2016\/09\/montainbike-918426-scaled-1-1536x1136.jpg 1536w, https:\/\/fjarno.org\/wp-content\/uploads\/2016\/09\/montainbike-918426-scaled-1-2048x1515.jpg 2048w\" sizes=\"auto, (max-width: 300px) 100vw, 300px\" \/><\/a>\n\t\t\t<\/div><\/figure><figure class='gallery-item'>\n\t\t\t<div class='gallery-icon landscape'>\n\t\t\t\t<a href='https:\/\/fjarno.org\/ca\/transplantbike-1-2\/'><img loading=\"lazy\" decoding=\"async\" width=\"300\" height=\"225\" src=\"https:\/\/fjarno.org\/wp-content\/uploads\/2016\/09\/TransplantBike-1-300x225.jpg\" class=\"attachment-medium size-medium\" alt=\"\" srcset=\"https:\/\/fjarno.org\/wp-content\/uploads\/2016\/09\/TransplantBike-1-300x225.jpg 300w, https:\/\/fjarno.org\/wp-content\/uploads\/2016\/09\/TransplantBike-1-600x450.jpg 600w, https:\/\/fjarno.org\/wp-content\/uploads\/2016\/09\/TransplantBike-1-1024x768.jpg 1024w, https:\/\/fjarno.org\/wp-content\/uploads\/2016\/09\/TransplantBike-1-768x576.jpg 768w, https:\/\/fjarno.org\/wp-content\/uploads\/2016\/09\/TransplantBike-1-1536x1152.jpg 1536w, https:\/\/fjarno.org\/wp-content\/uploads\/2016\/09\/TransplantBike-1.jpg 2048w\" sizes=\"auto, (max-width: 300px) 100vw, 300px\" \/><\/a>\n\t\t\t<\/div><\/figure><figure class='gallery-item'>\n\t\t\t<div class='gallery-icon landscape'>\n\t\t\t\t<a href='https:\/\/fjarno.org\/ca\/transplantbike-2-2\/'><img loading=\"lazy\" decoding=\"async\" width=\"300\" height=\"225\" src=\"https:\/\/fjarno.org\/wp-content\/uploads\/2016\/09\/Transplantbike-2-300x225.jpg\" class=\"attachment-medium size-medium\" alt=\"\" srcset=\"https:\/\/fjarno.org\/wp-content\/uploads\/2016\/09\/Transplantbike-2-300x225.jpg 300w, https:\/\/fjarno.org\/wp-content\/uploads\/2016\/09\/Transplantbike-2-600x450.jpg 600w, https:\/\/fjarno.org\/wp-content\/uploads\/2016\/09\/Transplantbike-2-1024x768.jpg 1024w, https:\/\/fjarno.org\/wp-content\/uploads\/2016\/09\/Transplantbike-2-768x576.jpg 768w, https:\/\/fjarno.org\/wp-content\/uploads\/2016\/09\/Transplantbike-2.jpg 1280w\" sizes=\"auto, (max-width: 300px) 100vw, 300px\" \/><\/a>\n\t\t\t<\/div><\/figure>\n\t\t<\/div>\n\n<p>CONVENI FUNDACI\u00d3 PODOACTIVA AMB FUNDACI\u00d3 JAUME ARN\u00d3 PER LES MARXES TRANSPLANT BIKE<\/p>\n<p><a href=\"https:\/\/fjarno.org\/wp-content\/uploads\/2016\/09\/Buena.jpg\"><img decoding=\"async\" class=\"alignnone size-medium wp-image-3691\" src=\"https:\/\/fjarno.org\/wp-content\/uploads\/2016\/09\/Buena-300x200.jpg\" alt=\"<a href=\"https:\/\/fjarno.org\/wp-content\/uploads\/2016\/09\/Buena.jpg\">Bona<\/a>\u201d width=\u201d300&#8243; height=\u201d200&#8243;><\/a><\/p>\n<p>Osca, Setembre 2016.<\/p>\n<h3>TRANSPLANT BIKE ALFARR\u00c0S 2016<\/h3>\n<p>La primera Transplant Bike ha estat tot un \u00e8xit solidari. M\u00e9s de 200 participants, entre ells 25 trasplantats, han pedalat per promoure la donaci\u00f3 d&#8217;\u00f2rgans i l&#8217;activitat f\u00edsica en pacients cr\u00f2nics i trasplantats. Vam gaudir del bon temps i de l&#8217;ambient de germanor entre corredors i voluntaris. Des de la Fundaci\u00f3 Renal Jaume Arn\u00f3 volem donar les Gr\u00e0cies a tots els que ho van fer possible.   <\/p>\n<p>Us esperem a la propera Transplant Bike Bilbao 2017 (10 de setembre) i Almenar 2017 (24 de setembre) No t&#8217;ho perdis!<\/p>\n<p class=\"responsive-video-wrap clr\"><iframe loading=\"lazy\" title=\"Banner Transplantbike\" width=\"1200\" height=\"675\" src=\"https:\/\/www.youtube.com\/embed\/ZHhPzGGQwXI?feature=oembed\" frameborder=\"0\" allow=\"accelerometer; autoplay; clipboard-write; encrypted-media; gyroscope; picture-in-picture; web-share\" referrerpolicy=\"strict-origin-when-cross-origin\" allowfullscreen><\/iframe><\/p>\n<p>[qodef_button size=\u201d\u201d type=\u201d\u201d text=\u201dVoleu col\u00b7laborar?\u201d custom_class=\u201d\u201d icon_pack=\u201dfont_awesome\u201d fa_icon=\u201d\u201d link=\u201dhttps:\/\/fjarno.org\/es\/hazte-amigo\/\u201d target=\u201d_self\u201d color=\u201d\u201d hover_color=\u201d\u201d background_color=\u201d\u201d hover_background_color=\u201d\u201d border_color=\u201d\u201d hover_border_color=\u201d\u201d font_size=\u201d\u201d font_weight=\u201d\u201d margin=\u201d\u201d]<\/p>\n<h3><\/h3>\n<p>&nbsp;<\/p>\n<h3><\/h3>\n<p>&nbsp;<\/p>\n<p>&nbsp;<\/p>\n<p>&nbsp;<\/p>\n<p>&nbsp;<\/p>\n<p>&nbsp;<\/p>\n<p>&nbsp;<\/p>\n<p>&nbsp;<\/p>\n<p>&nbsp;<\/p>\n<p>&nbsp;<\/p>\n<h2><\/h2>\n<p>&nbsp;<\/p>\n<p>&nbsp;<\/p>\n","protected":false},"excerpt":{"rendered":"<p>&nbsp; Projecte realitzat amb la col\u00b7laboraci\u00f3 de TRANSPLANT BIKE ALMENAR 2019 Impossible sense vosaltres! Una nova edici\u00f3 de Transplant Bike va tenir lloc el passat 15 de setembre a Almenar. Transplant Bike \u00e9s la marxa ciclista no competitiva de refer\u00e8ncia per a persones trasplantades o en situaci\u00f3 de malaltia cr\u00f2nica a les Terres de Lleida. [&hellip;]<\/p>\n","protected":false},"author":1,"featured_media":7181,"comment_status":"open","ping_status":"open","sticky":false,"template":"","format":"standard","meta":{"footnotes":""},"categories":[110],"tags":[],"class_list":["post-7180","post","type-post","status-publish","format-standard","has-post-thumbnail","hentry","category-blog","entry","has-media","owp-thumbs-layout-horizontal","owp-btn-normal","owp-tabs-layout-horizontal","has-no-thumbnails","has-product-nav"],"_links":{"self":[{"href":"https:\/\/fjarno.org\/ca\/wp-json\/wp\/v2\/posts\/7180","targetHints":{"allow":["GET"]}}],"collection":[{"href":"https:\/\/fjarno.org\/ca\/wp-json\/wp\/v2\/posts"}],"about":[{"href":"https:\/\/fjarno.org\/ca\/wp-json\/wp\/v2\/types\/post"}],"author":[{"embeddable":true,"href":"https:\/\/fjarno.org\/ca\/wp-json\/wp\/v2\/users\/1"}],"replies":[{"embeddable":true,"href":"https:\/\/fjarno.org\/ca\/wp-json\/wp\/v2\/comments?post=7180"}],"version-history":[{"count":0,"href":"https:\/\/fjarno.org\/ca\/wp-json\/wp\/v2\/posts\/7180\/revisions"}],"wp:featuredmedia":[{"embeddable":true,"href":"https:\/\/fjarno.org\/ca\/wp-json\/wp\/v2\/media\/7181"}],"wp:attachment":[{"href":"https:\/\/fjarno.org\/ca\/wp-json\/wp\/v2\/media?parent=7180"}],"wp:term":[{"taxonomy":"category","embeddable":true,"href":"https:\/\/fjarno.org\/ca\/wp-json\/wp\/v2\/categories?post=7180"},{"taxonomy":"post_tag","embeddable":true,"href":"https:\/\/fjarno.org\/ca\/wp-json\/wp\/v2\/tags?post=7180"}],"curies":[{"name":"wp","href":"https:\/\/api.w.org\/{rel}","templated":true}]}}