{"id":7176,"date":"2017-07-13T13:50:08","date_gmt":"2017-07-13T13:50:08","guid":{"rendered":"https:\/\/fjarno.org\/histories-amb-cara-i-ulls-javi-aguirre\/"},"modified":"2017-07-13T13:50:08","modified_gmt":"2017-07-13T13:50:08","slug":"histories-amb-cara-i-ulls-javi-aguirre","status":"publish","type":"post","link":"https:\/\/fjarno.org\/ca\/histories-amb-cara-i-ulls-javi-aguirre\/","title":{"rendered":"Hist\u00f2ries amb cara i ulls: Javi Aguirre"},"content":{"rendered":"<p><img loading=\"lazy\" decoding=\"async\" class=\"aligncenter size-large wp-image-3992\" src=\"https:\/\/fjarno.org\/wp-content\/uploads\/2017\/07\/Javi-Aguirre-1024x576.png\" alt=\"Javi Aguirre\" width=\"1024\" height=\"576\" srcset=\"https:\/\/fjarno.org\/wp-content\/uploads\/2017\/07\/Javi-Aguirre-1024x576.png 1024w, https:\/\/fjarno.org\/wp-content\/uploads\/2017\/07\/Javi-Aguirre-600x338.png 600w, https:\/\/fjarno.org\/wp-content\/uploads\/2017\/07\/Javi-Aguirre-300x169.png 300w, https:\/\/fjarno.org\/wp-content\/uploads\/2017\/07\/Javi-Aguirre-768x432.png 768w, https:\/\/fjarno.org\/wp-content\/uploads\/2017\/07\/Javi-Aguirre-1536x864.png 1536w, https:\/\/fjarno.org\/wp-content\/uploads\/2017\/07\/Javi-Aguirre-800x450.png 800w, https:\/\/fjarno.org\/wp-content\/uploads\/2017\/07\/Javi-Aguirre.png 1920w\" sizes=\"auto, (max-width: 1024px) 100vw, 1024px\" \/><\/p>\n<p><span style=\"font-weight: 400;\">Em dic Javi Aguirre, tinc 50 anys i s\u00f3c trasplantat de rony\u00f3 des de fa dos. <\/span><\/p>\n<p><span style=\"font-weight: 400;\">Em van diagnosticar la malaltia quan tenia 30 anys, era transportista i al sindicat van demanar voluntaris per estudiar les malalties del sector i es van adonar que alguna cosa passava.<\/span><\/p>\n<p>&nbsp;<\/p>\n<p><span style=\"font-weight: 400;\">Jo llavors estava federat en ciclisme i el que m\u00e9s em va impactar va ser que em van dir que m&#8217;oblid\u00e9s de fer esport d&#8217;alt nivell o de competici\u00f3, per a mi era una part important de la meva vida, el fet que em diagnostiquessin la malaltia no em va impactar tant com haver de deixar l&#8217;esport de competici\u00f3.<\/span><\/p>\n<p>&nbsp;<\/p>\n<p><span style=\"font-weight: 400;\"><img loading=\"lazy\" decoding=\"async\" class=\"alignleft size-medium wp-image-3991\" src=\"https:\/\/fjarno.org\/wp-content\/uploads\/2017\/07\/Javi-Aguirre-300x225.jpg\" alt=\"Javi Aguirre\" width=\"300\" height=\"225\" srcset=\"https:\/\/fjarno.org\/wp-content\/uploads\/2017\/07\/Javi-Aguirre-300x225.jpg 300w, https:\/\/fjarno.org\/wp-content\/uploads\/2017\/07\/Javi-Aguirre-600x450.jpg 600w, https:\/\/fjarno.org\/wp-content\/uploads\/2017\/07\/Javi-Aguirre-768x576.jpg 768w, https:\/\/fjarno.org\/wp-content\/uploads\/2017\/07\/Javi-Aguirre.jpg 960w\" sizes=\"auto, (max-width: 300px) 100vw, 300px\" \/>Em vaig tornar vegetari\u00e0 per fer treballar menys el meu rony\u00f3 i vaig baixar molt la intensitat de l&#8217;esport ja que no tenia qui m&#8217;assessor\u00e9s. La doctora em deia que estigu\u00e9s tranquil sense fer molt exercici, jo estava acostumat a fer m\u00e9s de 100 km i ella em va dir que no super\u00e9s els 25 o 30 i sense passar de 130 pulsacions (a aquestes pulsacions estava moltes vegades a la sortida de les proves abans de comen\u00e7ar a pedalar) <\/span><\/p>\n<p>&nbsp;<\/p>\n<p><span style=\"font-weight: 400;\">En el proc\u00e9s he trobat a faltar un professional com Sonsoles Hern\u00e1ndez perqu\u00e8 m&#8217;assessor\u00e9s i con\u00e8ixer gent trasplantada que estim\u00e9s l&#8217;esport com jo perqu\u00e8 em digu\u00e9s com ho portava despr\u00e9s del trasplantament i durant el proc\u00e9s.<\/span><\/p>\n<p>&nbsp;<\/p>\n<p><span style=\"font-weight: 400;\">Un aspecte positiu que voldria destacar \u00e9s que ara aprofito molt m\u00e9s la vida i a tot li veig el seu costat positiu, s\u00f3c molt m\u00e9s sensible. Tamb\u00e9 destacaria que m&#8217;ha encantat con\u00e8ixer gent de Tra\u00efnsplant que s\u00f3n com la meva fam\u00edlia i s\u00f3n tots molt positius i genials. <\/span><\/p>\n<p>&nbsp;<\/p>\n<p><span style=\"font-weight: 400;\">M&#8217;agradaria explicar-vos una an\u00e8cdota curiosa: el dia que em van trucar per trasplantar-me la meva dona va trucar a una amiga seva de Saragossa i ella li va dir que despr\u00e9s de treballar resaria per mi a la verge del Pilar, quan va entrar a l&#8217;esgl\u00e9sia va mirar la verge i estava amb un mantell blanc, es va posar a resar, i en aixecar el cap li havien canviat el mantell (li&#8217;l canvien tots els dies) i li havien posat un d&#8217;un donant i dos receptors de rony\u00f3 ja que a les 8 era la missa pels donants i malalts d&#8217;Alcer, la missa va acabar a les 9, just quan a mi em van baixar a quir\u00f2fan, des de llavors vaig tots els anys a aquesta missa a veure la verge del Pilar.<\/span><\/p>\n<p>&nbsp;<\/p>\n<p><span style=\"font-weight: 400;\">Jo s\u00f3c molt nervi\u00f3s i temia posar-me hist\u00e8ric quan em truquessin per al trasplantament, per\u00f2 em va agafar de sorpresa i va ser com un somni, estava la mar de tranquil de cam\u00ed a l&#8217;hospital, en les proves del preoperatori em van mesurar 48 pulsacions. Vaig pensar que anava a ser una cosa m\u00e9s complexa i duradora, per\u00f2 quan me&#8217;n vaig adonar ja era a casa i al poc temps al gimn\u00e0s. <\/span><\/p>\n<p>&nbsp;<\/p>\n<p><span style=\"font-weight: 400;\">-La meva vida ha canviat per a millor, s\u00f3c m\u00e9s sensible, tot m&#8217;emociona i ho valoro tot. Ara per a mi el m\u00e9s important \u00e9s viure el dia a dia sense fer plans a llarg termini, encara que tamb\u00e9 els faig.<\/span>[:ca]<img loading=\"lazy\" decoding=\"async\" class=\"aligncenter size-large wp-image-3992\" src=\"https:\/\/fjarno.org\/wp-content\/uploads\/2017\/07\/Javi-Aguirre-1024x576.png\" alt=\"Javi Aguirre\" width=\"1024\" height=\"576\" srcset=\"https:\/\/fjarno.org\/wp-content\/uploads\/2017\/07\/Javi-Aguirre-1024x576.png 1024w, https:\/\/fjarno.org\/wp-content\/uploads\/2017\/07\/Javi-Aguirre-600x338.png 600w, https:\/\/fjarno.org\/wp-content\/uploads\/2017\/07\/Javi-Aguirre-300x169.png 300w, https:\/\/fjarno.org\/wp-content\/uploads\/2017\/07\/Javi-Aguirre-768x432.png 768w, https:\/\/fjarno.org\/wp-content\/uploads\/2017\/07\/Javi-Aguirre-1536x864.png 1536w, https:\/\/fjarno.org\/wp-content\/uploads\/2017\/07\/Javi-Aguirre-800x450.png 800w, https:\/\/fjarno.org\/wp-content\/uploads\/2017\/07\/Javi-Aguirre.png 1920w\" sizes=\"auto, (max-width: 1024px) 100vw, 1024px\" \/><\/p>\n<p>Em dic Javi Aguirre, tinc 50 anys i s\u00f3c trasplantat de rony\u00f3 des de fa dos.<\/p>\n<p>Em van diagnosticar la malaltia quan tenia 30 anys, era transportista i al sindicat van demanar voluntaris per estudiar les malalties del sector i es van adonar que alguna cosa passava.<\/p>\n<p>&nbsp;<\/p>\n<p>Jo llavors estava federat en ciclisme i el que m\u00e9s em va impactar va ser que em van dir que m&#8217;oblid\u00e9s de fer esport d&#8217;alt nivell o de competici\u00f3, per a mi era una part important de la meva vida, el fet que em diagnostiquessin la malaltia no em va impactar tant com haver de deixar l&#8217;esport de competici\u00f3.<\/p>\n<p>&nbsp;<\/p>\n<p><img loading=\"lazy\" decoding=\"async\" class=\"alignleft size-medium wp-image-3991\" src=\"https:\/\/fjarno.org\/wp-content\/uploads\/2017\/07\/Javi-Aguirre-300x225.jpg\" alt=\"Javi Aguirre\" width=\"300\" height=\"225\" srcset=\"https:\/\/fjarno.org\/wp-content\/uploads\/2017\/07\/Javi-Aguirre-300x225.jpg 300w, https:\/\/fjarno.org\/wp-content\/uploads\/2017\/07\/Javi-Aguirre-600x450.jpg 600w, https:\/\/fjarno.org\/wp-content\/uploads\/2017\/07\/Javi-Aguirre-768x576.jpg 768w, https:\/\/fjarno.org\/wp-content\/uploads\/2017\/07\/Javi-Aguirre.jpg 960w\" sizes=\"auto, (max-width: 300px) 100vw, 300px\" \/>Em vaig tornar vegetari\u00e0 per fer treballar menys el meu rony\u00f3 i vaig baixar molt la intensitat de l&#8217;esport ja que no tenia qui m&#8217;assessor\u00e9s. La doctora em deia que estigu\u00e9s tranquil sense fer molt exercici, jo estava acostumat a fer m\u00e9s de 100 km i ella em va dir que no super\u00e9s els 25 o 30 i sense passar de 130 pulsacions (a aquestes pulsacions estava moltes vegades a la sortida de les proves abans de comen\u00e7ar a pedalar) <\/p>\n<p>&nbsp;<\/p>\n<p>En el proc\u00e9s he trobat a faltar un professional com Sonsoles Hern\u00e1ndez perqu\u00e8 m&#8217;assessor\u00e9s i con\u00e8ixer gent trasplantada que estim\u00e9s l&#8217;esport com jo perqu\u00e8 em digu\u00e9s com ho portava despr\u00e9s del trasplantament i durant el proc\u00e9s.<\/p>\n<p>&nbsp;<\/p>\n<p>Un aspecte positiu que voldria destacar \u00e9s que ara aprofito molt m\u00e9s la vida i a tot li veig el seu costat positiu, s\u00f3c molt m\u00e9s sensible. Tamb\u00e9 destacaria que m&#8217;ha encantat con\u00e8ixer gent de Tra\u00efnsplant que s\u00f3n com la meva fam\u00edlia i s\u00f3n tots molt positius i genials. <\/p>\n<p>&nbsp;<\/p>\n<p>M&#8217;agradaria explicar-vos una an\u00e8cdota curiosa: el dia que em van trucar per trasplantar-me la meva dona va trucar a una amiga seva de Saragossa i ella li va dir que despr\u00e9s de treballar resaria per mi a la verge del Pilar, quan va entrar a l&#8217;esgl\u00e9sia va mirar la verge i estava amb un mantell blanc, es va posar a resar, i en aixecar el cap li havien canviat el mantell (li&#8217;l canvien tots els dies) i li havien posat un d&#8217;un donant i dos receptors de rony\u00f3 ja que a les 8 era la missa pels donants i malalts d&#8217;Alcer, la missa va acabar a les 9, just quan a mi em van baixar a quir\u00f2fan, des de llavors vaig tots els anys a aquesta missa a veure la verge del Pilar.<\/p>\n<p>&nbsp;<\/p>\n<p>Jo s\u00f3c molt nervi\u00f3s i temia posar-me hist\u00e8ric quan em truquessin per al trasplantament, per\u00f2 em va agafar de sorpresa i va ser com un somni, estava la mar de tranquil de cam\u00ed a l&#8217;hospital, en les proves del preoperatori em van mesurar 48 pulsacions. Vaig pensar que anava a ser una cosa m\u00e9s complexa i duradora, per\u00f2 quan me&#8217;n vaig adonar ja era a casa i al poc temps al gimn\u00e0s. <\/p>\n<p>&nbsp;<\/p>\n<p>-La meva vida ha canviat per a millor, s\u00f3c m\u00e9s sensible, tot m&#8217;emociona i ho valoro tot. Ara per a mi el m\u00e9s important \u00e9s viure el dia a dia sense fer plans a llarg termini, encara que tamb\u00e9 els faig. <\/p>\n","protected":false},"excerpt":{"rendered":"<p>Em dic Javi Aguirre, tinc 50 anys i s\u00f3c trasplantat de rony\u00f3 des de fa dos. Em van diagnosticar la malaltia quan tenia 30 anys, era transportista i al sindicat van demanar voluntaris per estudiar les malalties del sector i es van adonar que alguna cosa passava. &nbsp; Jo llavors estava federat en ciclisme i [&hellip;]<\/p>\n","protected":false},"author":1,"featured_media":7177,"comment_status":"open","ping_status":"open","sticky":false,"template":"","format":"standard","meta":{"footnotes":""},"categories":[110],"tags":[],"class_list":["post-7176","post","type-post","status-publish","format-standard","has-post-thumbnail","hentry","category-blog","entry","has-media","owp-thumbs-layout-horizontal","owp-btn-normal","owp-tabs-layout-horizontal","has-no-thumbnails","has-product-nav"],"_links":{"self":[{"href":"https:\/\/fjarno.org\/ca\/wp-json\/wp\/v2\/posts\/7176","targetHints":{"allow":["GET"]}}],"collection":[{"href":"https:\/\/fjarno.org\/ca\/wp-json\/wp\/v2\/posts"}],"about":[{"href":"https:\/\/fjarno.org\/ca\/wp-json\/wp\/v2\/types\/post"}],"author":[{"embeddable":true,"href":"https:\/\/fjarno.org\/ca\/wp-json\/wp\/v2\/users\/1"}],"replies":[{"embeddable":true,"href":"https:\/\/fjarno.org\/ca\/wp-json\/wp\/v2\/comments?post=7176"}],"version-history":[{"count":0,"href":"https:\/\/fjarno.org\/ca\/wp-json\/wp\/v2\/posts\/7176\/revisions"}],"wp:featuredmedia":[{"embeddable":true,"href":"https:\/\/fjarno.org\/ca\/wp-json\/wp\/v2\/media\/7177"}],"wp:attachment":[{"href":"https:\/\/fjarno.org\/ca\/wp-json\/wp\/v2\/media?parent=7176"}],"wp:term":[{"taxonomy":"category","embeddable":true,"href":"https:\/\/fjarno.org\/ca\/wp-json\/wp\/v2\/categories?post=7176"},{"taxonomy":"post_tag","embeddable":true,"href":"https:\/\/fjarno.org\/ca\/wp-json\/wp\/v2\/tags?post=7176"}],"curies":[{"name":"wp","href":"https:\/\/api.w.org\/{rel}","templated":true}]}}