{"id":7166,"date":"2019-06-17T11:49:14","date_gmt":"2019-06-17T11:49:14","guid":{"rendered":"https:\/\/fjarno.org\/dia-del-donant-2019\/"},"modified":"2019-06-17T11:49:14","modified_gmt":"2019-06-17T11:49:14","slug":"dia-del-donant-2019","status":"publish","type":"post","link":"https:\/\/fjarno.org\/ca\/dia-del-donant-2019\/","title":{"rendered":"Dia del Donant 2019"},"content":{"rendered":"<p>Un any m\u00e9s, amb motiu del Dia del Donant, organitzem la mostra de curtmetratges per fomentar la donaci\u00f3 d&#8217;\u00f2rgans a la nostra societat. Aquesta activitat est\u00e0 emmarcada dins del projecte Lleida per la Donaci\u00f3, que rep el suport de la Diputaci\u00f3 de Lleida. Els v\u00eddeos han estat realitzats pels alumnes voluntaris de quart d&#8217;ESO i primer de Batxillerat dels instituts Joan Or\u00f3, Samuel Gili i Gaya i Josep Lladonosa de Lleida, i van ser projectats a l&#8217;auditori de Caixaforum a Lleida el passat 5 de juny. L&#8217;objectiu de la mostra \u00e9s dual, d&#8217;una banda, traslladar el tema de la donaci\u00f3 i el trasplantament a un col\u00b7lectiu jove que generalment el desconeix, i per altra banda, sensibilitzar la poblaci\u00f3 a trav\u00e9s dels treballs realitzats i utilitzant tots els canals de comunicaci\u00f3 disponibles. Destaquem la participaci\u00f3 del Dr. Jaume Tort, Director de l&#8217;OCATT, la delegada de Salut, Divina Farreny, el Dr. Alfons Segarra, cap de servei de nefrologia de l&#8217;Hospital Universitari Arnau de Vilanova i la Dra. Mariona Badia, metge intensivista i coordinadora de Trasplantaments de l&#8217;Arnau de Vilanova. Molt emotiva l&#8217;entrevista a un donant viu i el seu receptor aix\u00ed com la m\u00fasica en directe de la m\u00e0 del septet de l&#8217;orquestra jove de l&#8217;institut Gili i Gaya. L&#8217;acte va tenir molt bona acollida i va ser condu\u00eft per Empar Rovira. Podeu veure els v\u00eddeos de la III Mostra de curtmetratges \u201cD\u00f3na a la teva peli un final alternatiu\u201d al nostre canal <a href=\"https:\/\/www.youtube.com\/channel\/UC9cXv7tMzC7EI0m77O_xiTw\">YouTube<\/a>        <\/p>\n<p><img loading=\"lazy\" decoding=\"async\" class=\"alignnone size-thumbnail wp-image-4867\" src=\"https:\/\/fjarno.org\/wp-content\/uploads\/2016\/02\/20190605_111508-1-e1560771100941-290x290.jpg\" alt=\"\" width=\"290\" height=\"290\"> <img loading=\"lazy\" decoding=\"async\" class=\"alignnone size-thumbnail wp-image-4866\" src=\"https:\/\/fjarno.org\/wp-content\/uploads\/2016\/02\/20190605_124004-290x290.jpg\" alt=\"\" width=\"290\" height=\"290\"> <img loading=\"lazy\" decoding=\"async\" class=\"alignnone size-thumbnail wp-image-4865\" src=\"https:\/\/fjarno.org\/wp-content\/uploads\/2016\/02\/20190605_115020-290x290.jpg\" alt=\"\" width=\"290\" height=\"290\"> <img loading=\"lazy\" decoding=\"async\" class=\"alignnone size-thumbnail wp-image-4862\" src=\"https:\/\/fjarno.org\/wp-content\/uploads\/2016\/02\/20190521_120948-290x290.jpg\" alt=\"\" width=\"290\" height=\"290\">[:ca]Un any m\u00e9s, amb motiu del Dia del Donant, organitzem la mostra de curtmetratges per fomentar la donaci\u00f3 d&#8217;\u00f2rgans en la nostra societat. Aquesta activitat est\u00e0 enmarcada dins del projecte Lleida per la Donaci\u00f3, que rep el suport de la Diputaci\u00f3 de Lleida. Els v\u00eddeos han estat realitzats pels alumnes voluntaris de quart d&#8217;ESO i primer de Batxillerat dels instituts Joan Or\u00f3, Samuel Gili i Gaya i Josep Lladonosa de Lleida, i foren projectats a l&#8217;auditori de Caixaforum a Lleida el darrer 5 de juny. L&#8217;objectiu de la mostra \u00e9s dual, d&#8217;una banda, traslladar el tema de la donaci\u00f3 i el trasplantament a un col\u00b7lectiu jove que generalment el desconeix, i d&#8217;altra, sensibilitzar la poblaci\u00f3 a trav\u00e9s dels treballs realitzats i utilitzant tots els canals de comunicaci\u00f3 disponibles. Destaquem la participaci\u00f3 del Dr. Jaume Tort, Director de la OCATT, la delegada de Salut, Divina Farreny, el Dr. Alfons Segarra, cap de servei de nefrologia de l&#8217;Hospital Universitari Arnau de Vilanova i la Dra. Mariona Badia, metge intensivista i coordinadora de Trasplantaments de l&#8217;Arnau de Vilanova. Molt emotiva l&#8217;entrevista a un donant viu i el seu receptor aix\u00ed com la m\u00fasica en directe de la m\u00e0 del septet de l&#8217;orquestra jove de l&#8217;institut Gili i Gaya. L&#8217;acte va tenir molt bona acollida i va ser condu\u00eft per Empar Rovira. Podeu veure els videos de la III Mostra de curtmetratges \u201cD\u00f3na a la teva pel\u00b7li un final alternatiu\u201d al nostre canal <a href=\"http:\/\/www.youtube.com\/channel\/UC9cXv7tMzC7EI0m77O_xiTw\">YouTube. <\/a>         <\/p>\n<p><img loading=\"lazy\" decoding=\"async\" class=\"alignnone size-thumbnail wp-image-4867\" src=\"https:\/\/fjarno.org\/wp-content\/uploads\/2016\/02\/20190605_111508-1-e1560771100941-290x290.jpg\" alt=\"\" width=\"290\" height=\"290\"> <img loading=\"lazy\" decoding=\"async\" class=\"alignnone size-thumbnail wp-image-4866\" src=\"https:\/\/fjarno.org\/wp-content\/uploads\/2016\/02\/20190605_124004-290x290.jpg\" alt=\"\" width=\"290\" height=\"290\"> <img loading=\"lazy\" decoding=\"async\" class=\"alignnone size-thumbnail wp-image-4865\" src=\"https:\/\/fjarno.org\/wp-content\/uploads\/2016\/02\/20190605_115020-290x290.jpg\" alt=\"\" width=\"290\" height=\"290\"> <img loading=\"lazy\" decoding=\"async\" class=\"alignnone size-thumbnail wp-image-4862\" src=\"https:\/\/fjarno.org\/wp-content\/uploads\/2016\/02\/20190521_120948-290x290.jpg\" alt=\"\" width=\"290\" height=\"290\"><\/p>\n","protected":false},"excerpt":{"rendered":"<p>Un any m\u00e9s, amb motiu del Dia del Donant, organitzem la mostra de curtmetratges per fomentar la donaci\u00f3 d&#8217;\u00f2rgans a la nostra societat. Aquesta activitat est\u00e0 emmarcada dins del projecte Lleida per la Donaci\u00f3, que rep el suport de la Diputaci\u00f3 de Lleida. Els v\u00eddeos han estat realitzats pels alumnes voluntaris de quart d&#8217;ESO i [&hellip;]<\/p>\n","protected":false},"author":1,"featured_media":7167,"comment_status":"open","ping_status":"open","sticky":false,"template":"","format":"standard","meta":{"footnotes":""},"categories":[110],"tags":[],"class_list":["post-7166","post","type-post","status-publish","format-standard","has-post-thumbnail","hentry","category-blog","entry","has-media","owp-thumbs-layout-horizontal","owp-btn-normal","owp-tabs-layout-horizontal","has-no-thumbnails","has-product-nav"],"_links":{"self":[{"href":"https:\/\/fjarno.org\/ca\/wp-json\/wp\/v2\/posts\/7166","targetHints":{"allow":["GET"]}}],"collection":[{"href":"https:\/\/fjarno.org\/ca\/wp-json\/wp\/v2\/posts"}],"about":[{"href":"https:\/\/fjarno.org\/ca\/wp-json\/wp\/v2\/types\/post"}],"author":[{"embeddable":true,"href":"https:\/\/fjarno.org\/ca\/wp-json\/wp\/v2\/users\/1"}],"replies":[{"embeddable":true,"href":"https:\/\/fjarno.org\/ca\/wp-json\/wp\/v2\/comments?post=7166"}],"version-history":[{"count":0,"href":"https:\/\/fjarno.org\/ca\/wp-json\/wp\/v2\/posts\/7166\/revisions"}],"wp:featuredmedia":[{"embeddable":true,"href":"https:\/\/fjarno.org\/ca\/wp-json\/wp\/v2\/media\/7167"}],"wp:attachment":[{"href":"https:\/\/fjarno.org\/ca\/wp-json\/wp\/v2\/media?parent=7166"}],"wp:term":[{"taxonomy":"category","embeddable":true,"href":"https:\/\/fjarno.org\/ca\/wp-json\/wp\/v2\/categories?post=7166"},{"taxonomy":"post_tag","embeddable":true,"href":"https:\/\/fjarno.org\/ca\/wp-json\/wp\/v2\/tags?post=7166"}],"curies":[{"name":"wp","href":"https:\/\/api.w.org\/{rel}","templated":true}]}}