{"id":7155,"date":"2019-03-15T12:47:43","date_gmt":"2019-03-15T12:47:43","guid":{"rendered":"https:\/\/fjarno.org\/dia-mundial-del-ronyo-2019\/"},"modified":"2019-03-15T12:47:43","modified_gmt":"2019-03-15T12:47:43","slug":"dia-mundial-del-ronyo-2019","status":"publish","type":"post","link":"https:\/\/fjarno.org\/ca\/dia-mundial-del-ronyo-2019\/","title":{"rendered":"DIA MUNDIAL DEL RONY\u00d3 2019"},"content":{"rendered":"<p>Aquest any, la campanya del Dia Mundial del Rony\u00f3 t\u00e9 el lema \u201cSalut per a tots a tot arreu\u201d. Aquest reclam es plena de significat amb les recents not\u00edcies que ens arriben de Vene\u00e7uela, on 15 persones en di\u00e0lisi van morir a conseq\u00fc\u00e8ncia de l&#8217;apagada, i moltes altres no poden accedir al trasplantament o no poden pagar els immunosupressors per mantenir fora de perill el seu empelt de rony\u00f3. Malauradament, aquest no \u00e9s un fet a\u00efllat, que passi \u00fanicament a Vene\u00e7uela. Segons l&#8217;OMS, almenys la meitat de la poblaci\u00f3 mundial est\u00e0 privada de serveis de salut essencials. Encara que des de la nostra fundaci\u00f3 poc podem fer per millorar aquesta realitat, s\u00ed que podem advocar per la Salut Renal per a Tothom, en l&#8217;\u00e0mbit local. \u00c9s per aix\u00f2 que col\u00b7laborem amb una escola p\u00fablica de prim\u00e0ria cada any, ajudant a implementar, des de la inf\u00e0ncia, h\u00e0bits de vida saludables i donant a con\u00e8ixer la import\u00e0ncia dels ronyons en el nostre organisme, a trav\u00e9s d&#8217;activitats i tallers did\u00e0ctics. En aquesta ocasi\u00f3 ha estat l&#8217;Escola p\u00fablica d&#8217;Almenar la que ens ha obert les seves portes. Agra\u00efm molt la bona acollida de part de tot l&#8217;equip.       <\/p>\n<p><img loading=\"lazy\" decoding=\"async\" class=\"alignnone size-thumbnail wp-image-4640\" src=\"https:\/\/fjarno.org\/wp-content\/uploads\/2019\/03\/image00010-e1552653187440-290x290.jpeg\" alt=\"image00010\" width=\"290\" height=\"290\"> <img loading=\"lazy\" decoding=\"async\" class=\"alignnone size-thumbnail wp-image-4639\" src=\"https:\/\/fjarno.org\/wp-content\/uploads\/2019\/03\/image00007-290x290.jpeg\" alt=\"image00007\" width=\"290\" height=\"290\"> <img loading=\"lazy\" decoding=\"async\" class=\"alignnone size-thumbnail wp-image-4638\" src=\"https:\/\/fjarno.org\/wp-content\/uploads\/2019\/03\/image00005-290x290.jpeg\" alt=\"image00005\" width=\"290\" height=\"290\"> <img loading=\"lazy\" decoding=\"async\" class=\"alignnone size-thumbnail wp-image-4637\" src=\"https:\/\/fjarno.org\/wp-content\/uploads\/2019\/03\/20190307_162541-290x290.jpg\" alt=\"20190307_162541\" width=\"290\" height=\"290\"> <img loading=\"lazy\" decoding=\"async\" class=\"alignnone size-thumbnail wp-image-4631\" src=\"https:\/\/fjarno.org\/wp-content\/uploads\/2019\/03\/20190307_100323-290x290.jpg\" alt=\"20190307_100323\" width=\"290\" height=\"290\"> <img loading=\"lazy\" decoding=\"async\" class=\"alignnone size-thumbnail wp-image-4632\" src=\"https:\/\/fjarno.org\/wp-content\/uploads\/2019\/03\/20190307_104712-290x290.jpg\" alt=\"20190307_104712\" width=\"290\" height=\"290\"> <img loading=\"lazy\" decoding=\"async\" class=\"alignnone size-thumbnail wp-image-4633\" src=\"https:\/\/fjarno.org\/wp-content\/uploads\/2019\/03\/20190307_120457-290x290.jpg\" alt=\"20190307_120457\" width=\"290\" height=\"290\"> <img loading=\"lazy\" decoding=\"async\" class=\"alignnone size-thumbnail wp-image-4634\" src=\"https:\/\/fjarno.org\/wp-content\/uploads\/2019\/03\/20190307_122415-290x290.jpg\" alt=\"20190307_122415\" width=\"290\" height=\"290\"> <img loading=\"lazy\" decoding=\"async\" class=\"alignnone size-thumbnail wp-image-4635\" src=\"https:\/\/fjarno.org\/wp-content\/uploads\/2019\/03\/20190307_155348_002-290x290.jpg\" alt=\"20190307_155348_002\" width=\"290\" height=\"290\"> <img loading=\"lazy\" decoding=\"async\" class=\"alignnone size-thumbnail wp-image-4636\" src=\"https:\/\/fjarno.org\/wp-content\/uploads\/2019\/03\/20190307_161826-290x290.jpg\" alt=\"20190307_161826\" width=\"290\" height=\"290\"> <img loading=\"lazy\" decoding=\"async\" class=\"alignnone size-thumbnail wp-image-4630\" src=\"https:\/\/fjarno.org\/wp-content\/uploads\/2019\/03\/20190307_094120-290x290.jpg\" alt=\"20190307_094120\" width=\"290\" height=\"290\"> <img loading=\"lazy\" decoding=\"async\" class=\"alignnone size-thumbnail wp-image-4629\" src=\"https:\/\/fjarno.org\/wp-content\/uploads\/2019\/03\/20190306_095911-290x290.jpg\" alt=\"20190306_095911\" width=\"290\" height=\"290\"> <img loading=\"lazy\" decoding=\"async\" class=\"alignnone size-thumbnail wp-image-4627\" src=\"https:\/\/fjarno.org\/wp-content\/uploads\/2019\/03\/20190306_092559-290x290.jpg\" alt=\"20190306_092559\" width=\"290\" height=\"290\"> <img loading=\"lazy\" decoding=\"async\" class=\"alignnone size-thumbnail wp-image-4628\" src=\"https:\/\/fjarno.org\/wp-content\/uploads\/2019\/03\/20190306_093721-290x290.jpg\" alt=\"20190306_093721\" width=\"290\" height=\"290\"> <img loading=\"lazy\" decoding=\"async\" class=\"alignnone size-thumbnail wp-image-4642\" src=\"https:\/\/fjarno.org\/wp-content\/uploads\/2019\/03\/IMG-5899-290x290.jpg\" alt=\"IMG-5899\" width=\"290\" height=\"290\"><\/p>\n<p>Una altra de les activitats que duu a terme la Fundaci\u00f3 per commemorar el Dia del Rony\u00f3, \u00e9s acompanyar els pacients en hemodi\u00e0lisi amb m\u00fasica en directe. Aquest cop hem comptat amb la col\u00b7laboraci\u00f3 dels voluntaris de l&#8217;orquestra de l&#8217;Institut Gili i Gaya. Moltes gr\u00e0cies per transmetre els vostres valors nota per nota. <\/p>\n<p><img loading=\"lazy\" decoding=\"async\" class=\"alignnone size-thumbnail wp-image-4676\" src=\"https:\/\/fjarno.org\/wp-content\/uploads\/2019\/03\/PHOTO-2019-03-02-12-01-27-290x290.jpg\" alt=\"PHOTO-2019-03-02-12-01-27\" width=\"290\" height=\"290\"> <img loading=\"lazy\" decoding=\"async\" class=\"alignnone size-thumbnail wp-image-4675\" src=\"https:\/\/fjarno.org\/wp-content\/uploads\/2019\/03\/PHOTO-2019-03-02-11-58-34-290x290.jpg\" alt=\"PHOTO-2019-03-02-11-58-34\" width=\"290\" height=\"290\"> <img loading=\"lazy\" decoding=\"async\" class=\"alignnone size-thumbnail wp-image-4674\" src=\"https:\/\/fjarno.org\/wp-content\/uploads\/2019\/03\/PHOTO-2019-03-02-11-58-34-1-290x290.jpg\" alt=\"PHOTO-2019-03-02-11-58-34 (1)\" width=\"290\" height=\"290\">Aquest any, la campanya del Dia Mundial del Rony\u00f3 t\u00e9 el lema \u201cSalut per a tots a tot arreu\u201d. Aquest reclam vessa de significat amb les recents not\u00edcies que ens arriben de Vene\u00e7uela, on 15 persones en di\u00e0lisi van morir a conseq\u00fc\u00e8ncia de l&#8217;apagada, i moltes altres no poden accedir al trasplantament o no poden pagar els immunosupressors per mantenir fora de perill l&#8217;\u00f2rgan trasplantat. Malauradament, aquest no \u00e9s un fet a\u00efllat, que passi \u00fanicament a Vene\u00e7uela. Segons l&#8217;OMS, almenys la meitat de la poblaci\u00f3 mundial est\u00e0 privada de serveis de salut essencials. Encara que des de la nostra fundaci\u00f3 poc podem fer per millorar aquesta realitat, s\u00ed que podem advocar per la Salut Renal per a Tothom, en l&#8217;\u00e0mbit local. \u00c9s per aix\u00f2 que col\u00b7laborem amb una escola p\u00fablica de prim\u00e0ria cada any, ajudant a implementar, des de la inf\u00e0ncia, h\u00e0bits de vida saludables i donant a con\u00e8ixer la import\u00e0ncia dels ronyons en el nostre organisme, a trav\u00e9s d&#8217;activitats i tallers did\u00e0ctics. En aquesta ocasi\u00f3 l&#8217;escola que ens ha obert les seves portes ha estat l&#8217;Escola p\u00fablica d&#8217;Almenar. Agra\u00efm molt la bona acollida de part de tot l&#8217;equip!       <\/p>\n<p><img loading=\"lazy\" decoding=\"async\" class=\"alignnone size-thumbnail wp-image-4642\" src=\"https:\/\/fjarno.org\/wp-content\/uploads\/2019\/03\/IMG-5899-290x290.jpg\" alt=\"IMG-5899\" width=\"290\" height=\"290\"> <img loading=\"lazy\" decoding=\"async\" class=\"alignnone size-thumbnail wp-image-4640\" src=\"https:\/\/fjarno.org\/wp-content\/uploads\/2019\/03\/image00010-e1552653187440-290x290.jpeg\" alt=\"image00010\" width=\"290\" height=\"290\"> <img loading=\"lazy\" decoding=\"async\" class=\"alignnone size-thumbnail wp-image-4639\" src=\"https:\/\/fjarno.org\/wp-content\/uploads\/2019\/03\/image00007-290x290.jpeg\" alt=\"image00007\" width=\"290\" height=\"290\"> <img loading=\"lazy\" decoding=\"async\" class=\"alignnone size-thumbnail wp-image-4638\" src=\"https:\/\/fjarno.org\/wp-content\/uploads\/2019\/03\/image00005-290x290.jpeg\" alt=\"image00005\" width=\"290\" height=\"290\"> <img loading=\"lazy\" decoding=\"async\" class=\"alignnone size-thumbnail wp-image-4637\" src=\"https:\/\/fjarno.org\/wp-content\/uploads\/2019\/03\/20190307_162541-290x290.jpg\" alt=\"20190307_162541\" width=\"290\" height=\"290\"> <img loading=\"lazy\" decoding=\"async\" class=\"alignnone size-thumbnail wp-image-4631\" src=\"https:\/\/fjarno.org\/wp-content\/uploads\/2019\/03\/20190307_100323-290x290.jpg\" alt=\"20190307_100323\" width=\"290\" height=\"290\"> <img loading=\"lazy\" decoding=\"async\" class=\"alignnone size-thumbnail wp-image-4632\" src=\"https:\/\/fjarno.org\/wp-content\/uploads\/2019\/03\/20190307_104712-290x290.jpg\" alt=\"20190307_104712\" width=\"290\" height=\"290\"> <img loading=\"lazy\" decoding=\"async\" class=\"alignnone size-thumbnail wp-image-4633\" src=\"https:\/\/fjarno.org\/wp-content\/uploads\/2019\/03\/20190307_120457-290x290.jpg\" alt=\"20190307_120457\" width=\"290\" height=\"290\"> <img loading=\"lazy\" decoding=\"async\" class=\"alignnone size-thumbnail wp-image-4634\" src=\"https:\/\/fjarno.org\/wp-content\/uploads\/2019\/03\/20190307_122415-290x290.jpg\" alt=\"20190307_122415\" width=\"290\" height=\"290\"> <img loading=\"lazy\" decoding=\"async\" class=\"alignnone size-thumbnail wp-image-4635\" src=\"https:\/\/fjarno.org\/wp-content\/uploads\/2019\/03\/20190307_155348_002-290x290.jpg\" alt=\"20190307_155348_002\" width=\"290\" height=\"290\"> <img loading=\"lazy\" decoding=\"async\" class=\"alignnone size-thumbnail wp-image-4636\" src=\"https:\/\/fjarno.org\/wp-content\/uploads\/2019\/03\/20190307_161826-290x290.jpg\" alt=\"20190307_161826\" width=\"290\" height=\"290\"> <img loading=\"lazy\" decoding=\"async\" class=\"alignnone size-thumbnail wp-image-4630\" src=\"https:\/\/fjarno.org\/wp-content\/uploads\/2019\/03\/20190307_094120-290x290.jpg\" alt=\"20190307_094120\" width=\"290\" height=\"290\"> <img loading=\"lazy\" decoding=\"async\" class=\"alignnone size-thumbnail wp-image-4629\" src=\"https:\/\/fjarno.org\/wp-content\/uploads\/2019\/03\/20190306_095911-290x290.jpg\" alt=\"20190306_095911\" width=\"290\" height=\"290\"> <img loading=\"lazy\" decoding=\"async\" class=\"alignnone size-thumbnail wp-image-4628\" src=\"https:\/\/fjarno.org\/wp-content\/uploads\/2019\/03\/20190306_093721-290x290.jpg\" alt=\"20190306_093721\" width=\"290\" height=\"290\"> <img loading=\"lazy\" decoding=\"async\" class=\"alignnone size-thumbnail wp-image-4627\" src=\"https:\/\/fjarno.org\/wp-content\/uploads\/2019\/03\/20190306_092559-290x290.jpg\" alt=\"20190306_092559\" width=\"290\" height=\"290\"><\/p>\n<p>Una altra de les activitats que duu a terme la Fundaci\u00f3 per commemorar el Dia del Rony\u00f3, \u00e9s acompanyar els pacients en hemodi\u00e0lisi amb m\u00fasica en directe. Aquest cop hem comptat amb la col\u00b7laboraci\u00f3 dels voluntaris de l&#8217;orquestra de l&#8217;Institut Gili i Gaya. Moltes gr\u00e0cies per transmetre els vostres valors nota per nota.  <\/p>\n<p><img loading=\"lazy\" decoding=\"async\" class=\"alignnone size-thumbnail wp-image-4674\" src=\"https:\/\/fjarno.org\/wp-content\/uploads\/2019\/03\/PHOTO-2019-03-02-11-58-34-1-290x290.jpg\" alt=\"PHOTO-2019-03-02-11-58-34 (1)\" width=\"290\" height=\"290\"> <img loading=\"lazy\" decoding=\"async\" class=\"alignnone size-thumbnail wp-image-4675\" src=\"https:\/\/fjarno.org\/wp-content\/uploads\/2019\/03\/PHOTO-2019-03-02-11-58-34-290x290.jpg\" alt=\"PHOTO-2019-03-02-11-58-34\" width=\"290\" height=\"290\"> <img loading=\"lazy\" decoding=\"async\" class=\"alignnone size-thumbnail wp-image-4676\" src=\"https:\/\/fjarno.org\/wp-content\/uploads\/2019\/03\/PHOTO-2019-03-02-12-01-27-290x290.jpg\" alt=\"PHOTO-2019-03-02-12-01-27\" width=\"290\" height=\"290\"><\/p>\n<p>&nbsp;<\/p>\n<p>&nbsp;<\/p>\n","protected":false},"excerpt":{"rendered":"<p>Aquest any, la campanya del Dia Mundial del Rony\u00f3 t\u00e9 el lema \u201cSalut per a tots a tot arreu\u201d. Aquest reclam es plena de significat amb les recents not\u00edcies que ens arriben de Vene\u00e7uela, on 15 persones en di\u00e0lisi van morir a conseq\u00fc\u00e8ncia de l&#8217;apagada, i moltes altres no poden accedir al trasplantament o no [&hellip;]<\/p>\n","protected":false},"author":1,"featured_media":7156,"comment_status":"open","ping_status":"open","sticky":false,"template":"","format":"standard","meta":{"footnotes":""},"categories":[110],"tags":[],"class_list":["post-7155","post","type-post","status-publish","format-standard","has-post-thumbnail","hentry","category-blog","entry","has-media","owp-thumbs-layout-horizontal","owp-btn-normal","owp-tabs-layout-horizontal","has-no-thumbnails","has-product-nav"],"_links":{"self":[{"href":"https:\/\/fjarno.org\/ca\/wp-json\/wp\/v2\/posts\/7155","targetHints":{"allow":["GET"]}}],"collection":[{"href":"https:\/\/fjarno.org\/ca\/wp-json\/wp\/v2\/posts"}],"about":[{"href":"https:\/\/fjarno.org\/ca\/wp-json\/wp\/v2\/types\/post"}],"author":[{"embeddable":true,"href":"https:\/\/fjarno.org\/ca\/wp-json\/wp\/v2\/users\/1"}],"replies":[{"embeddable":true,"href":"https:\/\/fjarno.org\/ca\/wp-json\/wp\/v2\/comments?post=7155"}],"version-history":[{"count":0,"href":"https:\/\/fjarno.org\/ca\/wp-json\/wp\/v2\/posts\/7155\/revisions"}],"wp:featuredmedia":[{"embeddable":true,"href":"https:\/\/fjarno.org\/ca\/wp-json\/wp\/v2\/media\/7156"}],"wp:attachment":[{"href":"https:\/\/fjarno.org\/ca\/wp-json\/wp\/v2\/media?parent=7155"}],"wp:term":[{"taxonomy":"category","embeddable":true,"href":"https:\/\/fjarno.org\/ca\/wp-json\/wp\/v2\/categories?post=7155"},{"taxonomy":"post_tag","embeddable":true,"href":"https:\/\/fjarno.org\/ca\/wp-json\/wp\/v2\/tags?post=7155"}],"curies":[{"name":"wp","href":"https:\/\/api.w.org\/{rel}","templated":true}]}}