{"id":7147,"date":"2019-01-04T09:57:31","date_gmt":"2019-01-04T09:57:31","guid":{"rendered":"https:\/\/fjarno.org\/menu-especial-de-reis\/"},"modified":"2019-01-04T09:57:31","modified_gmt":"2019-01-04T09:57:31","slug":"menu-especial-de-reis","status":"publish","type":"post","link":"https:\/\/fjarno.org\/ca\/menu-especial-de-reis\/","title":{"rendered":"MEN\u00da ESPECIAL DE REIS"},"content":{"rendered":"<ol>\n<li><u>TALLARINS A LA SALSA NEGRA<img loading=\"lazy\" decoding=\"async\" class=\"wp-image-4523 alignright\" src=\"https:\/\/fjarno.org\/wp-content\/uploads\/2019\/01\/Pasta-fresca-negra.jpg\" alt=\"Pasta-fresca-negra\" width=\"350\" height=\"233\" srcset=\"https:\/\/fjarno.org\/wp-content\/uploads\/2019\/01\/Pasta-fresca-negra.jpg 1068w, https:\/\/fjarno.org\/wp-content\/uploads\/2019\/01\/Pasta-fresca-negra-600x400.jpg 600w, https:\/\/fjarno.org\/wp-content\/uploads\/2019\/01\/Pasta-fresca-negra-300x200.jpg 300w, https:\/\/fjarno.org\/wp-content\/uploads\/2019\/01\/Pasta-fresca-negra-1024x683.jpg 1024w, https:\/\/fjarno.org\/wp-content\/uploads\/2019\/01\/Pasta-fresca-negra-768x512.jpg 768w\" sizes=\"auto, (max-width: 350px) 100vw, 350px\" \/> <\/u><\/li>\n<\/ol>\n<p><u> <\/u><\/p>\n<p><strong>INGREDIENTS (4 racions) <\/strong><\/p>\n<ul>\n<li>4 grans d&#8217;all.<\/li>\n<li>2 calamars mitjans (250gr aprox.)<\/li>\n<li>300 g de tallarins.<\/li>\n<li>3 bosses de tinta de calamar.<\/li>\n<li>3 cullerades d&#8217;oli d&#8217;oliva.<\/li>\n<li>3 cullerades de farina.<\/li>\n<li>3 gots de brou de peix (no utilitzar brous industrials ni pastilles de brou).<\/li>\n<li>\n\t<\/li>\n<li>Pebre negre.<\/li>\n<\/ul>\n<p>&nbsp;<\/p>\n<p><strong>PREPARACI\u00d3<\/strong><\/p>\n<p><strong> <\/strong><\/p>\n<ul>\n<li>Per al brou de peix: coure \u00bd kg d&#8217;espines de peix amb 1 litre d&#8217;aigua, una branqueta de julivert i 1 fulla de llorer. Deixar bullir durant 30 min. Colar i reservar.  <\/li>\n<li>Pelar i tallar finament l&#8217;all. Posar en remull en una olla amb abundant aigua freda durant 6-8 hores i eliminar l&#8217;aigua de remull. <\/li>\n<li>Netejar i tallar els calamars a trossos mitjans.<\/li>\n<\/ul>\n<p>&nbsp;<\/p>\n<p><strong>ELABORACI\u00d3<\/strong><\/p>\n<p><strong> <\/strong><\/p>\n<ol>\n<li>Coure els tallarins en abundant aigua i amb el llorer durant 8-10 min. Esc\u00f3rrer i reservar. <\/li>\n<li>Per a la salsa: en una cassola hi afegim oli d&#8217;oliva i quan estigui temperat, afegim la farina i movem r\u00e0pidament perqu\u00e8 no es formin grumolls. Afegim el brou de peix calent i la tinta de calamar. Coem durant 10 min a foc lent fins que espesseixi i condimentem al gust.  <\/li>\n<li>En una paella, hi afegim oli i sofregim el calamar. Quan estigui fet, afegim l&#8217;all i el daurem. Afegim els tallarins i ho saltem tot durant uns minuts.  <\/li>\n<li>Servir ben calent.<\/li>\n<\/ol>\n<p><em> <\/em><\/p>\n<p><em> <\/em><\/p>\n<ol start=\"2\">\n<li><u>BACALL\u00c0 A LA VIZCA\u00cfNA <\/u><\/li>\n<\/ol>\n<p><strong> <img loading=\"lazy\" decoding=\"async\" class=\"wp-image-4522 alignright\" src=\"https:\/\/fjarno.org\/wp-content\/uploads\/2019\/01\/5643-1-bacalao-a-la-vizcaina-1028-xl-848x477x80xX.jpg\" alt=\"5643-1-bacalao-a-la-vizcaina-1028-xl-848x477x80xX\" width=\"402\" height=\"226\" srcset=\"https:\/\/fjarno.org\/wp-content\/uploads\/2019\/01\/5643-1-bacalao-a-la-vizcaina-1028-xl-848x477x80xX.jpg 848w, https:\/\/fjarno.org\/wp-content\/uploads\/2019\/01\/5643-1-bacalao-a-la-vizcaina-1028-xl-848x477x80xX-600x338.jpg 600w, https:\/\/fjarno.org\/wp-content\/uploads\/2019\/01\/5643-1-bacalao-a-la-vizcaina-1028-xl-848x477x80xX-300x169.jpg 300w, https:\/\/fjarno.org\/wp-content\/uploads\/2019\/01\/5643-1-bacalao-a-la-vizcaina-1028-xl-848x477x80xX-768x432.jpg 768w, https:\/\/fjarno.org\/wp-content\/uploads\/2019\/01\/5643-1-bacalao-a-la-vizcaina-1028-xl-848x477x80xX-800x450.jpg 800w\" sizes=\"auto, (max-width: 402px) 100vw, 402px\" \/><\/strong><\/p>\n<p><strong>INGREDIENTS (4 racions)<\/strong><\/p>\n<p><strong> <\/strong><\/p>\n<ul>\n<li>400 g de bacall\u00e0 fresc.<\/li>\n<li>Una cullerada d&#8217;oli d&#8217;oliva.<\/li>\n<li>2 cullerades de farina.<\/li>\n<li>300g de cebes<\/li>\n<li>200g de tom\u00e0quet natural triturat (no fer servir salsa de tom\u00e0quet industrial).<\/li>\n<li>1 poma petita.<\/li>\n<li>1 gra d&#8217;all.<\/li>\n<li>Llorer o herbes arom\u00e0tiques al gust.<\/li>\n<li>1 culleradeta de julivert picat.<\/li>\n<\/ul>\n<p><strong> <\/strong><\/p>\n<p><strong>PREPARACI\u00d3<\/strong><\/p>\n<ul>\n<li>Pelar i tallar la ceba i l&#8217;all a tires fines. Posar en remull en una olla amb abundant aigua freda durant 6-8 hores i eliminar l&#8217;aigua de remull. <\/li>\n<li>Pelar, descorar i trossejar la poma.<\/li>\n<\/ul>\n<p><strong> <\/strong><\/p>\n<p>&nbsp;<\/p>\n<p><strong> <\/strong><\/p>\n<p><strong>ELABORACI\u00d3 <\/strong><\/p>\n<p>&nbsp;<\/p>\n<ol>\n<li>Peix: esc\u00f3rrer b\u00e9 el bacall\u00e0, passar-lo per farina i fregir-lo lleugerament. Reservar. <\/li>\n<li>Salsa: posar al foc una cassola amb oli i quan estigui calent tirar l&#8217;all, sofregir i incorporar la ceba. Cuinar durant 10 min. Incorporar la fulla de llorer, el tom\u00e0quet i la poma trossejada, i deixar cuinar durant 15 min m\u00e9s. Retirar la fulla de llorer i triturar fins a aconseguir un pur\u00e9 sense grumolls.   <\/li>\n<li>En una cassola, col\u00b7locar els trossos de bacall\u00e0 i afegir la salsa. Donar un bull de 10 min a foc suau. <\/li>\n<li>Servir molt calent, empolvorant el plat de julivert picat.<\/li>\n<\/ol>\n<p>&nbsp;<\/p>\n<p>&nbsp;<\/p>\n<ol start=\"3\">\n<li><u>TORTELL DE REIS<img loading=\"lazy\" decoding=\"async\" class=\"wp-image-4524 alignright\" src=\"https:\/\/fjarno.org\/wp-content\/uploads\/2019\/01\/Rosc%C3%B3n.png\" alt=\"Tortell\" width=\"373\" height=\"209\"><\/u><\/li>\n<\/ol>\n<p><strong> <\/strong><\/p>\n<p><strong>INGREDIENTS (10 racions)<\/strong><\/p>\n<p><strong> <\/strong><\/p>\n<p>Per al preferment:<\/p>\n<ul>\n<li>150g de farina de for\u00e7a.<\/li>\n<li>100 ml de llet semidesnatada t\u00e8bia.<\/li>\n<li>1 culleradeta de sucre.<\/li>\n<li>12,5g de llevat fresc de fleca.<\/li>\n<\/ul>\n<p>Massa tortell:<\/p>\n<ul>\n<li>550g de farina de for\u00e7a<\/li>\n<li>100 ml de llet semidesnatada t\u00e8bia.<\/li>\n<li>25g de llevat fresc de fleca.<\/li>\n<li>3 ous sencers.<\/li>\n<li>Ratlladura d&#8217;una taronja i una llimona.<\/li>\n<li>100g de mantega.<\/li>\n<li>200g de sucre.<\/li>\n<li>1 culleradeta petita d&#8217;ess\u00e8ncia de flor de taronger<\/li>\n<li>1 cullerada d&#8217;ess\u00e8ncia de vainilla.<\/li>\n<li>1 culleradeta de canyella<\/li>\n<\/ul>\n<p>Opcional:<\/p>\n<ul>\n<li>Figuretes de cer\u00e0mica<\/li>\n<\/ul>\n<p>&nbsp;<\/p>\n<p>Decoraci\u00f3:<\/p>\n<ul>\n<li>2 ous<\/li>\n<li>50g de sucre<\/li>\n<li>Fruita confitada al gust.<\/li>\n<\/ul>\n<p>&nbsp;<\/p>\n<p>&nbsp;<\/p>\n<p><strong>PREPARACI\u00d3 DEL FERMENT<\/strong><\/p>\n<p>&nbsp;<\/p>\n<ul>\n<li>Pesar i mesurar tots els ingredients.<\/li>\n<li>En un bol, afegir la llet t\u00e8bia. Diluir-hi el llevat amb la culleradeta de sucre. <\/li>\n<li>En un altre bol, abocar la farina. Fer un forat al centre i afegir la llet amb el llevat dissolt. Barrejar b\u00e9 amb una cullera o forquilla i seguir barrejant amb les mans.  <\/li>\n<li>Fer una bola amb la massa i fer-hi un tall amb un ganivet afilat, fent una creu a la part de dalt com si fos un pa de forn. Amb aix\u00f2 aconseguim que la massa es trenqui i pugi abans. <\/li>\n<li>Esperem fins que la massa hagi doblat la seva mida i reservem.<\/li>\n<\/ul>\n<p>&nbsp;<\/p>\n<p><strong>ELABORACI\u00d3 <\/strong><\/p>\n<ul>\n<li>En un bol afegim la resta de la farina de for\u00e7a, pr\u00e8viament tamisada, per\u00f2 deixem unes 4 cullerades de farina separades per anar engreixant la massa.<\/li>\n<li>Rentem i ratllem la llimona i la taronja.<\/li>\n<li>En un altre bol, barregem els ous amb el sucre, les ratlladures i l&#8217;ess\u00e8ncia de vainilla. Batem en\u00e8rgicament. <\/li>\n<li>En un bol posem la llet t\u00e8bia i dilu\u00efm el llevat, i ho afegim a la barreja anterior.<\/li>\n<li>Batem des del centre cap a fora i a poc a poc, anem barrejant amb la farina. Despr\u00e9s, hi afegim la mantega a temperatura ambient, l&#8217;ess\u00e8ncia de flor de taronger i la massa mare que ten\u00edem reservada. Seguim remenant durant uns 5 minuts.  <\/li>\n<li>Omplim la zona del taulell de farina i traiem la massa del bol. Amassem b\u00e9 i deixem reposar unes 3 hores. <\/li>\n<li>Donar a la massa forma de tortell i introduir les figuretes (opcional).<\/li>\n<li>Col\u00b7loquem a la safata de forn. Batem els ous i barregem amb el sucre. Pintem tot el tortell i afegim per sobre la fruita confitada.  <\/li>\n<li>Enfornar a 180\u00baC durant 20 min.<\/li>\n<\/ul>\n<p><img loading=\"lazy\" decoding=\"async\" class=\"alignnone size-full wp-image-4525\" src=\"https:\/\/fjarno.org\/wp-content\/uploads\/2019\/01\/Valor-Nutricional-Menu-Reyes.jpg\" alt=\"Valor Nutricional Men\u00fa Reis\" width=\"2355\" height=\"1657\" srcset=\"https:\/\/fjarno.org\/wp-content\/uploads\/2019\/01\/Valor-Nutricional-Menu-Reyes.jpg 2355w, https:\/\/fjarno.org\/wp-content\/uploads\/2019\/01\/Valor-Nutricional-Menu-Reyes-600x422.jpg 600w, https:\/\/fjarno.org\/wp-content\/uploads\/2019\/01\/Valor-Nutricional-Menu-Reyes-300x211.jpg 300w, https:\/\/fjarno.org\/wp-content\/uploads\/2019\/01\/Valor-Nutricional-Menu-Reyes-1024x720.jpg 1024w, https:\/\/fjarno.org\/wp-content\/uploads\/2019\/01\/Valor-Nutricional-Menu-Reyes-768x540.jpg 768w, https:\/\/fjarno.org\/wp-content\/uploads\/2019\/01\/Valor-Nutricional-Menu-Reyes-1536x1081.jpg 1536w, https:\/\/fjarno.org\/wp-content\/uploads\/2019\/01\/Valor-Nutricional-Menu-Reyes-2048x1441.jpg 2048w\" sizes=\"auto, (max-width: 2355px) 100vw, 2355px\" \/><\/p>\n<p><img loading=\"lazy\" decoding=\"async\" class=\"alignnone size-full wp-image-4526\" src=\"https:\/\/fjarno.org\/wp-content\/uploads\/2019\/01\/Indicacions-Menu-Reixos.jpg\" alt=\"Indicacions Men\u00fa Reis\" width=\"2477\" height=\"2213\" srcset=\"https:\/\/fjarno.org\/wp-content\/uploads\/2019\/01\/Indicacions-Menu-Reixos.jpg 2477w, https:\/\/fjarno.org\/wp-content\/uploads\/2019\/01\/Indicacions-Menu-Reixos-600x536.jpg 600w, https:\/\/fjarno.org\/wp-content\/uploads\/2019\/01\/Indicacions-Menu-Reixos-300x268.jpg 300w, https:\/\/fjarno.org\/wp-content\/uploads\/2019\/01\/Indicacions-Menu-Reixos-1024x915.jpg 1024w, https:\/\/fjarno.org\/wp-content\/uploads\/2019\/01\/Indicacions-Menu-Reixos-768x686.jpg 768w, https:\/\/fjarno.org\/wp-content\/uploads\/2019\/01\/Indicacions-Menu-Reixos-1536x1372.jpg 1536w, https:\/\/fjarno.org\/wp-content\/uploads\/2019\/01\/Indicacions-Menu-Reixos-2048x1830.jpg 2048w\" sizes=\"auto, (max-width: 2477px) 100vw, 2477px\" \/>Sab\u00edeu qu\u00e8&#8230;<\/p>\n<ul>\n<li>Utilitzant brou de peix en lloc de llet o nata, es controla l&#8217;aportaci\u00f3 de f\u00f2sfor, greix i sal.<\/li>\n<li>No s&#8217;ha d&#8217;utilitzar bacall\u00e0 salat pel seu alt contingut en sodi.<\/li>\n<li>No oblidar mai realitzar les t\u00e8cniques culin\u00e0ries de remull i cocci\u00f3. Recordeu que usant verdures congelades i\/o en conserva, juntament amb les t\u00e8cniques de cocci\u00f3, el potassi es redueix a m\u00e9s de la meitat. <\/li>\n<\/ul>\n<ol>\n<li>TALLARINS A LA SALSA NEGRA<img loading=\"lazy\" decoding=\"async\" class=\"wp-image-4523 alignright\" src=\"https:\/\/fjarno.org\/wp-content\/uploads\/2019\/01\/Pasta-fresca-negra.jpg\" alt=\"Pasta-fresca-negra\" width=\"332\" height=\"221\" srcset=\"https:\/\/fjarno.org\/wp-content\/uploads\/2019\/01\/Pasta-fresca-negra.jpg 1068w, https:\/\/fjarno.org\/wp-content\/uploads\/2019\/01\/Pasta-fresca-negra-600x400.jpg 600w, https:\/\/fjarno.org\/wp-content\/uploads\/2019\/01\/Pasta-fresca-negra-300x200.jpg 300w, https:\/\/fjarno.org\/wp-content\/uploads\/2019\/01\/Pasta-fresca-negra-1024x683.jpg 1024w, https:\/\/fjarno.org\/wp-content\/uploads\/2019\/01\/Pasta-fresca-negra-768x512.jpg 768w\" sizes=\"auto, (max-width: 332px) 100vw, 332px\" \/><\/li>\n<\/ol>\n<p>&nbsp;<\/p>\n<ul>\n<li>INGREDIENTS (4 persones)<\/li>\n<li>4 grans d&#8217;all.<\/li>\n<li>2 calamars mitjans (250gr aprox.)<\/li>\n<li>300 g de tallarins.<\/li>\n<li>3 bosses de tinta de calamar.<\/li>\n<li>3 cullerades d&#8217;oli d&#8217;oliva.<\/li>\n<li>3 cullerades de farina.<\/li>\n<li>3 gots de brou de peix (no utilitzar brous industrials).<\/li>\n<li>Llorer.<\/li>\n<li>Pebre negre.<\/li>\n<\/ul>\n<p>&nbsp;<\/p>\n<ul>\n<li>PREPARACI\u00d3<\/li>\n<\/ul>\n<p>&nbsp;<\/p>\n<ul>\n<li>\uf0fc Per al brou de peix: coure \u00bd kg d&#8217;espines de peix amb 1 litre d&#8217;aigua, una branqueta de julivert i 1 fulla de llorer. Deixar bullir durant 30 min. Colar i reservar.  <\/li>\n<li>\uf0fc Pelar i tallar finament l&#8217;all. Posar en remull en una olla amb abundant aigua freda durant 6-8 hores i eliminar l&#8217;aigua de remull. <\/li>\n<\/ul>\n<p>\uf0fc Netejar i tallar els calamars en trossos mitjans.<\/p>\n<p>&nbsp;<\/p>\n<p>ELABORACI\u00d3<\/p>\n<p>&nbsp;<\/p>\n<ul>\n<li>Coure els tallarins en abundant aigua i amb el llorer durant 8-10 min. Esc\u00f3rrer i reservar. <\/li>\n<li>Per a la salsa: en una cassola hi afegim oli d&#8217;oliva i quan estigui temperat, afegim la farina i movem r\u00e0pidament perqu\u00e8 no es formin grumolls. Afegim el brou de peix calent i la tinta de calamar. Coem durant 10 minuts a foc lent fins que espesseixi i condimentem al gust.  <\/li>\n<li>En una paella, hi afegim oli i sofregim el calamar. Quan estigui fet, afegim l&#8217;all i el daurem. Afegim els tallarins i ho saltem tot durant uns minuts.  <\/li>\n<li>Servir ben calent.<\/li>\n<\/ul>\n<p>&nbsp;<\/p>\n<ol start=\"2\">\n<li>BACALL\u00c0 A LA \u201cVIZCA\u00cfNA\u201d<img loading=\"lazy\" decoding=\"async\" class=\"wp-image-4522 alignright\" src=\"https:\/\/fjarno.org\/wp-content\/uploads\/2019\/01\/5643-1-bacalao-a-la-vizcaina-1028-xl-848x477x80xX.jpg\" alt=\"5643-1-bacalao-a-la-vizcaina-1028-xl-848x477x80xX\" width=\"386\" height=\"217\" srcset=\"https:\/\/fjarno.org\/wp-content\/uploads\/2019\/01\/5643-1-bacalao-a-la-vizcaina-1028-xl-848x477x80xX.jpg 848w, https:\/\/fjarno.org\/wp-content\/uploads\/2019\/01\/5643-1-bacalao-a-la-vizcaina-1028-xl-848x477x80xX-600x338.jpg 600w, https:\/\/fjarno.org\/wp-content\/uploads\/2019\/01\/5643-1-bacalao-a-la-vizcaina-1028-xl-848x477x80xX-300x169.jpg 300w, https:\/\/fjarno.org\/wp-content\/uploads\/2019\/01\/5643-1-bacalao-a-la-vizcaina-1028-xl-848x477x80xX-768x432.jpg 768w, https:\/\/fjarno.org\/wp-content\/uploads\/2019\/01\/5643-1-bacalao-a-la-vizcaina-1028-xl-848x477x80xX-800x450.jpg 800w\" sizes=\"auto, (max-width: 386px) 100vw, 386px\" \/><\/li>\n<\/ol>\n<p>&nbsp;<\/p>\n<p>INGREDIENTS (4 persones)<\/p>\n<p>&nbsp;<\/p>\n<ul>\n<li>400 g de bacall\u00e0 fresc.<\/li>\n<li>Una cullerada d&#8217;oli d&#8217;oliva.<\/li>\n<li>2 cullerades de farina.<\/li>\n<li>300g de cebes<\/li>\n<li>200g de tom\u00e0quet natural triturat (no fer servir salsa de tom\u00e0quet industrial).<\/li>\n<li>1 poma petita.<\/li>\n<li>1 gra d&#8217;all.<\/li>\n<li>Llorer o herbes arom\u00e0tiques al gust.<\/li>\n<li>1 culleradeta de julivert picat.<\/li>\n<\/ul>\n<p>&nbsp;<\/p>\n<p>PREPARACI\u00d3<\/p>\n<ul>\n<li>\uf0fc Pelar i tallar la ceba i l&#8217;all a tires fines. Posar en remull en una olla amb abundant aigua freda durant 6-8 hores i eliminar l&#8217;aigua de remull. <\/li>\n<li>\uf0fc Pelar i trossejar la poma.<\/li>\n<\/ul>\n<p>&nbsp;<\/p>\n<p>ELABORACI\u00d3<\/p>\n<p>&nbsp;<\/p>\n<ul>\n<li>Peix: esc\u00f3rrer b\u00e9 el bacall\u00e0, passar-lo per farina i fregir-lo lleugerament. Reservar. <\/li>\n<li>Salsa: posar al foc una cassola amb oli i quan estigui calent tirar l&#8217;all, sofregir i incorporar la ceba. Cuinar durant 10 minuts. Incorporar el full de llorer, el tom\u00e0quet i la poma trossejada, i deixar cuinar durant 15 min m\u00e9s. Retirar la fulla de llorer i triturar fins a aconseguir un pur\u00e9 sense grumolls.   <\/li>\n<li>En una cassola, posar els trossos de bacall\u00e0 i afegir la salsa. Donar un bull de 10 min a foc suau. <\/li>\n<li>Servir molt calent, amb julivert picat.<\/li>\n<\/ul>\n<p>&nbsp;<\/p>\n<ul>\n<li>TORTELL DE REIS<img loading=\"lazy\" decoding=\"async\" class=\"wp-image-4524 alignright\" src=\"https:\/\/fjarno.org\/wp-content\/uploads\/2019\/01\/Rosc%C3%B3n.png\" alt=\"Tortell\" width=\"416\" height=\"234\"><\/li>\n<\/ul>\n<p>&nbsp;<\/p>\n<ul>\n<li>INGREDIENTS (10 racions)<\/li>\n<\/ul>\n<p>&nbsp;<\/p>\n<ul>\n<li>Per prefermentar:<\/li>\n<li>150g de farina de for\u00e7a.<\/li>\n<li>100 ml de llet semidesnatada t\u00e8bia.<\/li>\n<li>1 culleradeta de sucre.<\/li>\n<li>12,5g de llevat fresc de fleca.<\/li>\n<li>Massa tortell:<\/li>\n<li>550g de farina de for\u00e7a<\/li>\n<li>100 ml de llet semidesnatada t\u00e8bia.<\/li>\n<li>25 g de llevat fresc de fleca.<\/li>\n<li>3 ous sencers.<\/li>\n<li>Ratlladura d&#8217;una taronja i una llimona.<\/li>\n<li>100g de mantega.<\/li>\n<li>200g de sucre.<\/li>\n<li>1 culleradeta petita d&#8217;ess\u00e8ncia de flor de taronger<\/li>\n<li>1 cullerada d&#8217;ess\u00e8ncia de vainilla.<\/li>\n<li>1 culleradeta de canyella<\/li>\n<li>Opcional:<\/li>\n<li>Figuretes de cer\u00e0mica<\/li>\n<\/ul>\n<p>&nbsp;<\/p>\n<ul>\n<li>Decoraci\u00f3:<\/li>\n<li>2 ous<\/li>\n<li>50g de sucre<\/li>\n<li>Fruita confitada al gust.<\/li>\n<\/ul>\n<p>&nbsp;<\/p>\n<ul>\n<li>PREPARACI\u00d3 DEL FERMENT<\/li>\n<\/ul>\n<p>&nbsp;<\/p>\n<ul>\n<li>\uf0fc Pesar i mesurar tots els ingredients.<\/li>\n<li>\uf0fc En un bol, afegir la llet t\u00e8bia. Diluir-hi el llevat amb la culleradeta de sucre. <\/li>\n<li>\uf0fc En un altre bol, abocar la farina. Fer un forat al centre i afegir la llet amb el llevat dissolt. Barrejar b\u00e9 amb una cullera o forquilla i seguir barrejant amb les mans.  <\/li>\n<li>\uf0fc Fer una bola amb la massa i fer-hi un tall amb un ganivet afilat, fent una creu a la part de dalt com si fos un pa de forn. Amb aix\u00f2 aconseguim que la massa es trenqui i pugi abans. <\/li>\n<li>\uf0fc Esperem fins que la massa hagi doblat la seva mida i reservem.<\/li>\n<\/ul>\n<p>&nbsp;<\/p>\n<ul>\n<li>ELABORACI\u00d3<\/li>\n<li>\uf0fc En un bol afegim la resta de la farina de for\u00e7a, pr\u00e8viament tamisada, per\u00f2 deixem unes 4 cullerades de farina separades per anar engreixant la massa.<\/li>\n<li>\uf0fc Rentem i ratllem la llimona i la taronja.<\/li>\n<li>\uf0fc En un altre bol, barregem els ous amb el sucre, les ratlladures i l&#8217;ess\u00e8ncia de vainilla. Batem en\u00e8rgicament. <\/li>\n<li>\uf0fc En un bol posem la llet t\u00e8bia i dilu\u00efm el llevat, i ho afegim a la barreja anterior.<\/li>\n<li>\uf0fc Batem des del centre cap a fora i a poc a poc, anem barrejant amb la farina. Despr\u00e9s, hi afegim la mantega a temperatura ambient, l&#8217;ess\u00e8ncia de flor de taronger i la massa mare que ten\u00edem reservada. Seguim remenant durant uns 5 minuts.  <\/li>\n<li>\uf0fc Omplim la zona del taulell de farina i traiem la massa del bol. Amassem b\u00e9 i deixem reposar unes 3 hores. <\/li>\n<li>\uf0fc Donar a la massa forma de tortell i introduir les figuretes (opcional).<\/li>\n<li>\uf0fc Col\u00b7loquem a la safata de forn. Batem els ous i barregem amb el sucre. Pintem tot el tortell i afegim per sobre la fruita confitada.  <\/li>\n<li>\uf0fc Coure al forn a 180 \u00baC durant 20 min<\/li>\n<\/ul>\n<p><img loading=\"lazy\" decoding=\"async\" class=\"alignnone size-full wp-image-4525\" src=\"https:\/\/fjarno.org\/wp-content\/uploads\/2019\/01\/Valor-Nutricional-Menu-Reyes.jpg\" alt=\"Valor Nutricional Men\u00fa Reis\" width=\"2355\" height=\"1657\" srcset=\"https:\/\/fjarno.org\/wp-content\/uploads\/2019\/01\/Valor-Nutricional-Menu-Reyes.jpg 2355w, https:\/\/fjarno.org\/wp-content\/uploads\/2019\/01\/Valor-Nutricional-Menu-Reyes-600x422.jpg 600w, https:\/\/fjarno.org\/wp-content\/uploads\/2019\/01\/Valor-Nutricional-Menu-Reyes-300x211.jpg 300w, https:\/\/fjarno.org\/wp-content\/uploads\/2019\/01\/Valor-Nutricional-Menu-Reyes-1024x720.jpg 1024w, https:\/\/fjarno.org\/wp-content\/uploads\/2019\/01\/Valor-Nutricional-Menu-Reyes-768x540.jpg 768w, https:\/\/fjarno.org\/wp-content\/uploads\/2019\/01\/Valor-Nutricional-Menu-Reyes-1536x1081.jpg 1536w, https:\/\/fjarno.org\/wp-content\/uploads\/2019\/01\/Valor-Nutricional-Menu-Reyes-2048x1441.jpg 2048w\" sizes=\"auto, (max-width: 2355px) 100vw, 2355px\" \/><img loading=\"lazy\" decoding=\"async\" class=\"alignnone size-full wp-image-4526\" src=\"https:\/\/fjarno.org\/wp-content\/uploads\/2019\/01\/Indicacions-Menu-Reixos.jpg\" alt=\"Indicacions Men\u00fa Reis\" width=\"2477\" height=\"2213\" srcset=\"https:\/\/fjarno.org\/wp-content\/uploads\/2019\/01\/Indicacions-Menu-Reixos.jpg 2477w, https:\/\/fjarno.org\/wp-content\/uploads\/2019\/01\/Indicacions-Menu-Reixos-600x536.jpg 600w, https:\/\/fjarno.org\/wp-content\/uploads\/2019\/01\/Indicacions-Menu-Reixos-300x268.jpg 300w, https:\/\/fjarno.org\/wp-content\/uploads\/2019\/01\/Indicacions-Menu-Reixos-1024x915.jpg 1024w, https:\/\/fjarno.org\/wp-content\/uploads\/2019\/01\/Indicacions-Menu-Reixos-768x686.jpg 768w, https:\/\/fjarno.org\/wp-content\/uploads\/2019\/01\/Indicacions-Menu-Reixos-1536x1372.jpg 1536w, https:\/\/fjarno.org\/wp-content\/uploads\/2019\/01\/Indicacions-Menu-Reixos-2048x1830.jpg 2048w\" sizes=\"auto, (max-width: 2477px) 100vw, 2477px\" \/><\/p>\n<p>Sab\u00edeu qu\u00e8&#8230;<\/p>\n<p>\uf0fc Utilitzant brou de peix en lloc de llet o nata, es controla l&#8217;aportaci\u00f3 de f\u00f2sfor, greix i sal.<\/p>\n<p>\uf0fc No s&#8217;ha d&#8217;utilitzar bacall\u00e0 salat pel seu alt contingut en sodi.<\/p>\n<p>\uf0fc No oblidar mai realitzar les t\u00e8cniques culin\u00e0ries de remull i cocci\u00f3. Recordeu que usant verdures congelades i\/o en conserva, juntament amb les t\u00e8cniques de cocci\u00f3, el potassi es redueix a m\u00e9s de la meitat. <\/p>\n","protected":false},"excerpt":{"rendered":"<p>TALLARINS A LA SALSA NEGRA INGREDIENTS (4 racions) 4 grans d&#8217;all. 2 calamars mitjans (250gr aprox.) 300 g de tallarins. 3 bosses de tinta de calamar. 3 cullerades d&#8217;oli d&#8217;oliva. 3 cullerades de farina. 3 gots de brou de peix (no utilitzar brous industrials ni pastilles de brou). Pebre negre. &nbsp; PREPARACI\u00d3 Per al brou [&hellip;]<\/p>\n","protected":false},"author":1,"featured_media":7148,"comment_status":"open","ping_status":"open","sticky":false,"template":"","format":"standard","meta":{"footnotes":""},"categories":[110,136],"tags":[],"class_list":["post-7147","post","type-post","status-publish","format-standard","has-post-thumbnail","hentry","category-blog","category-receptes","entry","has-media","owp-thumbs-layout-horizontal","owp-btn-normal","owp-tabs-layout-horizontal","has-no-thumbnails","has-product-nav"],"_links":{"self":[{"href":"https:\/\/fjarno.org\/ca\/wp-json\/wp\/v2\/posts\/7147","targetHints":{"allow":["GET"]}}],"collection":[{"href":"https:\/\/fjarno.org\/ca\/wp-json\/wp\/v2\/posts"}],"about":[{"href":"https:\/\/fjarno.org\/ca\/wp-json\/wp\/v2\/types\/post"}],"author":[{"embeddable":true,"href":"https:\/\/fjarno.org\/ca\/wp-json\/wp\/v2\/users\/1"}],"replies":[{"embeddable":true,"href":"https:\/\/fjarno.org\/ca\/wp-json\/wp\/v2\/comments?post=7147"}],"version-history":[{"count":0,"href":"https:\/\/fjarno.org\/ca\/wp-json\/wp\/v2\/posts\/7147\/revisions"}],"wp:featuredmedia":[{"embeddable":true,"href":"https:\/\/fjarno.org\/ca\/wp-json\/wp\/v2\/media\/7148"}],"wp:attachment":[{"href":"https:\/\/fjarno.org\/ca\/wp-json\/wp\/v2\/media?parent=7147"}],"wp:term":[{"taxonomy":"category","embeddable":true,"href":"https:\/\/fjarno.org\/ca\/wp-json\/wp\/v2\/categories?post=7147"},{"taxonomy":"post_tag","embeddable":true,"href":"https:\/\/fjarno.org\/ca\/wp-json\/wp\/v2\/tags?post=7147"}],"curies":[{"name":"wp","href":"https:\/\/api.w.org\/{rel}","templated":true}]}}