{"id":7127,"date":"2018-05-31T11:19:29","date_gmt":"2018-05-31T11:19:29","guid":{"rendered":"https:\/\/fjarno.org\/una-paraula-depressiva\/"},"modified":"2018-05-31T11:19:29","modified_gmt":"2018-05-31T11:19:29","slug":"una-paraula-depressiva","status":"publish","type":"post","link":"https:\/\/fjarno.org\/ca\/una-paraula-depressiva\/","title":{"rendered":"UNA PARAULA DEPRESSIVA"},"content":{"rendered":"<p>\u201cParaula\u201d ve del llat\u00ed <em>par\u00e0bola<\/em>, -para (al marge de) i -bole (idea de llan\u00e7ar), que significa comparar. Comparem? Constantment, ho fem per buscar semblances i difer\u00e8ncies que ens permeten poder configurar la nostra realitat&#8230; som perqu\u00e8 deixem de ser i ens assemblem a. S\u00f3n les paraules les que donen resposta a qui som, fins i tot abans de n\u00e9ixer en l&#8217;ideal dels nostres pares, ens donen ja un nom i uns desitjos que esperen veure complerts en nosaltres, som abans de tenir cos, estant presents a trav\u00e9s del llenguatge. <\/p>\n<p>Tenen un efecte modelador, com el ceramista que a trav\u00e9s de les seves mans d\u00f3na sentit a les seves figures, fins i tot per a elles mateixes en un proc\u00e9s de deconstrucci\u00f3 on veurem que a partir de l&#8217;arrel d&#8217;una paraula podem arribar a nivells molt m\u00e9s profunds del que mostra la superf\u00edcie, podent con\u00e8ixer aix\u00ed el poder que tenen les paraules tant a nivell conscient com inconscient.<\/p>\n<p>&nbsp;<\/p>\n<p>Fem aquest exercici amb la paraula \u201cDepressi\u00f3\u201d per con\u00e8ixer les diferents capes d&#8217;una realitat que malauradament acompanya moltes persones amb malaltia renal. <strong>DEPRESSI\u00d3<\/strong> Sol ser un dels trastorns mentals m\u00e9s habituals en persones amb malaltia renal, sobretot en casos que han estat trasplantats al cap d&#8217;un any i\/o davant d&#8217;un possible rebuig de l&#8217;\u00f2rgan trasplantat. Quant sabem de la depressi\u00f3? Des de fa anys, ha estat una de les malalties mentals m\u00e9s recurrents en els temes de conversa arribant en ocasions a un punt de banalitzaci\u00f3 del seu \u00fas que fins i tot parlem de graus de depressi\u00f3 (poc o molt). Ens trobem en un dualisme de les paraules, una dicotomitzaci\u00f3 del nostre llenguatge de com definim la realitat per comparaci\u00f3, en aquest cas per antagonistes com \u00e9s l&#8217;eix salut-malaltia, on salut \u00e9s l&#8217;abs\u00e8ncia de la malaltia. No obstant aix\u00f2, el concepte de salut \u00e9s multidimensional perqu\u00e8 som \u00e9ssers biopsicosocials i en la g\u00e8nesi de la nostra conducta, sigui \u201cnormal\u201d o \u201canormal\u201d, intervenen factors biol\u00f2gics, psicol\u00f2gics i socials. Cadascun de nosaltres t\u00e9 simult\u00e0niament aspectes sans i malalts i en aquest ideal de salut, a tota pertorbaci\u00f3 li donem la categoria de malaltia, com en el cas de la depressi\u00f3. <strong>DE<\/strong><strong>PRESSI\u00d3<\/strong> Cap a on? a una disminuci\u00f3 de l&#8217;amor propi (empobriment del jo), \u00e9s a dir, retrets i acusacions a un mateix on la persona passa de ser subjecte a objecte castigant-se a si mateixa. Per qu\u00e8? es produeix una p\u00e8rdua de l&#8217;objecte estimat, no \u00e9s que aquest objecte hagi mort sin\u00f3 que ha estat oblidat de la nostra part conscient, produint-se aix\u00ed una p\u00e8rdua inconscient. La persona passa a ser un <strong>DE<\/strong><strong>P<\/strong><strong>R<\/strong><strong>E<\/strong><strong>SSI<\/strong><strong>\u00d3<\/strong><strong>N<\/strong> Subordinada a la seva pr\u00f2pia covardia moral rebutjant el desig desentenent-se del seu propi inconscient, \u00e9s a dir, la persona tindria com a recurs la depressi\u00f3 per no afrontar el risc del desig per ser incapa\u00e7 de recon\u00e8ixer-lo. Veiem com la paraula depressi\u00f3 ens ha guiat a trav\u00e9s de l&#8217;article, la seva deconstrucci\u00f3 ha perm\u00e8s la descripci\u00f3 d&#8217;una realitat en la qual l&#8217;inconscient necessita tornar a ser anomenat. En donar-li l&#8217;esquena, la persona es troba incompleta faltant-li l&#8217;element del desig sent aquest el millor remei contra la depressi\u00f3, aix\u00f2 ens porta a l&#8217;\u00faltima paraula del nostre cam\u00ed: <strong>MELANCOLIA<\/strong> Paraula que en la psicoan\u00e0lisi se substitueix per depressi\u00f3 mantenint l&#8217;estat patol\u00f2gic, a difer\u00e8ncia del dol.         <\/p>\n<p>Tornem a fer un \u00faltim acte de transformaci\u00f3 amb la paraula. Qu\u00e8 tenim? <strong>M<\/strong>EL<strong>ANCO<\/strong>LIA Definici\u00f3 d&#8217;una persona incompleta faltant-li algun element necessari per estar acabat o complet. Aix\u00f2 ens porta a les veritables protagonistes del nostre viatge, les persones amb malaltia renal les quals s&#8217;enfronten a una doble p\u00e8rdua tant a nivell <g id=\"gid_2\">psicol\u00f2gic<\/g> com <g id=\"gid_3\">f\u00edsic<\/g>. Quan parlem de persones que han estat trasplantades <strong>re<\/strong>n<strong>alment<\/strong> podr\u00edem estar parlant de dos moments crucials, un \u00e9s a l&#8217;any d&#8217;haver estat trasplantats on la probabilitat de presentar diferents trastorns mentals \u00e9s major, entre ells es troba la depressi\u00f3\/melancolia sent la m\u00e9s comuna i un segon moment que \u00e9s en el possible rebuig de l&#8217;\u00f2rgan trasplantat afectant tamb\u00e9 al benestar psicol\u00f2gic de la persona. Aquest mirall transl\u00facid -on la persona en un principi veia el seu propi reflex, havent-hi un lloc m\u00e9s definit per al desig inconscient- ara s&#8217;ha tornat opac. La persona en un primer moment, es veia on no estava (no-lloc), sent una ombra que li donava la seva pr\u00f2pia visibilitat. Ara aquest no-lloc s&#8217;ha convertit en un desert, on la frustraci\u00f3 per discernir alguna cosa del propi desig, es converteix en retrets cap a si mateix.     <\/p>\n<h6><em>V\u00edctor Cabrerizo Puyalto, Estudiant de psicologia.<\/em><\/h6>\n<p>&nbsp;<\/p>\n<p>\u201c<em>No es tracta \u00fanicament de qui perdem sin\u00f3 de qu\u00e8 perdem<\/em>\u201d<\/p>\n<p>Jacques Lacan<\/p>\n<h1>Bibliografia<\/h1>\n<ul>\n<li>Bernal, H.A. (2009). Les estructures cl\u00edniques en la psicoan\u00e0lisi lacaniana. Revista electr\u00f2nica de Psicologia Social <em>FUNLAM (18)<\/em>, p.2-6.<\/li>\n<li>Blasco, J.M. (1992). <em>L&#8217;estadi del mirall: Introducci\u00f3 a la teoria del jo en Lacan<\/em>. Espai Psicoanal\u00edtic de Barcelona. <\/li>\n<li>Echeverr\u00eda, C. (2004). Melancolia: un obstacle al desig. <g id=\"gid_0\">Treball de tesi en Cl\u00ednica Psicoanal\u00edtica<\/g>. UOC: Espanya.  <\/li>\n<li>Freud, S. (1917). <em>Dol i Melancolia. Amorrortu<\/em>, Bs. Aires, 1986. <\/li>\n<li>Guerrero, C. i Gallardo, R. (2013). Conceptualitzaci\u00f3 de la malaltia renal i el trasplantament. <em>Psicologia i Salut<\/em> vol. 23 (1), p.113-119. <\/li>\n<li>Murillo, M. (desconegut). La hip\u00f2tesi dels tres registres-simb\u00f2lic, imaginari, real en l&#8217;ensenyament de Lacan. <em>Facultat de psicologia-UBA, (XVIII)<\/em>, 123-132. <\/li>\n<li>Peskin, P. (2009). El jo, l&#8217;objecte i l&#8217;altre. <em>Revista Uruguaiana de Psicoan\u00e0lisi, 108<\/em>, 67-89. <\/li>\n<li>Rivarola, P. (2018). <em>Introducci\u00f3 a la teoria psicoanal\u00edtica<\/em>. UOC. <\/li>\n<li>Sierra, M.A. (2004). Psique: sobre l&#8217;estatus de la psicopatia en psicoan\u00e0lisi. <em>Butllet\u00ed cient\u00edfic Sapiens Research, 4 (1)<\/em>, 21-25. <\/li>\n<\/ul>\n<p>\u00b7 Villalba, L. (2010). Tractament dels trastorns depressius des d&#8217;una perspectiva psicodin\u00e0mica. <em>Psiquiatria i Psicoan\u00e0lisi, 74 (2)<\/em>, 169-178. <\/p>\n<p><strong> <\/strong><\/p>\n<p><strong>                                                     <\/strong>\u201cParaula\u201d ve del llat\u00ed par\u00e0bola, -per (al marge de) i -bole (idea de llan\u00e7ar), que significa comparar. Comparem? Constantment, ho fem per buscar semblances i difer\u00e8ncies que ens permet poder configurar la nostra realitat&#8230; som perqu\u00e8 vam deixar de ser i ens assemblem a. S\u00f3n les paraules les que donen resposta als que som, fins i tot abans de n\u00e9ixer en l&#8217;ideal dels nostres pares ens donen ja un nom i uns desitjos que esperen veure complerts en nosaltres, som abans de tenir cos estant presents a trav\u00e9s del llenguatge. <\/p>\n<p>Tenen un efecte modelador, com el ceramista que a trav\u00e9s de les seves mans d\u00f3na sentit a les seves figures, inclusivament per a elles mateixes en un proc\u00e9s de deconstrucci\u00f3 on veurem que a partir de l&#8217;arrel d&#8217;una paraula podem arribar a nivells molt m\u00e9s profunds del que mostra la superf\u00edcie podent con\u00e8ixer aix\u00ed el poder que tenen les paraules tant a nivell conscient com inconscient.<\/p>\n<p>&nbsp;<\/p>\n<p>Fem aquest exercici amb la paraula \u201cDepressi\u00f3\u201d per con\u00e8ixer les diferents capes d&#8217;una realitat que malauradament acompanya a moltes persones amb la malaltia renal. <strong>DEPRESSI\u00d3<\/strong> sol ser un dels trastorns mentals m\u00e9s habituals en persones amb malaltia renal, sobretot en casos que han estat trasplantades al cap d&#8217;un any i\/o davant d&#8217;un possible rebuig de l&#8217;\u00f2rgan trasplantat. Quant sabem de la depressi\u00f3? Des de fa anys, ha estat un dels trastorns mentals m\u00e9s recurrents en els temes de conversa arribant en ocasions a un punt de banalitzaci\u00f3 del seu \u00fas que fins i tot parlem de grau de depressi\u00f3 (poc o molt). Ens trobem en un dualisme de les paraules, una dicotomitzaci\u00f3 del nostre llenguatge de com definim la realitat per comparaci\u00f3, en aquest cas per antagonismes com \u00e9s l&#8217;eix salut-malaltia, on salut \u00e9s l&#8217;abs\u00e8ncia de la malaltia. No obstant aix\u00f2, el concepte de salut \u00e9s multidimensional perqu\u00e8 som \u00e9ssers biopsicosocials i en la g\u00e8nesi de la nostra conducta, sigui \u201cnormal\u201d o \u201canormal\u201d, intervenen factors biol\u00f2gics, psicol\u00f2gics i socials. Cada un de nosaltres t\u00e9 simult\u00e0niament aspectes sans i malalts i en aquest ideal de salut a tota pertorbaci\u00f3 li donem la categoria de malaltia com en el cas de la depressi\u00f3. DE<strong>PRESSI\u00d3<\/strong> Cap a on? A una disminuci\u00f3 de l&#8217;amor propi (empobriment del jo), \u00e9s a dir, retrets i acusacions a un mateix on la persona passa de ser subjecte a objecte castigant-se a si mateix. Per qu\u00e8? Es produeix una p\u00e8rdua de l&#8217;objecte estimat, no \u00e9s que aquest objecte s&#8217;hagi mort sin\u00f3 que ha estat oblidat de la nostra part conscient, produint-se aix\u00ed una p\u00e8rdua inconscient. La persona passa a ser un <strong>DE<\/strong><strong>P<\/strong><strong>R<\/strong><strong>E<\/strong><strong>SSI<\/strong><strong>\u00d3<\/strong> subordinat a la seva pr\u00f2pia covardia moral rebutjant el desig desentenent-se del seu propi inconscient, \u00e9s a dir, la persona tindria com a recurs la depressi\u00f3 per no afrontar el risc del desig per ser incapa\u00e7 de recon\u00e8ixer-ho. Veiem com la paraula depressi\u00f3 ens ha guiat a trav\u00e9s de l&#8217;article, la seva deconstrucci\u00f3 ha perm\u00e8s la descripci\u00f3 d&#8217;una realitat en qu\u00e8 l&#8217;inconscient necessita tornar a ser nomenat. En donar-li l&#8217;esquena, la persona es troba incompleta faltant-li l&#8217;element del desig sent aquest el millor remei contra la depressi\u00f3, aix\u00f2 ens porta a l&#8217;\u00faltima paraula del nostre cam\u00ed. <strong>MELANCOLIA<\/strong> Paraula que en la psicoan\u00e0lisi se substitueix per depressi\u00f3 mantenint l&#8217;estat patol\u00f2gic, a difer\u00e8ncia del dol. Tornem a fer un \u00faltim acte de transformaci\u00f3 amb la paraula. Qu\u00e8 tenim? <strong>M<\/strong><strong>EL<\/strong><strong>ANCO<\/strong><strong>LIA<\/strong> Definici\u00f3 d&#8217;una persona incompleta faltant-li algun element necessari per estar acabat o complet. Aix\u00f2 ens porta a les veritables protagonistes de la malaltia renal les quals s&#8217;enfronten a una doble p\u00e8rdua, tant a nivell<strong> psicol\u00f2gic<\/strong> com <strong>f\u00edsic<\/strong>.             Quan parlem de persones que han estat trasplantades <strong>re<\/strong><strong>n<\/strong><strong>alment<\/strong> podr\u00edem estar parlant de dos moments crucials, un \u00e9s l&#8217;any d&#8217;haver estat trasplantats on la probabilitat de presentar diferents trastorns mentals \u00e9s m\u00e9s gran, entre ells es troba la depressi\u00f3\/melancolia sent la m\u00e9s comuna i un segon moment que \u00e9s al possible rebuig de l&#8217;\u00f2rgan trasplantat afectant tamb\u00e9 al benestar psicol\u00f2gic de la persona. Aquest mirall transl\u00facid -on la persona al principi veia el seu propi reflex, havent-hi un lloc m\u00e9s definit per al desig inconscient- ara s&#8217;ha tornat opac. La persona en un primer moment, es veia on no estava (no-lloc), sent una ombra que li donava la seva pr\u00f2pia visibilitat. Ara aquest no-lloc s&#8217;ha convertit en un desert, on la frustraci\u00f3 per discernir alguna cosa del propi desig, es converteix en retrets cap a si mateix.   <\/p>\n<h6><em>V\u00edctor Cabrerizo, Estudiant de psicologia.<\/em><\/h6>\n<p>&nbsp;<\/p>\n<p>\u201c<em>No es tracta \u00fanicament de qui perdem sin\u00f3 de qu\u00e8 perdem<\/em>\u201d<\/p>\n<p>Jacques Lacan<\/p>\n<p>&nbsp;<\/p>\n<p>&nbsp;<\/p>\n<h1>Bibliografia<\/h1>\n<p>&nbsp;<\/p>\n<ul>\n<li>Bernal, H.A. (2009). Les estructures cl\u00edniques en la psicoan\u00e0lisi lacaniana. Revista electr\u00f2nica de Psicologia Social <em>FUNLAM (18)<\/em>, p.2-6.<\/li>\n<li>Blasco, J.M. (1992). <em>L&#8217;estadi del mirall: Introducci\u00f3 a la teoria del jo en Lacan<\/em>. Espai Psicoanal\u00edtic de Barcelona. <\/li>\n<li>Echeverr\u00eda, C. (2004). Melancolia: un obstacle al desig. <em>Treball de tesi en Cl\u00ednica Psicoanal\u00edtica<\/em>. UOC: Espanya.  <\/li>\n<li>Freud, S. (1917). <em>Dol i Melancolia. Amorrortu<\/em>, Bs. Aires, 1986. <\/li>\n<li>Guerrero, C. i Gallardo, R. (2013). Conceptualitzaci\u00f3 de la malaltia renal i el trasplantament. <em>Psicologia i Salut<\/em> vol. 23 (1), p.113-119. <\/li>\n<li>Murillo, M. (desconegut). La hip\u00f2tesi dels tres registres-simb\u00f2lic, imaginari, real en l&#8217;ensenyament de Lacan. <em>Facultat de psicologia-UBA, (XVIII)<\/em>, 123-132. <\/li>\n<li>Peskin, P. (2009). El jo, l&#8217;objecte i l&#8217;altre. <em>Revista Uruguaiana de Psicoan\u00e0lisi, 108<\/em>, 67-89. <\/li>\n<li>Rivarola, P. (2018). <em>Introducci\u00f3 a la teoria psicoanal\u00edtica<\/em>. UOC. <\/li>\n<li>Sierra, M.A. (2004). Psique: sobre l&#8217;estatus de la psicopatia en psicoan\u00e0lisi. <em>Butllet\u00ed cient\u00edfic Sapiens Research, 4 (1)<\/em>, 21-25. <\/li>\n<\/ul>\n<p>\u00b7 Villalba, L. (2010). Tractament dels trastorns depressius des d&#8217;una perspectiva psicodin\u00e0mica. <em>Psiquiatria i Psicoan\u00e0lisi, 74 (2)<\/em>, 169-178. <\/p>\n","protected":false},"excerpt":{"rendered":"<p>\u201cParaula\u201d ve del llat\u00ed par\u00e0bola, -para (al marge de) i -bole (idea de llan\u00e7ar), que significa comparar. Comparem? Constantment, ho fem per buscar semblances i difer\u00e8ncies que ens permeten poder configurar la nostra realitat&#8230; som perqu\u00e8 deixem de ser i ens assemblem a. S\u00f3n les paraules les que donen resposta a qui som, fins i [&hellip;]<\/p>\n","protected":false},"author":1,"featured_media":7128,"comment_status":"open","ping_status":"open","sticky":false,"template":"","format":"standard","meta":{"footnotes":""},"categories":[110],"tags":[],"class_list":["post-7127","post","type-post","status-publish","format-standard","has-post-thumbnail","hentry","category-blog","entry","has-media","owp-thumbs-layout-horizontal","owp-btn-normal","owp-tabs-layout-horizontal","has-no-thumbnails","has-product-nav"],"_links":{"self":[{"href":"https:\/\/fjarno.org\/ca\/wp-json\/wp\/v2\/posts\/7127","targetHints":{"allow":["GET"]}}],"collection":[{"href":"https:\/\/fjarno.org\/ca\/wp-json\/wp\/v2\/posts"}],"about":[{"href":"https:\/\/fjarno.org\/ca\/wp-json\/wp\/v2\/types\/post"}],"author":[{"embeddable":true,"href":"https:\/\/fjarno.org\/ca\/wp-json\/wp\/v2\/users\/1"}],"replies":[{"embeddable":true,"href":"https:\/\/fjarno.org\/ca\/wp-json\/wp\/v2\/comments?post=7127"}],"version-history":[{"count":0,"href":"https:\/\/fjarno.org\/ca\/wp-json\/wp\/v2\/posts\/7127\/revisions"}],"wp:featuredmedia":[{"embeddable":true,"href":"https:\/\/fjarno.org\/ca\/wp-json\/wp\/v2\/media\/7128"}],"wp:attachment":[{"href":"https:\/\/fjarno.org\/ca\/wp-json\/wp\/v2\/media?parent=7127"}],"wp:term":[{"taxonomy":"category","embeddable":true,"href":"https:\/\/fjarno.org\/ca\/wp-json\/wp\/v2\/categories?post=7127"},{"taxonomy":"post_tag","embeddable":true,"href":"https:\/\/fjarno.org\/ca\/wp-json\/wp\/v2\/tags?post=7127"}],"curies":[{"name":"wp","href":"https:\/\/api.w.org\/{rel}","templated":true}]}}