{"id":7125,"date":"2018-06-08T11:45:46","date_gmt":"2018-06-08T11:45:46","guid":{"rendered":"https:\/\/fjarno.org\/ii-mostra-de-curtmetratges-per-la-donacio\/"},"modified":"2018-06-08T11:45:46","modified_gmt":"2018-06-08T11:45:46","slug":"ii-mostra-de-curtmetratges-per-la-donacio","status":"publish","type":"post","link":"https:\/\/fjarno.org\/ca\/ii-mostra-de-curtmetratges-per-la-donacio\/","title":{"rendered":"II Mostra de Curtmetratges per la Donaci\u00f3"},"content":{"rendered":"<p>DIA NACIONAL DEL DONANT 2018<\/p>\n<p><img loading=\"lazy\" decoding=\"async\" class=\"alignnone wp-image-4398\" src=\"https:\/\/fjarno.org\/wp-content\/uploads\/2018\/06\/ANA4169.jpg\" alt=\"_ANA4169\" width=\"492\" height=\"328\"><\/p>\n<p>El Dia Nacional del Donant \u00e9s dia de reflexions, de celebrar la generositat dels Donants i les seves fam\u00edlies i de conscienciar sobre aquesta necessitat social que dep\u00e8n de la solidaritat de tothom. Amb aquest objectiu en ment, la Fundaci\u00f3 Renal Jaume Arn\u00f3, en el marc del projecte Lleida per la Donaci\u00f3, va organitzar la 2a Mostra de curtmetratges per la Donaci\u00f3 d&#8217;\u00f2rgans a l&#8217;auditori de CaixaForum. <\/p>\n<p>Vint-i-un alumnes de primer de Batxillerat Internacional de l&#8217;IES Josep Lladonosa van participar com a voluntaris en la creaci\u00f3 i edici\u00f3 de tres v\u00eddeos dirigits a sensibilitzar, informar i fomentar la Donaci\u00f3 d&#8217;\u00f2rgans. El seu treball va ser supervisat per la professora de CAS (Creativitat, Aprenentatge i Servei), Dolors Jov\u00e9, qui descriu l&#8217;experi\u00e8ncia com molt enriquidora, ja que la implicaci\u00f3 dels estudiants en aquest projecte no nom\u00e9s aconsegueix que assoleixin compet\u00e8ncies com el treball en equip i la comunicaci\u00f3, sin\u00f3 tamb\u00e9 que s&#8217;apropin a una realitat que desconeixien. <\/p>\n<p>Va ser un acte molt emotiu presentat per Josep Maria Guti\u00e9rrez Vilaplana, patr\u00f3 de la Fundaci\u00f3 i professor del Grau d&#8217;Infermeria de la UdL. Entre els assistents, professionals sociosanitaris, familiars de Donants, pacients en llista d&#8217;espera, persones trasplantades, estudiants i docents ens recorden que, com deia l&#8217;esl\u00f2gan d&#8217;un dels v\u00eddeos, \u201cLa Donaci\u00f3 \u00e9s cosa de tothom\u201d. <\/p>\n<h6><em>Raquel Maya, Comunicaci\u00f3 Fundaci\u00f3 Jaume Arn\u00f3.<\/em><\/h6>\n<p>DIA NACIONAL DEL DONANT 2018<\/p>\n<p><img loading=\"lazy\" decoding=\"async\" class=\"alignnone wp-image-4398\" src=\"https:\/\/fjarno.org\/wp-content\/uploads\/2018\/06\/ANA4169.jpg\" alt=\"_ANA4169\" width=\"497\" height=\"332\"><\/p>\n<p>El Dia Nacional del Donant \u00e9s dia de reflexions, de celebrar la generositat dels Donants i les seves fam\u00edlies i de conscienciar sobre aquesta necessitat social que dep\u00e8n de la solidaritat de tothom. Amb aquest objectiu en ment, la Fundaci\u00f3 Renal Jaume Arn\u00f3, en el marc del projecte Lleida per la Donaci\u00f3, va organitzar la 2a Mostra de curtmetratges per la Donaci\u00f3 d&#8217;\u00f2rgans a l&#8217;auditori de CaixaForum. <\/p>\n<p>21 alumnes de primer de Batxillerat Internacional de l&#8217;IES Josep Lladonosa van participar com a voluntaris en la creaci\u00f3 i edici\u00f3 de tres v\u00eddeos dirigits a sensibilitzar, informar i fomentar la Donaci\u00f3 d&#8217;\u00f2rgans. El seu treball va ser supervisat per la professora de Creativitat, Aprenentatge i Servei, Dolors Jov\u00e9, qui descriu l&#8217;experi\u00e8ncia com molt enriquidora, ja que la implicaci\u00f3 dels estudiants en aquest projecte no nom\u00e9s aconsegueix que assoleixin compet\u00e8ncies com el treball en equip i la comunicaci\u00f3, sin\u00f3 tamb\u00e9 que s&#8217;apropin a una realitat que desconeixien. <\/p>\n<p>Va ser un acte molt emotiu presentat per Josep Maria Guti\u00e9rrez Vilaplana, patr\u00f3 de la Fundaci\u00f3 i professor del Grau d&#8217;Infermeria de la UdL. Entre els assistents, professionals sociosanitaris, familiars de Donants, pacients en llista d&#8217;espera, persones trasplantades, estudiants i docents ens recorden, que com deia l&#8217;esl\u00f2gan d&#8217;un dels v\u00eddeos, \u201cLa Donaci\u00f3 \u00e9s cosa de tots\u201d. <\/p>\n<h6><em>Raquel Maya, Comunicaci\u00f3 Fundaci\u00f3 Jaume Arn\u00f3.<\/em><\/h6>\n","protected":false},"excerpt":{"rendered":"<p>DIA NACIONAL DEL DONANT 2018 El Dia Nacional del Donant \u00e9s dia de reflexions, de celebrar la generositat dels Donants i les seves fam\u00edlies i de conscienciar sobre aquesta necessitat social que dep\u00e8n de la solidaritat de tothom. Amb aquest objectiu en ment, la Fundaci\u00f3 Renal Jaume Arn\u00f3, en el marc del projecte Lleida per [&hellip;]<\/p>\n","protected":false},"author":1,"featured_media":7126,"comment_status":"open","ping_status":"open","sticky":false,"template":"","format":"standard","meta":{"footnotes":""},"categories":[110],"tags":[],"class_list":["post-7125","post","type-post","status-publish","format-standard","has-post-thumbnail","hentry","category-blog","entry","has-media","owp-thumbs-layout-horizontal","owp-btn-normal","owp-tabs-layout-horizontal","has-no-thumbnails","has-product-nav"],"_links":{"self":[{"href":"https:\/\/fjarno.org\/ca\/wp-json\/wp\/v2\/posts\/7125","targetHints":{"allow":["GET"]}}],"collection":[{"href":"https:\/\/fjarno.org\/ca\/wp-json\/wp\/v2\/posts"}],"about":[{"href":"https:\/\/fjarno.org\/ca\/wp-json\/wp\/v2\/types\/post"}],"author":[{"embeddable":true,"href":"https:\/\/fjarno.org\/ca\/wp-json\/wp\/v2\/users\/1"}],"replies":[{"embeddable":true,"href":"https:\/\/fjarno.org\/ca\/wp-json\/wp\/v2\/comments?post=7125"}],"version-history":[{"count":0,"href":"https:\/\/fjarno.org\/ca\/wp-json\/wp\/v2\/posts\/7125\/revisions"}],"wp:featuredmedia":[{"embeddable":true,"href":"https:\/\/fjarno.org\/ca\/wp-json\/wp\/v2\/media\/7126"}],"wp:attachment":[{"href":"https:\/\/fjarno.org\/ca\/wp-json\/wp\/v2\/media?parent=7125"}],"wp:term":[{"taxonomy":"category","embeddable":true,"href":"https:\/\/fjarno.org\/ca\/wp-json\/wp\/v2\/categories?post=7125"},{"taxonomy":"post_tag","embeddable":true,"href":"https:\/\/fjarno.org\/ca\/wp-json\/wp\/v2\/tags?post=7125"}],"curies":[{"name":"wp","href":"https:\/\/api.w.org\/{rel}","templated":true}]}}