{"id":7123,"date":"2018-05-31T10:36:56","date_gmt":"2018-05-31T10:36:56","guid":{"rendered":"https:\/\/fjarno.org\/apren-a-cuidar-te\/"},"modified":"2018-05-31T10:36:56","modified_gmt":"2018-05-31T10:36:56","slug":"apren-a-cuidar-te","status":"publish","type":"post","link":"https:\/\/fjarno.org\/ca\/apren-a-cuidar-te\/","title":{"rendered":"Apr\u00e8n a cuidar-te"},"content":{"rendered":"<p>L&#8217;equip de la Fundaci\u00f3 Renal Jaume Arn\u00f3 treballa per refor\u00e7ar la prevenci\u00f3, promoci\u00f3 d&#8217;h\u00e0bits saludables i foment de la donaci\u00f3 d&#8217;\u00f2rgans en l&#8217;\u00e0mbit educatiu.<\/p>\n<p>La malaltia renal cr\u00f2nica \u00e9s silenciosa, desconeguda i sovint oblidada. Donar-la a con\u00e8ixer a la poblaci\u00f3 m\u00e9s jove incorporant-la en les activitats formatives, aconsegueix que la informaci\u00f3 arribi de manera din\u00e0mica i efectiva. <\/p>\n<p><img loading=\"lazy\" decoding=\"async\" class=\"alignnone wp-image-4387\" src=\"https:\/\/fjarno.org\/wp-content\/uploads\/2018\/05\/IMG-20180516-WA0006.jpg\" alt=\"IMG-20180516-WA0006\" width=\"381\" height=\"286\" srcset=\"https:\/\/fjarno.org\/wp-content\/uploads\/2018\/05\/IMG-20180516-WA0006.jpg 1600w, https:\/\/fjarno.org\/wp-content\/uploads\/2018\/05\/IMG-20180516-WA0006-600x450.jpg 600w, https:\/\/fjarno.org\/wp-content\/uploads\/2018\/05\/IMG-20180516-WA0006-300x225.jpg 300w, https:\/\/fjarno.org\/wp-content\/uploads\/2018\/05\/IMG-20180516-WA0006-1024x768.jpg 1024w, https:\/\/fjarno.org\/wp-content\/uploads\/2018\/05\/IMG-20180516-WA0006-768x576.jpg 768w, https:\/\/fjarno.org\/wp-content\/uploads\/2018\/05\/IMG-20180516-WA0006-1536x1152.jpg 1536w\" sizes=\"auto, (max-width: 381px) 100vw, 381px\" \/><\/p>\n<p><strong>APR\u00c8N A CUIDAR-TE<\/strong><\/p>\n<p>El darrer mes de maig la UdL, a Lleida i a Igualada, va organitzar les jornades Apr\u00e8n a cuidar-te, adre\u00e7ades a persones amb problemes renals. Els estudiants de grau d&#8217;infermeria, en el marc de la mat\u00e8ria Pr\u00e0ctica basada en l&#8217;evid\u00e8ncia, han realitzat treballs molt interessants pensant en les necessitats reals i quotidianes dels pacients, m\u00e9s concretament les relacionades amb la dieta, la ingesta de l\u00edquid i l&#8217;activitat f\u00edsica. Han elaborat material gr\u00e0fic amb car\u00e0cter divulgatiu i han realitzat l&#8217;exposici\u00f3 oral de les seves propostes davant el jurat, format per docents de la UdL, membres de l&#8217;equip de nefrologia de l&#8217;Hospital Arnau de Vilanova i Hospital d&#8217;Igualada, representants de la Fundaci\u00f3 Renal Jaume Arn\u00f3 i persones afectades per malaltia renal en diferents estadis.  <\/p>\n<p>Calendaris, receptes, guies pr\u00e0ctiques, v\u00eddeos motivacionals, podcasts, apps, blogs i fins i tot un rap! Tot pensat per ajudar a les persones amb problemes renals a millorar la seva qualitat de vida i facilitar el seu dia a dia. Ha estat una experi\u00e8ncia molt enriquidora amb la que tots hem apr\u00e8s molt.  <\/p>\n<h6><em>Raquel Maya, Comunicaci\u00f3 Fundaci\u00f3 Jaume Arn\u00f3<\/em><\/h6>\n<p>L\u2019equip de la Fundaci\u00f3 Renal Jaume Arn\u00f3 treballa per refor\u00e7ar la prevenci\u00f3, promoci\u00f3 d\u2019h\u00e0bits saludables i foment de la donaci\u00f3 d\u2019\u00f2rgans dins de l\u2019\u00e0mbit educatiu.<\/p>\n<p>La malaltia renal cr\u00f2nica \u00e9s silenciosa, desconeguda i sovint oblidada. Donar-la a con\u00e8ixer a la poblaci\u00f3 m\u00e9s jove incorporant-la en les activitats formatives, aconsegueix que la informaci\u00f3 arribi de manera din\u00e0mica i efectiva. <\/p>\n<p><img loading=\"lazy\" decoding=\"async\" class=\"alignnone wp-image-4387\" src=\"https:\/\/fjarno.org\/wp-content\/uploads\/2018\/05\/IMG-20180516-WA0006.jpg\" alt=\"IMG-20180516-WA0006\" width=\"364\" height=\"273\" srcset=\"https:\/\/fjarno.org\/wp-content\/uploads\/2018\/05\/IMG-20180516-WA0006.jpg 1600w, https:\/\/fjarno.org\/wp-content\/uploads\/2018\/05\/IMG-20180516-WA0006-600x450.jpg 600w, https:\/\/fjarno.org\/wp-content\/uploads\/2018\/05\/IMG-20180516-WA0006-300x225.jpg 300w, https:\/\/fjarno.org\/wp-content\/uploads\/2018\/05\/IMG-20180516-WA0006-1024x768.jpg 1024w, https:\/\/fjarno.org\/wp-content\/uploads\/2018\/05\/IMG-20180516-WA0006-768x576.jpg 768w, https:\/\/fjarno.org\/wp-content\/uploads\/2018\/05\/IMG-20180516-WA0006-1536x1152.jpg 1536w\" sizes=\"auto, (max-width: 364px) 100vw, 364px\" \/><\/p>\n<p><strong>APR\u00c8N A CUIDAR-TE<\/strong><\/p>\n<p>El darrer mes de maig la UdL, a Lleida i a Igualada, va organitzar les jornades Apr\u00e8n a cuidar-te, adre\u00e7ades a persones amb problemes renals. Els estudiants de grau d\u2019infermeria, en el marc de la mat\u00e8ria Pr\u00e0ctica basada en l\u2019evid\u00e8ncia, han realitzat treballs molt interessants pensant en les necessitats reals i quotidianes dels pacients, m\u00e9s concretament les relacionades amb la dieta, la ingesta de l\u00edquid i l\u2019activitat f\u00edsica. Han elaborat material gr\u00e0fic amb car\u00e0cter divulgatiu i han realitzat l\u2019exposici\u00f3 oral de les seves propostes davant el jurat, format per docents de la UdL, membres de l\u2019equip de nefrologia de l\u2019Hospital Arnau de Vilanova i Hospital d\u2019Igualada, representants de la Fundaci\u00f3 Renal Jaume Arn\u00f3 i persones afectades per malaltia renal en diferents estadis.  <\/p>\n<p>Calendaris, receptes, guies pr\u00e0ctiques, v\u00eddeos motivacionals, podcasts, apps, blogs i fins i tot un rap! Tot pensat per ajudar a les persones amb problemes renals a millorar la seva qualitat de vida i facilitar el seu dia a dia. Ha estat una experi\u00e8ncia molt enriquidora amb la que tots hem apr\u00e8s molt.  <\/p>\n<p>&nbsp;<\/p>\n<h6><em>Raquel Maya, Comunicaci\u00f3 Fundaci\u00f3 Jaume Arn\u00f3<\/em><\/h6>\n","protected":false},"excerpt":{"rendered":"<p>L&#8217;equip de la Fundaci\u00f3 Renal Jaume Arn\u00f3 treballa per refor\u00e7ar la prevenci\u00f3, promoci\u00f3 d&#8217;h\u00e0bits saludables i foment de la donaci\u00f3 d&#8217;\u00f2rgans en l&#8217;\u00e0mbit educatiu. La malaltia renal cr\u00f2nica \u00e9s silenciosa, desconeguda i sovint oblidada. Donar-la a con\u00e8ixer a la poblaci\u00f3 m\u00e9s jove incorporant-la en les activitats formatives, aconsegueix que la informaci\u00f3 arribi de manera din\u00e0mica [&hellip;]<\/p>\n","protected":false},"author":1,"featured_media":7124,"comment_status":"open","ping_status":"open","sticky":false,"template":"","format":"standard","meta":{"footnotes":""},"categories":[110],"tags":[],"class_list":["post-7123","post","type-post","status-publish","format-standard","has-post-thumbnail","hentry","category-blog","entry","has-media","owp-thumbs-layout-horizontal","owp-btn-normal","owp-tabs-layout-horizontal","has-no-thumbnails","has-product-nav"],"_links":{"self":[{"href":"https:\/\/fjarno.org\/ca\/wp-json\/wp\/v2\/posts\/7123","targetHints":{"allow":["GET"]}}],"collection":[{"href":"https:\/\/fjarno.org\/ca\/wp-json\/wp\/v2\/posts"}],"about":[{"href":"https:\/\/fjarno.org\/ca\/wp-json\/wp\/v2\/types\/post"}],"author":[{"embeddable":true,"href":"https:\/\/fjarno.org\/ca\/wp-json\/wp\/v2\/users\/1"}],"replies":[{"embeddable":true,"href":"https:\/\/fjarno.org\/ca\/wp-json\/wp\/v2\/comments?post=7123"}],"version-history":[{"count":0,"href":"https:\/\/fjarno.org\/ca\/wp-json\/wp\/v2\/posts\/7123\/revisions"}],"wp:featuredmedia":[{"embeddable":true,"href":"https:\/\/fjarno.org\/ca\/wp-json\/wp\/v2\/media\/7124"}],"wp:attachment":[{"href":"https:\/\/fjarno.org\/ca\/wp-json\/wp\/v2\/media?parent=7123"}],"wp:term":[{"taxonomy":"category","embeddable":true,"href":"https:\/\/fjarno.org\/ca\/wp-json\/wp\/v2\/categories?post=7123"},{"taxonomy":"post_tag","embeddable":true,"href":"https:\/\/fjarno.org\/ca\/wp-json\/wp\/v2\/tags?post=7123"}],"curies":[{"name":"wp","href":"https:\/\/api.w.org\/{rel}","templated":true}]}}