{"id":7121,"date":"2018-05-25T10:31:46","date_gmt":"2018-05-25T10:31:46","guid":{"rendered":"https:\/\/fjarno.org\/el-bus-de-la-salut-guardonat-per-lacademia-de-ciencies-mediques-i-de-la-salut\/"},"modified":"2018-05-25T10:31:46","modified_gmt":"2018-05-25T10:31:46","slug":"el-bus-de-la-salut-guardonat-per-lacademia-de-ciencies-mediques-i-de-la-salut","status":"publish","type":"post","link":"https:\/\/fjarno.org\/ca\/el-bus-de-la-salut-guardonat-per-lacademia-de-ciencies-mediques-i-de-la-salut\/","title":{"rendered":"El Bus de la Salut, guardonat per l&#8217;Acad\u00e8mia de Ci\u00e8ncies M\u00e8diques i de la Salut"},"content":{"rendered":"<h3><strong><em><img loading=\"lazy\" decoding=\"async\" class=\"alignnone wp-image-4375\" src=\"https:\/\/fjarno.org\/wp-content\/uploads\/2018\/05\/180522-476%C2%A9-A-Bofill.jpg\" alt=\"180522-476\u00a9 A Bofill\" width=\"564\" height=\"375\"> <\/em><\/strong><\/h3>\n<h3><strong><em>El premi reconeix la influ\u00e8ncia en la salut de la societat del projecte i el seu valor afegit per sensibilitzar la poblaci\u00f3 sobre la import\u00e0ncia social de la donaci\u00f3 d&#8217;\u00f2rgans.<\/em><\/strong><\/h3>\n<p><img loading=\"lazy\" decoding=\"async\" class=\"alignnone wp-image-4372\" src=\"https:\/\/fjarno.org\/wp-content\/uploads\/2018\/05\/20180523100135_00001-1.jpg\" alt=\"20180523100135_00001\" width=\"562\" height=\"397\"><\/p>\n<p><em> &#8216;El Bus de la Salut&#8217;, projecte impulsat per la Diputaci\u00f3 de Lleida i la Fundaci\u00f3 Renal Jaume Arn\u00f3, conjuntament amb el Departament de Salut de la Generalitat de Catalunya i la Unitat de Diagn\u00f2stic i Tractament de Malalties Aterotromb\u00f2tiques (UDETMA) de l&#8217;Institut de Recerca Biom\u00e8dica de Lleida (IRBLleida), ha estat guardonat aquesta setmana amb el premi Ramon de Teserach de l&#8217;Acad\u00e8mia de Ci\u00e8ncies M\u00e8diques de Catalunya i de Balears.<\/em><\/p>\n<p><em> El premi reconeix el projecte per \u201cla influ\u00e8ncia en la salut de la societat, conscienciant sobre la import\u00e0ncia en la prevenci\u00f3 de les malalties cardiovasculars i renals aix\u00ed com els seus factors de risc, pels resultats objectius de les dades presentades i pel valor afegit de sensibilitzar la poblaci\u00f3 sobre la import\u00e0ncia social de la donaci\u00f3 d&#8217;\u00f2rgans\u201d. <\/em><\/p>\n<p><em>L&#8217;Acad\u00e8mia de Ci\u00e8ncies M\u00e8diques de Catalunya i de Balears lliura anualment una vintena de premis a les institucions o societats. L&#8217;objecte primordial de l&#8217;Acad\u00e8mia \u00e9s fomentar la formaci\u00f3 continuada amb l&#8217;estudi i el conreu de les ci\u00e8ncies de la salut en tots els seus aspectes: hum\u00e0, t\u00e8cnic, social i c\u00edvic, tant en la seva vessant assistencial com docent i de recerca.  <\/em><\/p>\n<p><em>A la fotografia, el lliurament del premi al vicepresident de la Fundaci\u00f3 Renal Jaume Arn\u00f3, Jos\u00e9 Ignacio Gracia Camacho.<\/em><\/p>\n<p><img loading=\"lazy\" decoding=\"async\" class=\"alignnone wp-image-4370\" src=\"https:\/\/fjarno.org\/wp-content\/uploads\/2018\/05\/Jaume-Arno-1.jpg\" alt=\"Jaume Arn\u00f3\" width=\"434\" height=\"289\"><\/p>\n<p>&nbsp;<\/p>\n<h6><em>Meritxell Soria, Comunicaci\u00f3 El Bus de la Salut.<\/em><\/h6>\n<p>&nbsp;<\/p>\n<h4><img loading=\"lazy\" decoding=\"async\" class=\"alignnone wp-image-4375\" src=\"https:\/\/fjarno.org\/wp-content\/uploads\/2018\/05\/180522-476%C2%A9-A-Bofill.jpg\" alt=\"180522-476\u00a9 A Bofill\" width=\"520\" height=\"346\"><\/h4>\n<h4><strong><em>El premi reconeix la influ\u00e8ncia en la salut de la societat del projecte i el seu valor afegit per sensibilitzar la poblaci\u00f3 sobre la import\u00e0ncia social de la donaci\u00f3 d&#8217;\u00f2rgans<\/em><\/strong><\/h4>\n<p><img loading=\"lazy\" decoding=\"async\" class=\"alignnone wp-image-4372\" src=\"https:\/\/fjarno.org\/wp-content\/uploads\/2018\/05\/20180523100135_00001-1.jpg\" alt=\"20180523100135_00001\" width=\"542\" height=\"384\"><\/p>\n<p>&nbsp;<\/p>\n<p>&#8216;El Bus de la Salut&#8217;, projecte impulsat per la Diputaci\u00f3 de Lleida i la Fundaci\u00f3 Renal Jaume Arn\u00f3, conjuntament amb el Departament de Salut de la Generalitat de Catalunya i la Unitat de Diagn\u00f2stic i Tractament de Malalties Aterotromb\u00f2tiques (UDETMA) de l&#8217;Institut de Recerca Biom\u00e8dica de Lleida (IRBLleida), ha estat guardonat aquesta setmana amb el premi Ramon de Teserach de l&#8217;Acad\u00e8mia de Ci\u00e8ncies M\u00e8diques de Catalunya i de les Balears.<\/p>\n<p>&nbsp;<\/p>\n<p>El premi reconeix el projecte per \u201cla influ\u00e8ncia en la salut de la societat, conscienciant sobre la import\u00e0ncia en la prevenci\u00f3 de les malalties cardiovasculars i renals aix\u00ed com els seus factors de risc, pels resultats objectius de les dades presentades i pel valor afegit de sensibilitzar la poblaci\u00f3 sobre la import\u00e0ncia social de la donaci\u00f3 d&#8217;\u00f2rgans\u201d.<\/p>\n<p>&nbsp;<\/p>\n<p>L&#8217;Acad\u00e8mia de Ci\u00e8ncies M\u00e8diques de Catalunya i de les Balears lliura anualment una vintena de premis a les institucions o societats. L&#8217;objecte primordial de l&#8217;Acad\u00e8mia \u00e9s fomentar la formaci\u00f3 continuada amb l&#8217;estudi i el conreu de les ci\u00e8ncies de la salut en tots els seus aspectes: hum\u00e0, t\u00e8cnic, social i c\u00edvic, tant en la seva vessant assistencial com docent i de recerca. <\/p>\n<p>&nbsp;<\/p>\n<p><strong><em>A la fotografia, el lliurament del premi al vicepresident primer de la Fundaci\u00f3 Renal Jaume Arn\u00f3, Ignacio Gracia.<\/em><\/strong><\/p>\n<p><img loading=\"lazy\" decoding=\"async\" class=\"alignnone wp-image-4370\" src=\"https:\/\/fjarno.org\/wp-content\/uploads\/2018\/05\/Jaume-Arno-1.jpg\" alt=\"Jaume Arn\u00f3\" width=\"347\" height=\"231\"><\/p>\n<h6><em>Meritxell Soria, Comunicaci\u00f3 El Bus de la Salut<\/em><\/h6>\n<p>&nbsp;<\/p>\n","protected":false},"excerpt":{"rendered":"<p>El premi reconeix la influ\u00e8ncia en la salut de la societat del projecte i el seu valor afegit per sensibilitzar la poblaci\u00f3 sobre la import\u00e0ncia social de la donaci\u00f3 d&#8217;\u00f2rgans. &#8216;El Bus de la Salut&#8217;, projecte impulsat per la Diputaci\u00f3 de Lleida i la Fundaci\u00f3 Renal Jaume Arn\u00f3, conjuntament amb el Departament de Salut de [&hellip;]<\/p>\n","protected":false},"author":1,"featured_media":7122,"comment_status":"open","ping_status":"open","sticky":false,"template":"","format":"standard","meta":{"footnotes":""},"categories":[110],"tags":[],"class_list":["post-7121","post","type-post","status-publish","format-standard","has-post-thumbnail","hentry","category-blog","entry","has-media","owp-thumbs-layout-horizontal","owp-btn-normal","owp-tabs-layout-horizontal","has-no-thumbnails","has-product-nav"],"_links":{"self":[{"href":"https:\/\/fjarno.org\/ca\/wp-json\/wp\/v2\/posts\/7121","targetHints":{"allow":["GET"]}}],"collection":[{"href":"https:\/\/fjarno.org\/ca\/wp-json\/wp\/v2\/posts"}],"about":[{"href":"https:\/\/fjarno.org\/ca\/wp-json\/wp\/v2\/types\/post"}],"author":[{"embeddable":true,"href":"https:\/\/fjarno.org\/ca\/wp-json\/wp\/v2\/users\/1"}],"replies":[{"embeddable":true,"href":"https:\/\/fjarno.org\/ca\/wp-json\/wp\/v2\/comments?post=7121"}],"version-history":[{"count":0,"href":"https:\/\/fjarno.org\/ca\/wp-json\/wp\/v2\/posts\/7121\/revisions"}],"wp:featuredmedia":[{"embeddable":true,"href":"https:\/\/fjarno.org\/ca\/wp-json\/wp\/v2\/media\/7122"}],"wp:attachment":[{"href":"https:\/\/fjarno.org\/ca\/wp-json\/wp\/v2\/media?parent=7121"}],"wp:term":[{"taxonomy":"category","embeddable":true,"href":"https:\/\/fjarno.org\/ca\/wp-json\/wp\/v2\/categories?post=7121"},{"taxonomy":"post_tag","embeddable":true,"href":"https:\/\/fjarno.org\/ca\/wp-json\/wp\/v2\/tags?post=7121"}],"curies":[{"name":"wp","href":"https:\/\/api.w.org\/{rel}","templated":true}]}}