{"id":7117,"date":"2018-02-20T11:38:08","date_gmt":"2018-02-20T11:38:08","guid":{"rendered":"https:\/\/fjarno.org\/setmana-del-ronyo-a-lescola-joan-maragall\/"},"modified":"2018-02-20T11:38:08","modified_gmt":"2018-02-20T11:38:08","slug":"setmana-del-ronyo-a-lescola-joan-maragall","status":"publish","type":"post","link":"https:\/\/fjarno.org\/ca\/setmana-del-ronyo-a-lescola-joan-maragall\/","title":{"rendered":"Setmana del Rony\u00f3 a l&#8217;Escola Joan Maragall"},"content":{"rendered":"<p><img loading=\"lazy\" decoding=\"async\" class=\"aligncenter size-thumbnail wp-image-4231\" src=\"https:\/\/fjarno.org\/wp-content\/uploads\/2018\/02\/DSC_0256-290x290.jpg\" alt=\"DSC_0256\" width=\"290\" height=\"290\"><\/p>\n<p>&nbsp;<\/p>\n<p>Amb motiu del Dia Mundial del Rony\u00f3 2018, la Fundaci\u00f3 ha preparat un taller de Prevenci\u00f3 i Salut Renal adaptat a nens i nenes de 3 a 12 anys. L&#8217;Escola Joan Maragall ens va obrir les seves portes per dur a terme el projecte, i els resultats han estat molt positius. Els alumnes ens van sorprendre amb preguntes i observacions molt interessants, van estar molt atents i participatius durant la sessi\u00f3 i, sobretot, van gaudir decorant la seva pr\u00f2pia samarreta amb dibuixos i lemes sobre la import\u00e0ncia dels ronyons i h\u00e0bits de vida saludables per cuidar-los.  <\/p>\n<p>Els alumnes de cicle superior van veure el v\u00eddeo \u201cL&#8217;Aigua \u00e9s vida\u201d, que va generar moltes preguntes sobre la di\u00e0lisi i la donaci\u00f3 d&#8217;\u00f2rgans. A cicle inicial i mitj\u00e0 vam fer un experiment per explicar la funci\u00f3 dels ronyons com a filtres del nostre cos i a cicle infantil vam portar un rony\u00f3 de peluix que els alumnes acolliran i cuidaran durant uns dies despr\u00e9s d&#8217;haver treballat els h\u00e0bits de vida saludables amb el conte \u201cEl Roc i l&#8217;Ori van al metge\u201d, realitzat a la Fundaci\u00f3. <\/p>\n<p>Per finalitzar l&#8217;activitat i per commemorar el Dia Mundial del Rony\u00f3 (8 de mar\u00e7) els alumnes elaboraran manualitats relacionades amb els aspectes treballats i les exposaran al \u201cMuseu del Rony\u00f3\u201d, a la sala d&#8217;actes de l&#8217;Hospital Arnau de Vilanova. Estem impacients per veure les seves creacions. <\/p>\n<p>Ha estat una experi\u00e8ncia molt gratificant!<img loading=\"lazy\" decoding=\"async\" class=\"aligncenter size-thumbnail wp-image-4231\" src=\"https:\/\/fjarno.org\/wp-content\/uploads\/2018\/02\/DSC_0256-290x290.jpg\" alt=\"DSC_0256\" width=\"290\" height=\"290\"><\/p>\n<p>&nbsp;<\/p>\n<p>Amb motiu del Dia Mundial del Rony\u00f3 2018, la Fundaci\u00f3 ha preparat un taller de Prevenci\u00f3 i Salut Renal adaptat a nens i nenes de 3 a 12 anys. L\u2019Escola Joan Maragall ens va obrir les seves portes per dur a terme el projecte, i els resultats han estat molt positius. Els nens ens van sorprendre amb preguntes i observacions molt interessants, van estar molt atents i participatius durant la sessi\u00f3 i sobre tot, van gaudir decorant la seva pr\u00f2pia samarreta amb dibuixos i lemes sobre la import\u00e0ncia dels ronyons i h\u00e0bits de vida saludables per cuidar-los.  <\/p>\n<p>Els alumnes de cicle superior van veure el v\u00eddeo \u201cL\u2019Aigua \u00e9s vida\u201d, que va generar moltes preguntes sobre la di\u00e0lisis i la donaci\u00f3 d\u2019\u00f2rgans. A cicle inicial i mitj\u00e0 vam fer un experiment per explicar la funci\u00f3 dels ronyons com a filtres del nostre cos i a cicle infantil vam portar un rony\u00f3 de peluix que els alumnes acolliran i cuidaran durant uns dies despr\u00e9s d\u2019haver treballat els h\u00e0bits de vida saludables amb el conte \u201cEl Roc i l\u2019Ori van al metge\u201d, realitzat a la Fundaci\u00f3. <\/p>\n<p>Per finalitzar l\u2019activitat i per commemorar el Dia Mundial del Rony\u00f3 (8 de mar\u00e7) els alumnes elaboraran manualitats relacionades amb els aspectes treballats i les exposaran al \u201cMuseu del Rony\u00f3\u201d, a la sala d\u2019actes de l\u2019Hospital Arnau de Vilanova. Estem impacients per veure les seves creacions. <\/p>\n<p>Ha estat una experi\u00e8ncia molt gratificant!<\/p>\n","protected":false},"excerpt":{"rendered":"<p>&nbsp; Amb motiu del Dia Mundial del Rony\u00f3 2018, la Fundaci\u00f3 ha preparat un taller de Prevenci\u00f3 i Salut Renal adaptat a nens i nenes de 3 a 12 anys. L&#8217;Escola Joan Maragall ens va obrir les seves portes per dur a terme el projecte, i els resultats han estat molt positius. Els alumnes ens [&hellip;]<\/p>\n","protected":false},"author":1,"featured_media":7118,"comment_status":"open","ping_status":"open","sticky":false,"template":"","format":"standard","meta":{"footnotes":""},"categories":[110],"tags":[],"class_list":["post-7117","post","type-post","status-publish","format-standard","has-post-thumbnail","hentry","category-blog","entry","has-media","owp-thumbs-layout-horizontal","owp-btn-normal","owp-tabs-layout-horizontal","has-no-thumbnails","has-product-nav"],"_links":{"self":[{"href":"https:\/\/fjarno.org\/ca\/wp-json\/wp\/v2\/posts\/7117","targetHints":{"allow":["GET"]}}],"collection":[{"href":"https:\/\/fjarno.org\/ca\/wp-json\/wp\/v2\/posts"}],"about":[{"href":"https:\/\/fjarno.org\/ca\/wp-json\/wp\/v2\/types\/post"}],"author":[{"embeddable":true,"href":"https:\/\/fjarno.org\/ca\/wp-json\/wp\/v2\/users\/1"}],"replies":[{"embeddable":true,"href":"https:\/\/fjarno.org\/ca\/wp-json\/wp\/v2\/comments?post=7117"}],"version-history":[{"count":0,"href":"https:\/\/fjarno.org\/ca\/wp-json\/wp\/v2\/posts\/7117\/revisions"}],"wp:featuredmedia":[{"embeddable":true,"href":"https:\/\/fjarno.org\/ca\/wp-json\/wp\/v2\/media\/7118"}],"wp:attachment":[{"href":"https:\/\/fjarno.org\/ca\/wp-json\/wp\/v2\/media?parent=7117"}],"wp:term":[{"taxonomy":"category","embeddable":true,"href":"https:\/\/fjarno.org\/ca\/wp-json\/wp\/v2\/categories?post=7117"},{"taxonomy":"post_tag","embeddable":true,"href":"https:\/\/fjarno.org\/ca\/wp-json\/wp\/v2\/tags?post=7117"}],"curies":[{"name":"wp","href":"https:\/\/api.w.org\/{rel}","templated":true}]}}