{"id":7099,"date":"2017-06-15T21:46:10","date_gmt":"2017-06-15T21:46:10","guid":{"rendered":"https:\/\/fjarno.org\/quan-la-malaltia-cronica-ens-representa-ens-hem-de-rebellar-revelar\/"},"modified":"2017-06-15T21:46:10","modified_gmt":"2017-06-15T21:46:10","slug":"quan-la-malaltia-cronica-ens-representa-ens-hem-de-rebellar-revelar","status":"publish","type":"post","link":"https:\/\/fjarno.org\/ca\/quan-la-malaltia-cronica-ens-representa-ens-hem-de-rebellar-revelar\/","title":{"rendered":"Quan la malaltia cr\u00f2nica ens representa, ens hem de rebel\u00b7lar\/revelar?"},"content":{"rendered":"<p><img loading=\"lazy\" decoding=\"async\" class=\"aligncenter size-large wp-image-3984\" src=\"https:\/\/fjarno.org\/wp-content\/uploads\/2017\/06\/chain-813964-1024x683.jpg\" alt=\"chain-813964\" width=\"1024\" height=\"683\" srcset=\"https:\/\/fjarno.org\/wp-content\/uploads\/2017\/06\/chain-813964-1024x683.jpg 1024w, https:\/\/fjarno.org\/wp-content\/uploads\/2017\/06\/chain-813964-600x400.jpg 600w, https:\/\/fjarno.org\/wp-content\/uploads\/2017\/06\/chain-813964-300x200.jpg 300w, https:\/\/fjarno.org\/wp-content\/uploads\/2017\/06\/chain-813964-768x512.jpg 768w, https:\/\/fjarno.org\/wp-content\/uploads\/2017\/06\/chain-813964-1536x1024.jpg 1536w, https:\/\/fjarno.org\/wp-content\/uploads\/2017\/06\/chain-813964-2048x1366.jpg 2048w\" sizes=\"auto, (max-width: 1024px) 100vw, 1024px\" \/><\/p>\n<p><span style=\"font-weight: 400;\">Jacques Lacan planteja que <\/span><b>tota demanda \u00e9s demanda d&#8217;amor<\/b><span style=\"font-weight: 400;\">.<\/span><\/p>\n<p>&nbsp;<\/p>\n<p><span style=\"font-weight: 400;\">Parlar \u00e9s un \u00edndex que hi ha una mancan\u00e7a en l&#8217;\u00e9sser. Si f\u00f3ssim aquella taronja o llimona completa de qu\u00e8 socialment es parla, en primer lloc, no ens mour\u00edem del llit perqu\u00e8 res ens faria falta. <\/span><\/p>\n<p>&nbsp;<\/p>\n<p><span style=\"font-weight: 400;\">Quan un parla, es dirigeix a un altre (encara que hom pensi que parla sol, mai \u00e9s aix\u00ed, ens imaginem que parlem al nostre jo ideal, al nostre amor, D\u00e9u, mare, etc.). <\/span><\/p>\n<p>&nbsp;<\/p>\n<p><span style=\"font-weight: 400;\">D&#8217;aquesta manera, un <\/span><b>parla perqu\u00e8 est\u00e0 en mancan\u00e7a<\/b><span style=\"font-weight: 400;\"> i cerca en l&#8217;<\/span><b>altre<\/b><span style=\"font-weight: 400;\"> a qui li dirigeix la seva demanda, que <\/span><b>el completi<\/b><span style=\"font-weight: 400;\">. \u00c9s per aix\u00f2 que ens referim a la demanda d&#8217;amor.<\/span> <\/p>\n<p>&nbsp;<\/p>\n<p><span style=\"font-weight: 400;\">Com podem enlla\u00e7ar aquesta an\u00e0lisi del funcionament estructural hum\u00e0 amb una malaltia cr\u00f2nica? Un element podria ser la necessitat d&#8217;amor, com en tots els \u00e9ssers parlants, per\u00f2 en aquest cas, de vegades, passiva. <\/span><\/p>\n<p>&nbsp;<\/p>\n<p><span style=\"font-weight: 400;\">A la Universitat del Carib, es va realitzar un estudi anomenat \u201c<\/span><i><span style=\"font-weight: 400;\">Caracter\u00edstiques psicodin\u00e0miques de dol en pacients amb insufici\u00e8ncia renal terminal<\/span><\/i><span style=\"font-weight: 400;\">\u201d on plantegen com  <\/span><i><span style=\"font-weight: 400;\">la malaltia f\u00edsica pot alleujar el malestar psicol\u00f2gic arribant a un punt de confusi\u00f3, on  <\/span><\/i><b><i>la demanda<\/i><\/b><i><span style=\"font-weight: 400;\">  del malalt  <\/span><\/i><b><i>cap al personal sanitari<\/i><\/b><i><span style=\"font-weight: 400;\">  ja no  <\/span><\/i><b><i>\u00e9s de  <\/i><\/b><i><span style=\"font-weight: 400;\">curaci\u00f3, sin\u00f3 de gaudi. Gaudir de   <\/span><\/i><b><i>ser  <\/i><\/b><i><span style=\"font-weight: 400;\">un objecte  <\/span><\/i><b><i>estimat, cuidat, at\u00e8s, escoltat.<\/i><\/b><\/p>\n<p>&nbsp;<\/p>\n<p><span style=\"font-weight: 400;\">El pensament hum\u00e0 es caracteritza per ser esf\u00e8ric. Aquest aspecte \u00e9s el que ens porta a plantejar la desobedi\u00e8ncia del pacient en un binomi entre <\/span><b>informaci\u00f3<\/b> <b>o<\/b><span style=\"font-weight: 400;\"> estar afectat per la <\/span><b>ignor\u00e0ncia<\/b><span style=\"font-weight: 400;\">: \u201cPer\u00f2 qu\u00e8 no sap X qu\u00e8 li passar\u00e0 si beu tant de l\u00edquid entre di\u00e0lisis?\u201d. I insistim a explicar-li-ho per veure si ho ent\u00e9n.<\/span> <span style=\"font-weight: 400;\"><br \/>\n<\/span><\/p>\n<p>&nbsp;<\/p>\n<p><span style=\"font-weight: 400;\">La problem\u00e0tica \u00e9s que inconscientment i de vegades fins i tot conscientment, el pacient ho sap. Som <\/span><b>\u00e9ssers dominats<\/b> <b>per la desra\u00f3<\/b><span style=\"font-weight: 400;\">.<\/span><\/p>\n<p>&nbsp;<\/p>\n<p><span style=\"font-weight: 400;\">Per\u00f2, per qu\u00e8 tot i la informaci\u00f3 que se li ofereix, sembla que el pacient no assumeix les conseq\u00fc\u00e8ncies letals del seu comportament?<\/span><\/p>\n<p>&nbsp;<\/p>\n<p><span style=\"font-weight: 400;\">Podem valorar-ho des de l&#8217;aparici\u00f3 de resist\u00e8ncies per\u00f2 tamb\u00e9 de com la informaci\u00f3 que ve d&#8217;un altre pot obturar la revelaci\u00f3\/rebel\u00b7laci\u00f3 de la pr\u00f2pia. <\/span><\/p>\n<p>&nbsp;<\/p>\n<p><span style=\"font-weight: 400;\">Sobre quins aspectes seria interessant aquesta revelaci\u00f3\/rebel\u00b7laci\u00f3? L&#8217;article de Gallo, E. (2002) \u201cCos i malaltia\u201d ens proposa quatre: <\/span><\/p>\n<ol>\n<li><span style=\"font-weight: 400;\">  La seva conducta davant la vida<\/span><\/li>\n<li><span style=\"font-weight: 400;\">  L&#8217;\u00fas que fa de la malaltia <\/span><\/li>\n<li><span style=\"font-weight: 400;\">  Els sofriments ps\u00edquics que la seva malaltia li causa<\/span><\/li>\n<li><span style=\"font-weight: 400;\">  La forma en qu\u00e8 es defensa i adapta, i com es representa ps\u00edquicament l&#8217;\u00f2rgan afectat amb el que aix\u00f2 comporta.<\/span><\/li>\n<\/ol>\n<p>&nbsp;<\/p>\n<p><span style=\"font-weight: 400;\">En alguns casos trobem com la malaltia funciona com a carta de presentaci\u00f3. La dificultat no \u00e9s en educar respecte a la seva malaltia, sin\u00f3 en com descentrar el seu \u00e9sser de la identificaci\u00f3 inconscient i aix\u00ed diferenciar entre ser portador d&#8217;una malaltia (\u201ctinc malaltia renal\u201d) a la identificaci\u00f3 inconscient a la nomenclatura (\u201cs\u00f3c malalt renal\u201d). <\/span><\/p>\n<p>&nbsp;<\/p>\n<p>1 <b>Rebel\u00b7lar<\/b><span style=\"font-weight: 400;\">: Del llat\u00ed rebell\u0101re. 1. <\/span><span style=\"font-weight: 400;\">tr.<\/span><span style=\"font-weight: 400;\"> Sublevar, aixecar alg\u00fa fent que falti a l&#8217;obedi\u00e8ncia deguda. <\/span><span style=\"font-weight: 400;\">U. m. c. prnl. <\/span><span style=\"font-weight: 400;\">2. <\/span><span style=\"font-weight: 400;\">prnl.<\/span><span style=\"font-weight: 400;\"> Oposar resist\u00e8ncia.<\/span><\/p>\n<p><b>Revelar<\/b><span style=\"font-weight: 400;\">: 1. <\/span><span style=\"font-weight: 400;\">tr.<\/span><span style=\"font-weight: 400;\"> Descobrir o manifestar all\u00f2 ignorat o secret. <\/span><span style=\"font-weight: 400;\">U. t. c. prnl. <\/span><span style=\"font-weight: 400;\">2. <\/span><span style=\"font-weight: 400;\">tr.<\/span><span style=\"font-weight: 400;\"> Proporcionar indicis o certesa d&#8217;alguna cosa. 4. <\/span><span style=\"font-weight: 400;\">tr.<\/span><span style=\"font-weight: 400;\"> Dit de D\u00e9u: Manifestar als homes all\u00f2 futur o ocult.<\/span><\/p>\n<p>&nbsp;<\/p>\n<p><span style=\"font-weight: 400;\">De qu\u00e8 tractaria, doncs, revelar-se\/rebel\u00b7lar-se en la malaltia? D&#8217;arribar a conquerir un saber fer amb la pr\u00f2pia mancan\u00e7a sense el requisit, per efecte, d&#8217;un malestar tan dominant. <\/span><\/p>\n<p>&nbsp;<\/p>\n<p><span style=\"font-weight: 400;\">Esther Jim\u00e9nez (Psic\u00f2loga)<\/span><\/p>\n<p>&nbsp;<\/p>\n<p>&nbsp;<\/p>\n<p><b>Bibliografia<\/b><\/p>\n<p>&nbsp;<\/p>\n<p><span style=\"font-weight: 400;\">Gallo, E. (2002).  <\/span><i><span style=\"font-weight: 400;\">Cos i malaltia: Una aproximaci\u00f3 psicoanal\u00edtica.  <\/span><\/i><span style=\"font-weight: 400;\">Desde el jard\u00edn de Freud [N\u00famero 2, Bogot\u00e1, 2002].<\/span><\/p>\n<p><span style=\"font-weight: 400;\">Herrera, K., Nobles, L. &amp; Acu\u00f1a, E. (2011). <\/span><i><span style=\"font-weight: 400;\">Caracter\u00edstiques psicodin\u00e0miques de dol en pacients amb insufici\u00e8ncia renal terminal. <\/span><\/i><span style=\"font-weight: 400;\">Psicolog\u00eda desde el Caribe. Universidad del Norte. N\u00ba28: 197-218.<\/span>[:ca]<img loading=\"lazy\" decoding=\"async\" class=\"aligncenter size-large wp-image-3984\" src=\"https:\/\/fjarno.org\/wp-content\/uploads\/2017\/06\/chain-813964-1024x683.jpg\" alt=\"chain-813964\" width=\"1024\" height=\"683\" srcset=\"https:\/\/fjarno.org\/wp-content\/uploads\/2017\/06\/chain-813964-1024x683.jpg 1024w, https:\/\/fjarno.org\/wp-content\/uploads\/2017\/06\/chain-813964-600x400.jpg 600w, https:\/\/fjarno.org\/wp-content\/uploads\/2017\/06\/chain-813964-300x200.jpg 300w, https:\/\/fjarno.org\/wp-content\/uploads\/2017\/06\/chain-813964-768x512.jpg 768w, https:\/\/fjarno.org\/wp-content\/uploads\/2017\/06\/chain-813964-1536x1024.jpg 1536w, https:\/\/fjarno.org\/wp-content\/uploads\/2017\/06\/chain-813964-2048x1366.jpg 2048w\" sizes=\"auto, (max-width: 1024px) 100vw, 1024px\" \/><\/p>\n<p><span style=\"font-weight: 400;\">Jacques Lacan planteja que <\/span><b>tota demanda \u00e9s demanda d&#8217;amor<\/b><span style=\"font-weight: 400;\">.<\/span><\/p>\n<p>&nbsp;<\/p>\n<p><span style=\"font-weight: 400;\">Parlar \u00e9s un \u00edndex que hi ha una mancan\u00e7a en l&#8217;\u00e9sser. Si f\u00f3ssim aquella taronja o llimona completa de qu\u00e8 socialment es fa refer\u00e8ncia, en primer lloc, no ens mour\u00edem del llit perqu\u00e8 res ens faria falta. <\/span><\/p>\n<p>&nbsp;<\/p>\n<p><span style=\"font-weight: 400;\">Quan un parla, es dirigeix a un altre (encara que pensem que parlem sols, mai \u00e9s aix\u00ed, ens imaginem que li parlem al nostre jo ideal, al nostre amor, D\u00e9u, mare, etc.). <\/span><\/p>\n<p>&nbsp;<\/p>\n<p><span style=\"font-weight: 400;\">D&#8217;aquesta manera, un <\/span><b>parla perqu\u00e8 est\u00e0 en mancan\u00e7a<\/b><span style=\"font-weight: 400;\"> i cerca en l&#8217;<\/span><b>altre<\/b><span style=\"font-weight: 400;\"> a qui li dirigeix la seva demanda, que <\/span><b>el completi<\/b><span style=\"font-weight: 400;\">. \u00c9s per aix\u00f2 que referim a la demanda d&#8217;amor.<\/span> <\/p>\n<p>&nbsp;<\/p>\n<p><span style=\"font-weight: 400;\">Com podem enlla\u00e7ar aquesta an\u00e0lisi del funcionament estructural hum\u00e0 amb una malaltia cr\u00f2nica? Un element podria ser la necessitat d&#8217;amor, com en tots els \u00e9ssers parlants, per\u00f2 en aquest cas, de vegades, passiva.<\/span><\/p>\n<p>&nbsp;<\/p>\n<p><span style=\"font-weight: 400;\">A la Universitat del Carib, es va realitzar un estudi anomenat \u201c<\/span><i><span style=\"font-weight: 400;\">Caracter\u00edstiques psicodin\u00e0miques del dol en pacients amb insufici\u00e8ncia renal terminal<\/span><\/i><span style=\"font-weight: 400;\">\u201d on plantegen com  <\/span><i><span style=\"font-weight: 400;\">la malaltia f\u00edsica pot alleujar el malestar psicol\u00f2gic arribant a un punt de confusi\u00f3, on  <\/span><\/i><b><i>la demanda  <\/i><\/b><i><span style=\"font-weight: 400;\">del malalt cap  <\/span><\/i><b><i>al personal sanitari  <\/i><\/b><i><span style=\"font-weight: 400;\">ja no  <\/span><\/i><b><i>\u00e9s  <\/i><\/b><i><span style=\"font-weight: 400;\">de curaci\u00f3, sin\u00f3 de gaudi. Gaudi   <\/span><\/i><b><i>d&#8217;\u00e9sser<\/i><\/b><i><span style=\"font-weight: 400;\">  un objecte  <\/span><\/i><b><i>estimat, cuidat, at\u00e8s, escoltat.<\/i><\/b><\/p>\n<p>&nbsp;<\/p>\n<p><span style=\"font-weight: 400;\">El pensament hum\u00e0 es caracteritza per ser esf\u00e8ric. Aquest aspecte \u00e9s el que ens porta a plantejar la desobedi\u00e8ncia del pacient en un binomi entre <\/span><b>informaci\u00f3 o<\/b><span style=\"font-weight: 400;\"> estar afectat per la <\/span><b>ignor\u00e0ncia<\/b><span style=\"font-weight: 400;\">: \u201cQue X no sap qu\u00e8 li passar\u00e0 si beu tant de l\u00edquid entre la di\u00e0lisi?\u201d. I insistim a explicar-li per veure si ho ent\u00e9n.<\/span><\/p>\n<p>&nbsp;<\/p>\n<p><span style=\"font-weight: 400;\">La problem\u00e0tica \u00e9s que inconscientment i de vegades, fins i tot, conscientment, el pacient ho sap. Som <\/span><b>\u00e9ssers dominats per la desra\u00f3<\/b><span style=\"font-weight: 400;\">.<\/span><\/p>\n<p>&nbsp;<\/p>\n<p><span style=\"font-weight: 400;\">Per\u00f2, per qu\u00e8 tot i la informaci\u00f3 que se li ofereix, sembla que el pacient no assumeix les conseq\u00fc\u00e8ncies letals del seu comportament?<\/span><\/p>\n<p>&nbsp;<\/p>\n<p><span style=\"font-weight: 400;\">Podem valorar-ho des de la presentaci\u00f3 de resist\u00e8ncies per\u00f2 tamb\u00e9 de com la informaci\u00f3 que ve d&#8217;un altre pot obturar la revelaci\u00f3\/rebel\u00b7laci\u00f3 de la pr\u00f2pia.<\/span><\/p>\n<p>&nbsp;<\/p>\n<p><span style=\"font-weight: 400;\">Sobre quins aspectes seria interessant aquesta revelaci\u00f3\/rebel\u00b7laci\u00f3? L&#8217;article de Gallo, E. (2002) \u201cCos i malaltia\u201d ens en proposa quatre: <\/span><\/p>\n<ol>\n<li><span style=\"font-weight: 400;\">  La seva conducta davant la vida<\/span><\/li>\n<li><span style=\"font-weight: 400;\">  L&#8217;\u00fas que fa de la malaltia<\/span><\/li>\n<li><span style=\"font-weight: 400;\">  Els patiments ps\u00edquics que la seva malaltia li causa<\/span><\/li>\n<li><span style=\"font-weight: 400;\">  La forma en qu\u00e8 es defensa i adapta, i com es representa ps\u00edquicament l&#8217;\u00f2rgan afectat amb el que comporta.<\/span><\/li>\n<\/ol>\n<p>&nbsp;<\/p>\n<p><span style=\"font-weight: 400;\">En alguns casos trobem com la malaltia funciona com a carta de presentaci\u00f3. La dificultat no \u00e9s en educar respecte la seva malaltia, sin\u00f3 en com descentrar el seu \u00e9sser de la identificaci\u00f3 inconscient i aix\u00ed diferenciar entre ser portador d&#8217;una malaltia (\u201ctinc malaltia renal\u201d) a la identificaci\u00f3 inconscient a la nomenclatura (\u201cs\u00f3c malalt renal\u201d). <\/span><\/p>\n<p>&nbsp;<\/p>\n<p><span style=\"font-weight: 400;\">De qu\u00e8 tractaria doncs, revelar\/rebel\u00b7lar-se en la malaltia? De conquerir un saber ser amb la pr\u00f2pia mancan\u00e7a sense el requisit, per efecte, d&#8217;un malestar tan dominant. <\/span><\/p>\n<p>&nbsp;<\/p>\n<p><span style=\"font-weight: 400;\">Esther Jim\u00e9nez (Psic\u00f2loga)<\/span><\/p>\n<p>&nbsp;<\/p>\n<p>&nbsp;<\/p>\n<p><b>Bibliografia<\/b><\/p>\n<p>&nbsp;<\/p>\n<p><span style=\"font-weight: 400;\">Gallo, E. (2002).  <\/span><i><span style=\"font-weight: 400;\">Cos i malaltia: Una aproximaci\u00f3 psicoanal\u00edtica.  <\/span><\/i><span style=\"font-weight: 400;\">Desde el jard\u00edn de Freud [N\u00famero 2, Bogot\u00e1, 2002].<\/span><\/p>\n<p>&nbsp;<\/p>\n<p><span style=\"font-weight: 400;\">Herrera, K., Nobles, L. &amp; Acu\u00f1a, E. (2011). <\/span><i><span style=\"font-weight: 400;\">Caracter\u00edstiques psicodin\u00e0miques de dol en pacients amb insufici\u00e8ncia renal terminal. <\/span><\/i><span style=\"font-weight: 400;\">Psicolog\u00eda desde el Caribe. Universidad del Norte. N\u00ba28: 197-218.<\/span><\/p>\n<p>&nbsp;<\/p>\n<p>1 <b>Rebel\u00b7lar<\/b><span style=\"font-weight: 400;\">: 1 <\/span><span style=\"font-weight: 400;\">v. intr. pron.<\/span><span style=\"font-weight: 400;\"> [LC] [DR] [DE] Refusar l&#8217;obedi\u00e8ncia a una autoritat leg\u00edtima. La ciutat es va rebel\u00b7lar contra el seu rei. L&#8217;adolescent es rebel\u00b7la i crida quan ning\u00fa no el sent. 2 <\/span><span style=\"font-weight: 400;\">v. intr. pron.<\/span><span style=\"font-weight: 400;\"> [LC] <\/span><span style=\"font-weight: 400;\">per ext. <\/span><span style=\"font-weight: 400;\">Rebel\u00b7lar-se contra una injust\u00edcia.<\/span><\/p>\n<p><b>Revelar<\/b><span style=\"font-weight: 400;\">:  <\/span><b>1  <\/b><i><span style=\"font-weight: 400;\">1  <\/span><\/i><i><span style=\"font-weight: 400;\">v. tr. <\/span><\/i><span style=\"font-weight: 400;\">  [LC] Fer con\u00e8ixer (all\u00f2 que es tenia amagat).  <\/span><i><span style=\"font-weight: 400;\">Revelar un complot, un secret, un misteri.  <\/span><\/i><b>1  <\/b><i><span style=\"font-weight: 400;\">2  <\/span><\/i><i><span style=\"font-weight: 400;\">v. tr. <\/span><\/i><span style=\"font-weight: 400;\">  [RE] D\u00e9u, fer con\u00e8ixer (quelcom) als homes.  <\/span><i><span style=\"font-weight: 400;\">Les veritats revelades.<\/span><\/i><\/p>\n","protected":false},"excerpt":{"rendered":"<p>Jacques Lacan planteja que tota demanda \u00e9s demanda d&#8217;amor. &nbsp; Parlar \u00e9s un \u00edndex que hi ha una mancan\u00e7a en l&#8217;\u00e9sser. Si f\u00f3ssim aquella taronja o llimona completa de qu\u00e8 socialment es parla, en primer lloc, no ens mour\u00edem del llit perqu\u00e8 res ens faria falta. &nbsp; Quan un parla, es dirigeix a un altre [&hellip;]<\/p>\n","protected":false},"author":1,"featured_media":7100,"comment_status":"open","ping_status":"open","sticky":false,"template":"","format":"standard","meta":{"footnotes":""},"categories":[110],"tags":[],"class_list":["post-7099","post","type-post","status-publish","format-standard","has-post-thumbnail","hentry","category-blog","entry","has-media","owp-thumbs-layout-horizontal","owp-btn-normal","owp-tabs-layout-horizontal","has-no-thumbnails","has-product-nav"],"_links":{"self":[{"href":"https:\/\/fjarno.org\/ca\/wp-json\/wp\/v2\/posts\/7099","targetHints":{"allow":["GET"]}}],"collection":[{"href":"https:\/\/fjarno.org\/ca\/wp-json\/wp\/v2\/posts"}],"about":[{"href":"https:\/\/fjarno.org\/ca\/wp-json\/wp\/v2\/types\/post"}],"author":[{"embeddable":true,"href":"https:\/\/fjarno.org\/ca\/wp-json\/wp\/v2\/users\/1"}],"replies":[{"embeddable":true,"href":"https:\/\/fjarno.org\/ca\/wp-json\/wp\/v2\/comments?post=7099"}],"version-history":[{"count":0,"href":"https:\/\/fjarno.org\/ca\/wp-json\/wp\/v2\/posts\/7099\/revisions"}],"wp:featuredmedia":[{"embeddable":true,"href":"https:\/\/fjarno.org\/ca\/wp-json\/wp\/v2\/media\/7100"}],"wp:attachment":[{"href":"https:\/\/fjarno.org\/ca\/wp-json\/wp\/v2\/media?parent=7099"}],"wp:term":[{"taxonomy":"category","embeddable":true,"href":"https:\/\/fjarno.org\/ca\/wp-json\/wp\/v2\/categories?post=7099"},{"taxonomy":"post_tag","embeddable":true,"href":"https:\/\/fjarno.org\/ca\/wp-json\/wp\/v2\/tags?post=7099"}],"curies":[{"name":"wp","href":"https:\/\/api.w.org\/{rel}","templated":true}]}}