{"id":7084,"date":"2016-02-11T10:18:20","date_gmt":"2016-02-11T10:18:20","guid":{"rendered":"https:\/\/fjarno.org\/lleida-per-la-donacio\/"},"modified":"2016-02-11T10:18:20","modified_gmt":"2016-02-11T10:18:20","slug":"lleida-per-la-donacio","status":"publish","type":"post","link":"https:\/\/fjarno.org\/ca\/lleida-per-la-donacio\/","title":{"rendered":"LLEIDA PER LA DONACI\u00d3"},"content":{"rendered":"<p>Projecte realitzat amb la col\u00b7laboraci\u00f3 de<\/p>\n<p><img loading=\"lazy\" decoding=\"async\" class=\"alignnone size-full wp-image-3970\" src=\"https:\/\/fjarno.org\/wp-content\/uploads\/2016\/01\/diputacio-lleida-orig-e1495105506380.png\" alt=\"diputacio-lleida-orig\" width=\"150\" height=\"148\" srcset=\"https:\/\/fjarno.org\/wp-content\/uploads\/2016\/01\/diputacio-lleida-orig-e1495105506380.png 150w, https:\/\/fjarno.org\/wp-content\/uploads\/2016\/01\/diputacio-lleida-orig-e1495105506380-100x100.png 100w\" sizes=\"auto, (max-width: 150px) 100vw, 150px\" \/><\/p>\n<p>La donaci\u00f3 d&#8217;\u00f2rgans \u00e9s un gest altruista considerat com un dels majors actes de bondat de l&#8217;\u00e9sser hum\u00e0.<\/p>\n<p>Amb aquest projecte volem dur a terme una s\u00e8rie d&#8217;esdeveniments al llarg de tot l&#8217;any 2016, que giraran entorn de sensibilitzar la poblaci\u00f3 cap a un gran gest tan altruista i gener\u00f3s com la donaci\u00f3 d&#8217;\u00f2rgans.<\/p>\n<p>Activitats:<\/p>\n<p>Campanya informativa de sensibilitzaci\u00f3 amb la col\u00b7laboraci\u00f3 d&#8217;establiments solidaris de la ciutat.<br \/>\nXerrades sobre la donaci\u00f3 d&#8217;\u00f2rgans a les capitals de comarca.<br \/>\nCelebrar el Dia del Rony\u00f3 (10 de mar\u00e7) i Dia del Donant (1 de juny) al Hall de l&#8217;Hospital Universitari Arnau de Vilanova de Lleida.<br \/>\nConcert ben\u00e8fic a favor de la Donaci\u00f3 a c\u00e0rrec de l&#8217;Orquestra Simf\u00f2nica Juli\u00e0 Carbonell. (24 d&#8217;abril a les 19:00h a l&#8217;Auditori Enric Granados de Lleida)<br \/>\nPrimera Transplantbike a Lleida (1 i 2 d&#8217;octubre)<br \/>\nMilla Urbana Solid\u00e0ria (novembre) <\/p>\n<p>Gr\u00e0cies a la voluntat altruista dels donants, en vida o despr\u00e9s de la seva mort, moltes persones reben un teixit o un \u00f2rgan que, un cop trasplantat, millora la seva qualitat de vida o la salva. Qu\u00e8 s&#8217;ha de fer per ser donant? El m\u00e9s important \u00e9s que la vostra fam\u00edlia o \u00e9ssers estimats coneguin la vostra intenci\u00f3 de ser donant. Aix\u00f2 facilitaria molt, arribat el cas, la decisi\u00f3 de la vostra fam\u00edlia. Tamb\u00e9 podeu descarregar-vos el carnet de donant de www.ocatt.cat.<\/p>\n<p>Estar ben informats ens permet decidir. Informeu-vos. <\/p>\n<p><a href=\"https:\/\/fjarno.org\/wp-content\/uploads\/2015\/07\/image001-31.jpg\"><img loading=\"lazy\" decoding=\"async\" class=\"alignnone size-full wp-image-1659\" src=\"https:\/\/fjarno.org\/wp-content\/uploads\/2015\/07\/image001-31.jpg\" alt=\"image001 (3)\" width=\"579\" height=\"560\" srcset=\"https:\/\/fjarno.org\/wp-content\/uploads\/2015\/07\/image001-31.jpg 579w, https:\/\/fjarno.org\/wp-content\/uploads\/2015\/07\/image001-31-300x290.jpg 300w\" sizes=\"auto, (max-width: 579px) 100vw, 579px\" \/><\/a><\/p>\n<h4>Dia del Donant 2023<\/h4>\n<p>Celebrem la VII Mostra de curts per la donaci\u00f3 d&#8217;\u00f2rgans, un acte molt emotiu que va retre el tan merescut homenatge als donants i les seves fam\u00edlies.<a href=\"https:\/\/fjarno.org\/ca\/blog-5\/\"><img loading=\"lazy\" decoding=\"async\" class=\"wp-image-5792 alignright\" src=\"https:\/\/fjarno.org\/wp-content\/uploads\/2023\/06\/BLOG.jpg\" sizes=\"auto, (max-width: 505px) 100vw, 505px\" srcset=\"https:\/\/fjarno.org\/wp-content\/uploads\/2023\/06\/BLOG.jpg 2512w, https:\/\/fjarno.org\/wp-content\/uploads\/2023\/06\/BLOG-300x219.jpg 300w, https:\/\/fjarno.org\/wp-content\/uploads\/2023\/06\/BLOG-1024x748.jpg 1024w, https:\/\/fjarno.org\/wp-content\/uploads\/2023\/06\/BLOG-768x561.jpg 768w, https:\/\/fjarno.org\/wp-content\/uploads\/2023\/06\/BLOG-1536x1121.jpg 1536w, https:\/\/fjarno.org\/wp-content\/uploads\/2023\/06\/BLOG-600x438.jpg 600w\" alt=\"\" width=\"505\" height=\"368\"><\/a><\/p>\n<p>Estudiants de CAS (Creativitat, Activitat i Servei) de Primer de Batxillerat Internacional de l&#8217;Institut Josep Lladonosa de Lleida i d&#8217;APS (Aprenentatge i Servei) de Quart d&#8217;ESO de l&#8217;Institut Samuel Gili i Gaya de Lleida, van realitzar un total de 6 v\u00eddeos amb l&#8217;objectiu de fomentar la donaci\u00f3 d&#8217;\u00f2rgans. Jugant amb met\u00e0fores que van anar des d&#8217;una recepta familiar, fins a una m\u00e0quina de cosir, passant per la reparaci\u00f3 del disc dur d&#8217;un ordinador, van fer reflexionar a tots els presents sobre l&#8217;impacte de la donaci\u00f3 en la vida de tantes persones. Tot i que la projecci\u00f3 en p\u00fablic culmina el projecte, les sessions formatives que la Fundaci\u00f3 duu a terme als centres educatius, la recerca que les alumnes i alumnes realitzen i les activitats que envolten la gala, contribueixen a crear consci\u00e8ncia sobre la import\u00e0ncia de la donaci\u00f3 d&#8217;\u00f2rgans i el paper que cadascun de nosaltres juga en la divulgaci\u00f3 i la sensibilitzaci\u00f3 d&#8217;aquest gest.  <\/p>\n<p>Podeu veure tots els v\u00eddeos al <a href=\"https:\/\/www.youtube.com\/channel\/UC9cXv7tMzC7EI0m77O_xiTw\">nostre canal Youtube.<\/a><\/p>\n<p>La Mostra va arrencar amb un ball que el grup de l&#8217;Institut Josep Lladonosa va preparar amb la col\u00b7laboraci\u00f3 del gimn\u00e0s Viding Ekke i va concloure amb l&#8217;actuaci\u00f3 musical del grup Error 404 de l&#8217;institut Samuel Gili i Gaya.<\/p>\n<p>El Doctor Jaume Tort, director de l&#8217;<a href=\"https:\/\/trasplantaments.gencat.cat\/ca\/inici\">OCATT<\/a>, ens va parlar sobre les xifres d&#8217;aquest 2023 que s\u00f3n prometedores i sobre el gran treball en xarxa darrere de cada trasplantament, que pot implicar al voltant de 100 professionals, sens dubte una gran tasca de coordinaci\u00f3, responsable de l&#8217;\u00e8xit del nostre model de donaci\u00f3 i trasplantament. La Doctora Mariona Badia, coordinadora de trasplantaments de l&#8217;Hospital Universitari Arnau de Vilanova de Lleida, ens va parlar de la complexitat del proc\u00e9s quan a l&#8217;UCI hi ha un possible donant, i del delicat moment de l&#8217;entrevista amb la fam\u00edlia. Va valorar molt positivament els treballs realitzats pels alumnes, i els va animar a seguir parlant del tema de la donaci\u00f3 amb les seves amistats i familiars.  <\/p>\n<p>Cap al final de l&#8217;acte, vam sorprendre l&#8217;Ana, qui fa uns anys va donar un rony\u00f3 al seu germ\u00e0 Carlos, amb el lliurament del premi Donant 2023, sens dubte un dels moments m\u00e9s emotius de la mostra.<\/p>\n<p>Des de la Fundaci\u00f3 Renal Jaume Arn\u00f3, agra\u00efm de cor la implicaci\u00f3 de totes i tots els participants i assistents a la gala, conven\u00e7uts que aquestes petites accions generen grans canvis.<\/p>\n<p>Feu-vos Donant, doneu a la vostra vida un Final Alternatiu!<\/p>\n<p><a href=\"https:\/\/fjarno.org\/ca\/img_20230605_110124\/\"><img loading=\"lazy\" decoding=\"async\" class=\"alignnone wp-image-5805 \" src=\"https:\/\/fjarno.org\/wp-content\/uploads\/2016\/02\/IMG_20230605_110124-scaled-e1686740623748.jpg\" alt=\"\" width=\"900\" height=\"450\" srcset=\"https:\/\/fjarno.org\/wp-content\/uploads\/2016\/02\/IMG_20230605_110124-scaled-e1686740623748.jpg 2560w, https:\/\/fjarno.org\/wp-content\/uploads\/2016\/02\/IMG_20230605_110124-scaled-e1686740623748-600x300.jpg 600w, https:\/\/fjarno.org\/wp-content\/uploads\/2016\/02\/IMG_20230605_110124-scaled-e1686740623748-300x150.jpg 300w, https:\/\/fjarno.org\/wp-content\/uploads\/2016\/02\/IMG_20230605_110124-scaled-e1686740623748-1024x512.jpg 1024w, https:\/\/fjarno.org\/wp-content\/uploads\/2016\/02\/IMG_20230605_110124-scaled-e1686740623748-768x384.jpg 768w, https:\/\/fjarno.org\/wp-content\/uploads\/2016\/02\/IMG_20230605_110124-scaled-e1686740623748-1536x768.jpg 1536w, https:\/\/fjarno.org\/wp-content\/uploads\/2016\/02\/IMG_20230605_110124-scaled-e1686740623748-2048x1024.jpg 2048w\" sizes=\"auto, (max-width: 900px) 100vw, 900px\" \/><\/a><\/p>\n<p><a href=\"https:\/\/fjarno.org\/ca\/img_3385\/\"><img loading=\"lazy\" decoding=\"async\" class=\"alignnone wp-image-5803\" src=\"https:\/\/fjarno.org\/wp-content\/uploads\/2016\/02\/IMG_3385.jpg\" alt=\"\" width=\"455\" height=\"606\" srcset=\"https:\/\/fjarno.org\/wp-content\/uploads\/2016\/02\/IMG_3385.jpg 1512w, https:\/\/fjarno.org\/wp-content\/uploads\/2016\/02\/IMG_3385-600x800.jpg 600w, https:\/\/fjarno.org\/wp-content\/uploads\/2016\/02\/IMG_3385-225x300.jpg 225w, https:\/\/fjarno.org\/wp-content\/uploads\/2016\/02\/IMG_3385-768x1024.jpg 768w, https:\/\/fjarno.org\/wp-content\/uploads\/2016\/02\/IMG_3385-1152x1536.jpg 1152w\" sizes=\"auto, (max-width: 455px) 100vw, 455px\" \/><\/a><a href=\"https:\/\/fjarno.org\/ca\/img_3388\/\"><img loading=\"lazy\" decoding=\"async\" class=\"alignnone wp-image-5804 \" src=\"https:\/\/fjarno.org\/wp-content\/uploads\/2016\/02\/IMG_3388-rotated-e1686740672199.jpg\" alt=\"\" width=\"521\" height=\"398\" srcset=\"https:\/\/fjarno.org\/wp-content\/uploads\/2016\/02\/IMG_3388-rotated-e1686740672199.jpg 1512w, https:\/\/fjarno.org\/wp-content\/uploads\/2016\/02\/IMG_3388-rotated-e1686740672199-600x458.jpg 600w, https:\/\/fjarno.org\/wp-content\/uploads\/2016\/02\/IMG_3388-rotated-e1686740672199-300x229.jpg 300w, https:\/\/fjarno.org\/wp-content\/uploads\/2016\/02\/IMG_3388-rotated-e1686740672199-1024x782.jpg 1024w, https:\/\/fjarno.org\/wp-content\/uploads\/2016\/02\/IMG_3388-rotated-e1686740672199-768x586.jpg 768w\" sizes=\"auto, (max-width: 521px) 100vw, 521px\" \/><\/a><\/p>\n<p>&nbsp;<\/p>\n<h4>Dia del Donant 2022<\/h4>\n<p>Cada primer dimecres de juny es commemora el Dia Nacional del Donant, per retre homenatge als donants i les seves fam\u00edlies per un gest tan gener\u00f3s que millora i salva milers de vides cada any al nostre territori. Des de 2017, la Fundaci\u00f3 celebra aquest dia amb la Mostra de curtmetratges per la Donaci\u00f3 d&#8217;\u00d2rgans, una mostra de v\u00eddeos realitzats per alumnes voluntaris de dos instituts de secund\u00e0ria locals, l&#8217;institut Josep Lladonosa i Samuel Gili i Gaya (Lleida). <\/p>\n<p>Aquest any la gala es va celebrar a l&#8217;Orfe\u00f3 lleidat\u00e0. L&#8217;alumnat de l&#8217;institut Josep Lladonosa va preparar un ball d&#8217;obertura que va aportar color i ritme a l&#8217;acte i es van projectar 7 v\u00eddeos. Vam entrevistar el director de l&#8217;Organitzaci\u00f3 Catalana de Trasplantaments, el Dr. Jaume Tort i la Dra. Mariona Badia, coordinadora de trasplantaments de l&#8217;Hospital Arnau de Vilanova. Tamb\u00e9 vam parlar amb els portaveus de cada treball per con\u00e8ixer detalls sobre el proc\u00e9s creatiu, dificultats t\u00e8cniques, i sobretot per saber, quin impacte havia tingut el que havien apr\u00e8s sobre la donaci\u00f3 i el trasplantament. Finalment vam lliurar el premi del Donant, i vam entrevistar breument la guardonada, una mare que va donar el rony\u00f3 a la seva filla. Sens dubte, un dels moments m\u00e9s emotius de la gala.      <\/p>\n<p><a href=\"https:\/\/fjarno.org\/ca\/dia-donant-2-2\/\"><img loading=\"lazy\" decoding=\"async\" class=\"alignnone size-full wp-image-5742\" src=\"https:\/\/fjarno.org\/wp-content\/uploads\/2016\/02\/Dia-donant-2-1-scaled-e1673526709151.jpg\" alt=\"\" width=\"2400\" height=\"812\" srcset=\"https:\/\/fjarno.org\/wp-content\/uploads\/2016\/02\/Dia-donant-2-1-scaled-e1673526709151.jpg 2400w, https:\/\/fjarno.org\/wp-content\/uploads\/2016\/02\/Dia-donant-2-1-scaled-e1673526709151-600x203.jpg 600w, https:\/\/fjarno.org\/wp-content\/uploads\/2016\/02\/Dia-donant-2-1-scaled-e1673526709151-300x102.jpg 300w, https:\/\/fjarno.org\/wp-content\/uploads\/2016\/02\/Dia-donant-2-1-scaled-e1673526709151-1024x346.jpg 1024w, https:\/\/fjarno.org\/wp-content\/uploads\/2016\/02\/Dia-donant-2-1-scaled-e1673526709151-768x260.jpg 768w, https:\/\/fjarno.org\/wp-content\/uploads\/2016\/02\/Dia-donant-2-1-scaled-e1673526709151-1536x520.jpg 1536w, https:\/\/fjarno.org\/wp-content\/uploads\/2016\/02\/Dia-donant-2-1-scaled-e1673526709151-2048x693.jpg 2048w\" sizes=\"auto, (max-width: 2400px) 100vw, 2400px\" \/><\/a> <a href=\"https:\/\/fjarno.org\/ca\/img_7104\/\"><img loading=\"lazy\" decoding=\"async\" class=\"alignnone size-full wp-image-5743\" src=\"https:\/\/fjarno.org\/wp-content\/uploads\/2016\/02\/IMG_7104-scaled-e1673526679619.jpg\" alt=\"\" width=\"2560\" height=\"1145\" srcset=\"https:\/\/fjarno.org\/wp-content\/uploads\/2016\/02\/IMG_7104-scaled-e1673526679619.jpg 2560w, https:\/\/fjarno.org\/wp-content\/uploads\/2016\/02\/IMG_7104-scaled-e1673526679619-600x268.jpg 600w, https:\/\/fjarno.org\/wp-content\/uploads\/2016\/02\/IMG_7104-scaled-e1673526679619-300x134.jpg 300w, https:\/\/fjarno.org\/wp-content\/uploads\/2016\/02\/IMG_7104-scaled-e1673526679619-1024x458.jpg 1024w, https:\/\/fjarno.org\/wp-content\/uploads\/2016\/02\/IMG_7104-scaled-e1673526679619-768x344.jpg 768w, https:\/\/fjarno.org\/wp-content\/uploads\/2016\/02\/IMG_7104-scaled-e1673526679619-1536x687.jpg 1536w, https:\/\/fjarno.org\/wp-content\/uploads\/2016\/02\/IMG_7104-scaled-e1673526679619-2048x916.jpg 2048w\" sizes=\"auto, (max-width: 2560px) 100vw, 2560px\" \/><\/a> <a href=\"https:\/\/fjarno.org\/ca\/img_7296\/\"><img loading=\"lazy\" decoding=\"async\" class=\"alignnone wp-image-5744\" src=\"https:\/\/fjarno.org\/wp-content\/uploads\/2016\/02\/IMG_7296-scaled.jpg\" alt=\"\" width=\"473\" height=\"315\"><\/a> <a href=\"https:\/\/fjarno.org\/ca\/img_7392\/\"><img loading=\"lazy\" decoding=\"async\" class=\"alignnone wp-image-5745\" src=\"https:\/\/fjarno.org\/wp-content\/uploads\/2016\/02\/IMG_7392-scaled.jpg\" alt=\"\" width=\"474\" height=\"316\"><\/a><\/p>\n<p>Entrevista al Dr. Jaume Tort i la Dra. Mariona Badia. <\/p>\n<h4>Dia del Donant 2021<\/h4>\n<p class=\"_04xlpA direction-ltr align-justify para-style-body\">Les sessions formatives i informatives que hem realitzat amb l&#8217;alumnat de 4t d&#8217;ESO i 1r de Batxillerat dels instituts Gili Gaya, Joan Or\u00f3, i Josep Lladonosa de Lleida, han aconseguit un doble objectiu. D&#8217;una banda, donar a con\u00e8ixer la import\u00e0ncia de la donaci\u00f3 i els trasplantaments a alumnes, professors i fam\u00edlies. I d&#8217;altra banda preparar, amb l&#8217;ajuda de l&#8217;alumnat, la IV MOSTRA DE CURTMETRATGES LLEIDA per la Donaci\u00f3.  <\/p>\n<p>La creaci\u00f3 de curtmetratges va formar part de l&#8217;espl\u00e8ndid treball que els alumnes van fer dins del marc de les assignatures: Aprenentatge i Servei, Creativitat, Activitat i Servei. Aquests treballs van obtenir visibilitat a trav\u00e9s d&#8217;un acte de reconeixement en el DIA DEL DONANT que vam celebrar, un any m\u00e9s, telem\u00e0ticament per zoom. <\/p>\n<p>Uns dies abans de l&#8217;acte, l&#8217;alumnat de l&#8217;Institut Josep Lladonosa, va preparar un ball per promocionar la donaci\u00f3, que vam celebrar a la Pla\u00e7a Sant Joan de Lleida amb la col\u00b7laboraci\u00f3 de Viding Ekke.<\/p>\n<p><a href=\"https:\/\/fjarno.org\/ca\/ball-dia-donant-2\/\"><img loading=\"lazy\" decoding=\"async\" class=\"alignnone wp-image-5739\" src=\"https:\/\/fjarno.org\/wp-content\/uploads\/2016\/02\/Ball-Dia-Donant-2-e1673526136106.jpeg\" alt=\"\" width=\"907\" height=\"390\" srcset=\"https:\/\/fjarno.org\/wp-content\/uploads\/2016\/02\/Ball-Dia-Donant-2-e1673526136106.jpeg 1600w, https:\/\/fjarno.org\/wp-content\/uploads\/2016\/02\/Ball-Dia-Donant-2-e1673526136106-600x258.jpeg 600w, https:\/\/fjarno.org\/wp-content\/uploads\/2016\/02\/Ball-Dia-Donant-2-e1673526136106-300x129.jpeg 300w, https:\/\/fjarno.org\/wp-content\/uploads\/2016\/02\/Ball-Dia-Donant-2-e1673526136106-1024x440.jpeg 1024w, https:\/\/fjarno.org\/wp-content\/uploads\/2016\/02\/Ball-Dia-Donant-2-e1673526136106-768x330.jpeg 768w, https:\/\/fjarno.org\/wp-content\/uploads\/2016\/02\/Ball-Dia-Donant-2-e1673526136106-1536x660.jpeg 1536w\" sizes=\"auto, (max-width: 907px) 100vw, 907px\" \/><\/a><\/p>\n<p><strong>Dia Mundial del Rony\u00f3 2021<\/strong><\/p>\n<ul>\n<li>Un any m\u00e9s, i malgrat la pand\u00e8mia, hem dut a terme aquest projecte educatiu, Lleida per la Donaci\u00f3, que abasta diferents esdeveniments solidaris amb la finalitat de sensibilitzar la poblaci\u00f3 i promoure la donaci\u00f3 d&#8217;\u00f2rgans. Aquests esdeveniments estan dirigits en la seva majoria, a un p\u00fablic jove, al qual s&#8217;intenta conscienciar de la import\u00e0ncia de cuidar la nostra salut i en especial els nostres ronyons, i del gest altruista de fer-se donant d&#8217;\u00f2rgans. L&#8217;objectiu \u00e9s fomentar la donaci\u00f3 d&#8217;\u00f2rgans a trav\u00e9s d&#8217;activitats did\u00e0ctiques adaptades. Per aix\u00f2 hem treballat en tallers dirigits a escoles i instituts. Lleida per la donaci\u00f3 a l&#8217;escola Les escoles que hem escollit aquest curs per impartir aquests tallers han estat l&#8217;Escola Joan Maragall de Lleida i l&#8217;Escola Pinyana d&#8217;Alfarr\u00e0s. Els tallers han complert els objectius de: Educar sobre la pr\u00e0ctica d&#8217;h\u00e0bits saludables, tant higi\u00e8nics com alimentaris.<br \/>\nDonar a con\u00e8ixer la malaltia renal cr\u00f2nica i les dificultats a les quals fan front les persones que la pateixen.   <\/li>\n<\/ul>\n<p><a href=\"https:\/\/fjarno.org\/ca\/img_20211119_105653\/\"><img loading=\"lazy\" decoding=\"async\" class=\"alignnone wp-image-5735\" src=\"https:\/\/fjarno.org\/wp-content\/uploads\/2016\/02\/IMG_20211119_105653-scaled-e1673525875753.jpg\" alt=\"\" width=\"511\" height=\"255\" srcset=\"https:\/\/fjarno.org\/wp-content\/uploads\/2016\/02\/IMG_20211119_105653-scaled-e1673525875753.jpg 2182w, https:\/\/fjarno.org\/wp-content\/uploads\/2016\/02\/IMG_20211119_105653-scaled-e1673525875753-600x299.jpg 600w, https:\/\/fjarno.org\/wp-content\/uploads\/2016\/02\/IMG_20211119_105653-scaled-e1673525875753-300x150.jpg 300w, https:\/\/fjarno.org\/wp-content\/uploads\/2016\/02\/IMG_20211119_105653-scaled-e1673525875753-1024x511.jpg 1024w, https:\/\/fjarno.org\/wp-content\/uploads\/2016\/02\/IMG_20211119_105653-scaled-e1673525875753-768x383.jpg 768w, https:\/\/fjarno.org\/wp-content\/uploads\/2016\/02\/IMG_20211119_105653-scaled-e1673525875753-1536x766.jpg 1536w, https:\/\/fjarno.org\/wp-content\/uploads\/2016\/02\/IMG_20211119_105653-scaled-e1673525875753-2048x1021.jpg 2048w\" sizes=\"auto, (max-width: 511px) 100vw, 511px\" \/><\/a><a href=\"https:\/\/fjarno.org\/ca\/20210301_101537-1\/\"><img loading=\"lazy\" decoding=\"async\" class=\"alignnone wp-image-5736\" src=\"https:\/\/fjarno.org\/wp-content\/uploads\/2016\/02\/20210301_101537-1-scaled-e1673525915187.jpg\" alt=\"\" width=\"476\" height=\"253\" srcset=\"https:\/\/fjarno.org\/wp-content\/uploads\/2016\/02\/20210301_101537-1-scaled-e1673525915187.jpg 2380w, https:\/\/fjarno.org\/wp-content\/uploads\/2016\/02\/20210301_101537-1-scaled-e1673525915187-600x319.jpg 600w, https:\/\/fjarno.org\/wp-content\/uploads\/2016\/02\/20210301_101537-1-scaled-e1673525915187-300x160.jpg 300w, https:\/\/fjarno.org\/wp-content\/uploads\/2016\/02\/20210301_101537-1-scaled-e1673525915187-1024x545.jpg 1024w, https:\/\/fjarno.org\/wp-content\/uploads\/2016\/02\/20210301_101537-1-scaled-e1673525915187-768x409.jpg 768w, https:\/\/fjarno.org\/wp-content\/uploads\/2016\/02\/20210301_101537-1-scaled-e1673525915187-1536x818.jpg 1536w, https:\/\/fjarno.org\/wp-content\/uploads\/2016\/02\/20210301_101537-1-scaled-e1673525915187-2048x1090.jpg 2048w\" sizes=\"auto, (max-width: 476px) 100vw, 476px\" \/><\/a><\/p>\n<p><strong>Dia del Donant 2020<\/strong><\/p>\n<p><strong>IV MOSTRA DE CURTMETRATGES PER LA DONACI\u00d3<\/strong><\/p>\n<p><em><strong>No podem estar junts, per\u00f2 podem estar units.<\/strong><\/em><\/p>\n<p>Aquest \u00e9s el lema que ens va impulsar a organitzar un Dia del Donant \u00fanic, amb particularitats que en els \u00faltims mesos s&#8217;han tornat del m\u00e9s habituals.<br \/>\nHem de dir que la bona voluntat dels alumnes i l&#8217;empenta de l&#8217;Elena, la professora de CAS (creativitat, activitat i servei), van ser claus per posar en marxa el projecte.<\/p>\n<p>Saber que les xifres de donaci\u00f3 i trasplantament van caure estrepitosament a causa de la Covid-19 ens va recordar que calia, m\u00e9s que mai abans, fomentar la donaci\u00f3 d&#8217;\u00f2rgans, agrair la generositat dels donants i encoratjar els nostres professionals sanitaris. Aquesta va ser l&#8217;espurna que ens va motivar a preparar la celebraci\u00f3 malgrat les dificultats t\u00e8cniques. <\/p>\n<p>Vam decidir publicar els v\u00eddeos a les xarxes socials dies abans de l&#8217;esdeveniment i que fossin els mateixos creadors i creadores els que participessin de forma activa en fer difusi\u00f3 dels seus treballs. La incorporaci\u00f3 d&#8217;aquesta modalitat de \u201cvot popular\u201d, juntament amb un punt de sana competitivitat entre els grups de treball, va ser molt positiva i encoratjadora. <\/p>\n<p>Finalment, ens vam \u201creunir\u201d a trav\u00e9s de Zoom per celebrar junts el Dia del Donant, visualitzar junts tots els curtmetratges i anunciar el guanyador. Va ser un acte molt emotiu i entranyable. <\/p>\n<p><a href=\"https:\/\/fjarno.org\/ca\/dis-donant-a-zoom\/\"><img loading=\"lazy\" decoding=\"async\" class=\"alignnone wp-image-5731\" src=\"https:\/\/fjarno.org\/wp-content\/uploads\/2016\/02\/Dis-Donant-a-ZOOM.jpg\" alt=\"\" width=\"543\" height=\"311\" srcset=\"https:\/\/fjarno.org\/wp-content\/uploads\/2016\/02\/Dis-Donant-a-ZOOM.jpg 1413w, https:\/\/fjarno.org\/wp-content\/uploads\/2016\/02\/Dis-Donant-a-ZOOM-600x343.jpg 600w, https:\/\/fjarno.org\/wp-content\/uploads\/2016\/02\/Dis-Donant-a-ZOOM-300x172.jpg 300w, https:\/\/fjarno.org\/wp-content\/uploads\/2016\/02\/Dis-Donant-a-ZOOM-1024x586.jpg 1024w, https:\/\/fjarno.org\/wp-content\/uploads\/2016\/02\/Dis-Donant-a-ZOOM-768x439.jpg 768w\" sizes=\"auto, (max-width: 543px) 100vw, 543px\" \/><\/a> <a href=\"https:\/\/fjarno.org\/ca\/dia-donant-20\/\"><img loading=\"lazy\" decoding=\"async\" class=\"alignnone wp-image-5732\" src=\"https:\/\/fjarno.org\/wp-content\/uploads\/2016\/02\/Dia-Donant-20.png\" alt=\"\" width=\"370\" height=\"370\" srcset=\"https:\/\/fjarno.org\/wp-content\/uploads\/2016\/02\/Dia-Donant-20.png 1080w, https:\/\/fjarno.org\/wp-content\/uploads\/2016\/02\/Dia-Donant-20-300x300.png 300w, https:\/\/fjarno.org\/wp-content\/uploads\/2016\/02\/Dia-Donant-20-100x100.png 100w, https:\/\/fjarno.org\/wp-content\/uploads\/2016\/02\/Dia-Donant-20-600x600.png 600w, https:\/\/fjarno.org\/wp-content\/uploads\/2016\/02\/Dia-Donant-20-1024x1024.png 1024w, https:\/\/fjarno.org\/wp-content\/uploads\/2016\/02\/Dia-Donant-20-150x150.png 150w, https:\/\/fjarno.org\/wp-content\/uploads\/2016\/02\/Dia-Donant-20-768x768.png 768w\" sizes=\"auto, (max-width: 370px) 100vw, 370px\" \/><\/a><\/p>\n<p><strong>Dia Mundial del Rony\u00f3 2020<\/strong><\/p>\n<p><em>\u201cPrevenci\u00f3, Detecci\u00f3 i acc\u00e9s equitatiu a l&#8217;atenci\u00f3\u201d<\/em><\/p>\n<p>Aquest 2020 vam tenir el privilegi de celebrar el Dia Mundial del Rony\u00f3 a l&#8217;Escola Pr\u00e0ctiques II de Lleida. Com de costum, les activitats del taller de salut renal, van tenir molt bona acollida tant per part dels docents com dels alumnes. <\/p>\n<p>Amb els alumnes d&#8217;infantil vam realitzar una activitat molt visual per interioritzar h\u00e0bits saludables i vam llegir el conte de la Fundaci\u00f3 \u201cRoc i Ori van al metge\u201d, la hist\u00f2ria de dos bessons (els ronyons) que estan sans gr\u00e0cies als bons costums.<\/p>\n<p><a href=\"https:\/\/fjarno.org\/ca\/1-5\/\"><img loading=\"lazy\" decoding=\"async\" class=\"alignnone wp-image-5724\" src=\"https:\/\/fjarno.org\/wp-content\/uploads\/2016\/02\/1.png\" alt=\"\" width=\"444\" height=\"333\" srcset=\"https:\/\/fjarno.org\/wp-content\/uploads\/2016\/02\/1.png 1024w, https:\/\/fjarno.org\/wp-content\/uploads\/2016\/02\/1-600x450.png 600w, https:\/\/fjarno.org\/wp-content\/uploads\/2016\/02\/1-300x225.png 300w, https:\/\/fjarno.org\/wp-content\/uploads\/2016\/02\/1-768x576.png 768w\" sizes=\"auto, (max-width: 444px) 100vw, 444px\" \/><\/a> <a href=\"https:\/\/fjarno.org\/ca\/fitxa\/\"><img loading=\"lazy\" decoding=\"async\" class=\"alignnone wp-image-5725\" src=\"https:\/\/fjarno.org\/wp-content\/uploads\/2016\/02\/Fitxa.png\" alt=\"\" width=\"348\" height=\"332\" srcset=\"https:\/\/fjarno.org\/wp-content\/uploads\/2016\/02\/Fitxa.png 660w, https:\/\/fjarno.org\/wp-content\/uploads\/2016\/02\/Fitxa-600x574.png 600w, https:\/\/fjarno.org\/wp-content\/uploads\/2016\/02\/Fitxa-300x287.png 300w\" sizes=\"auto, (max-width: 348px) 100vw, 348px\" \/><\/a><\/p>\n<p>Sens dubte l&#8217;activitat que m\u00e9s agrada des de cicle inicial a superior \u00e9s la de pintar samarretes amb missatges sobre salut renal amb la informaci\u00f3 transmesa durant la sessi\u00f3 formativa. Quan les nenes i nens donen via lliure a la seva creativitat, es fan part\u00edcips i aprenen activament. <\/p>\n<p><a href=\"https:\/\/fjarno.org\/ca\/samarretes-2\/\"><img loading=\"lazy\" decoding=\"async\" class=\"alignnone wp-image-5726\" src=\"https:\/\/fjarno.org\/wp-content\/uploads\/2016\/02\/Samarretes-2.png\" alt=\"\" width=\"420\" height=\"261\" srcset=\"https:\/\/fjarno.org\/wp-content\/uploads\/2016\/02\/Samarretes-2.png 1367w, https:\/\/fjarno.org\/wp-content\/uploads\/2016\/02\/Samarretes-2-600x374.png 600w, https:\/\/fjarno.org\/wp-content\/uploads\/2016\/02\/Samarretes-2-300x187.png 300w, https:\/\/fjarno.org\/wp-content\/uploads\/2016\/02\/Samarretes-2-1024x637.png 1024w, https:\/\/fjarno.org\/wp-content\/uploads\/2016\/02\/Samarretes-2-768x478.png 768w\" sizes=\"auto, (max-width: 420px) 100vw, 420px\" \/><\/a> <a href=\"https:\/\/fjarno.org\/ca\/samarretes\/\"><img loading=\"lazy\" decoding=\"async\" class=\"alignnone wp-image-5727\" src=\"https:\/\/fjarno.org\/wp-content\/uploads\/2016\/02\/Samarretes.png\" alt=\"\" width=\"566\" height=\"214\" srcset=\"https:\/\/fjarno.org\/wp-content\/uploads\/2016\/02\/Samarretes.png 1596w, https:\/\/fjarno.org\/wp-content\/uploads\/2016\/02\/Samarretes-600x227.png 600w, https:\/\/fjarno.org\/wp-content\/uploads\/2016\/02\/Samarretes-300x113.png 300w, https:\/\/fjarno.org\/wp-content\/uploads\/2016\/02\/Samarretes-1024x387.png 1024w, https:\/\/fjarno.org\/wp-content\/uploads\/2016\/02\/Samarretes-768x290.png 768w, https:\/\/fjarno.org\/wp-content\/uploads\/2016\/02\/Samarretes-1536x580.png 1536w\" sizes=\"auto, (max-width: 566px) 100vw, 566px\" \/><\/a><\/p>\n<p>Tenir l&#8217;oportunitat de realitzar aquest taller a l&#8217;escola, ens dibuixa un somriure nost\u00e0lgic, perqu\u00e8 el vam gaudir, aliens a la colpidora realitat que se&#8217;ns venia a sobre.<\/p>\n<p>De fet, unes setmanes despr\u00e9s, estava prevista una exposici\u00f3 dels treballs realitzats per a les fam\u00edlies, per\u00f2 aquell inoblidable 12 de mar\u00e7, va ser l&#8217;\u00faltim dia d&#8217;escola abans de l&#8217;estat d&#8217;alarma. Us deixem una imatge de l&#8217;exposici\u00f3 facilitada per la directora del centre. <\/p>\n<p><a href=\"https:\/\/fjarno.org\/ca\/all-focus\/\"><img loading=\"lazy\" decoding=\"async\" class=\"wp-image-5728 size-full\" src=\"https:\/\/fjarno.org\/wp-content\/uploads\/2016\/02\/ExpoRony%C3%B3-1-scaled-e1673523759730.jpg\" alt=\"\" width=\"2560\" height=\"851\"><\/a><\/p>\n<h4>DIA NACIONAL DEL DONANT 2019<\/h4>\n<p>Un any m\u00e9s, amb motiu del Dia del Donant, organitzem la mostra de curtmetratges per fomentar la donaci\u00f3 d&#8217;\u00f2rgans a la nostra societat. Aquesta activitat est\u00e0 emmarcada dins del projecte Lleida per la Donaci\u00f3, que rep el suport de la Diputaci\u00f3 de Lleida. Els v\u00eddeos han estat realitzats pels alumnes voluntaris de quart d&#8217;ESO i primer de Batxillerat dels instituts Joan Or\u00f3, Samuel Gili i Gaya i Josep Lladonosa de Lleida, i van ser projectats a l&#8217;auditori de CaixaForum a Lleida el passat 5 de juny. L&#8217;objectiu de la mostra \u00e9s dual, d&#8217;una banda, traslladar el tema de la donaci\u00f3 i el trasplantament a un col\u00b7lectiu jove que generalment el desconeix, i de l&#8217;altra, sensibilitzar la poblaci\u00f3 a trav\u00e9s dels treballs realitzats i utilitzant tots els canals de comunicaci\u00f3 disponibles. Podeu veure els v\u00eddeos de la III Mostra de curtmetratges \u201cD\u00f3na a la teva pel\u00b7li un final alternatiu\u201d al nostre canal <a href=\"http:\/\/www.youtube.com\/channel\/UC9cXv7tMzC7EI0m77O_xiTw\">YouTube.<\/a>     <\/p>\n<p><span style=\"color: #3366ff;\"><a style=\"color: #3366ff;\" href=\"http:\/\/igualquejo.tv\/programes\/262-fundacio-renal-jaume-arno-i-tertulia-a-liei\/\">Veure V\u00eddeo de l&#8217;Acte <\/a><\/span><\/p>\n<p><img loading=\"lazy\" decoding=\"async\" class=\"alignnone wp-image-4867 \" src=\"https:\/\/fjarno.org\/wp-content\/uploads\/2016\/02\/20190605_111508-1-e1560771100941-290x290.jpg\" alt=\"\" width=\"250\" height=\"250\"> <img loading=\"lazy\" decoding=\"async\" class=\"alignnone wp-image-4866\" src=\"https:\/\/fjarno.org\/wp-content\/uploads\/2016\/02\/20190605_124004-290x290.jpg\" alt=\"\" width=\"252\" height=\"252\"> <img loading=\"lazy\" decoding=\"async\" class=\"alignnone wp-image-4865\" src=\"https:\/\/fjarno.org\/wp-content\/uploads\/2016\/02\/20190605_115020-290x290.jpg\" alt=\"\" width=\"250\" height=\"250\"> <img loading=\"lazy\" decoding=\"async\" class=\"alignnone size-thumbnail wp-image-4863\" src=\"https:\/\/fjarno.org\/wp-content\/uploads\/2016\/02\/Copia-de-curt-me-trat-ges-290x290.png\" alt=\"\" width=\"290\" height=\"290\"> <img loading=\"lazy\" decoding=\"async\" class=\"alignnone size-thumbnail wp-image-4862\" src=\"https:\/\/fjarno.org\/wp-content\/uploads\/2016\/02\/20190521_120948-290x290.jpg\" alt=\"\" width=\"290\" height=\"290\"><\/p>\n<p>&nbsp;<\/p>\n<p><strong>DIA MUNDIAL DEL RONY\u00d3 2019<\/strong><\/p>\n<p>Aquest any, la campanya del Dia Mundial del Rony\u00f3 t\u00e9 el lema \u201cSalut per a tots a tot arreu\u201d. Aquest reclam vessa de significat amb les recents not\u00edcies que ens arriben de Vene\u00e7uela, on 15 persones en di\u00e0lisi van morir a conseq\u00fc\u00e8ncia de l&#8217;apagada, i moltes altres no poden accedir al trasplantament o no poden pagar els immunosupressors per mantenir fora de perill l&#8217;\u00f2rgan trasplantat. Malauradament, aquest no \u00e9s un fet a\u00efllat, que passi \u00fanicament a Vene\u00e7uela. Segons l&#8217;OMS, almenys la meitat de la poblaci\u00f3 mundial est\u00e0 privada de serveis de salut essencials. Encara que des de la nostra fundaci\u00f3 poc podem fer per millorar aquesta realitat, s\u00ed que podem advocar per la Salut Renal per a Tothom, en l&#8217;\u00e0mbit local. \u00c9s per aix\u00f2 que col\u00b7laborem amb una escola p\u00fablica de prim\u00e0ria cada any, ajudant a implementar, des de la inf\u00e0ncia, h\u00e0bits de vida saludables i donant a con\u00e8ixer la import\u00e0ncia dels ronyons en el nostre organisme, a trav\u00e9s d&#8217;activitats i tallers did\u00e0ctics.     <\/p>\n<p><img loading=\"lazy\" decoding=\"async\" class=\"alignnone size-thumbnail wp-image-4673\" src=\"https:\/\/fjarno.org\/wp-content\/uploads\/2019\/03\/20190307_094708-290x290.jpg\" alt=\"20190307_094708\" width=\"290\" height=\"290\"> <img loading=\"lazy\" decoding=\"async\" class=\"alignnone size-thumbnail wp-image-4671\" src=\"https:\/\/fjarno.org\/wp-content\/uploads\/2019\/03\/20190307_094120-1-290x290.jpg\" alt=\"20190307_094120\" width=\"290\" height=\"290\"> <img loading=\"lazy\" decoding=\"async\" class=\"alignnone size-thumbnail wp-image-4658\" src=\"https:\/\/fjarno.org\/wp-content\/uploads\/2019\/03\/20190306_094015-290x290.jpg\" alt=\"20190306_094015\" width=\"290\" height=\"290\"> <img loading=\"lazy\" decoding=\"async\" class=\"alignnone size-thumbnail wp-image-4662\" src=\"https:\/\/fjarno.org\/wp-content\/uploads\/2019\/03\/20190306_100249-290x290.jpg\" alt=\"20190306_100249\" width=\"290\" height=\"290\"> <img loading=\"lazy\" decoding=\"async\" class=\"alignnone size-thumbnail wp-image-4663\" src=\"https:\/\/fjarno.org\/wp-content\/uploads\/2019\/03\/20190306_100342-290x290.jpg\" alt=\"20190306_100342\" width=\"290\" height=\"290\"> <img loading=\"lazy\" decoding=\"async\" class=\"alignnone size-thumbnail wp-image-4642\" src=\"https:\/\/fjarno.org\/wp-content\/uploads\/2019\/03\/IMG-5899-290x290.jpg\" alt=\"IMG-5899\" width=\"290\" height=\"290\"> <img loading=\"lazy\" decoding=\"async\" class=\"alignnone size-thumbnail wp-image-4649\" src=\"https:\/\/fjarno.org\/wp-content\/uploads\/2019\/03\/20190306_092350-290x290.jpg\" alt=\"20190306_092350\" width=\"290\" height=\"290\"> <img loading=\"lazy\" decoding=\"async\" class=\"alignnone size-thumbnail wp-image-4655\" src=\"https:\/\/fjarno.org\/wp-content\/uploads\/2019\/03\/20190306_093721-1-290x290.jpg\" alt=\"20190306_093721\" width=\"290\" height=\"290\"> <img loading=\"lazy\" decoding=\"async\" class=\"alignnone size-thumbnail wp-image-4656\" src=\"https:\/\/fjarno.org\/wp-content\/uploads\/2019\/03\/20190306_093738-290x290.jpg\" alt=\"20190306_093738\" width=\"290\" height=\"290\"> <img loading=\"lazy\" decoding=\"async\" class=\"alignnone size-thumbnail wp-image-4631\" src=\"https:\/\/fjarno.org\/wp-content\/uploads\/2019\/03\/20190307_100323-290x290.jpg\" alt=\"20190307_100323\" width=\"290\" height=\"290\"> <img loading=\"lazy\" decoding=\"async\" class=\"alignnone size-thumbnail wp-image-4632\" src=\"https:\/\/fjarno.org\/wp-content\/uploads\/2019\/03\/20190307_104712-290x290.jpg\" alt=\"20190307_104712\" width=\"290\" height=\"290\"> <img loading=\"lazy\" decoding=\"async\" class=\"alignnone size-thumbnail wp-image-4636\" src=\"https:\/\/fjarno.org\/wp-content\/uploads\/2019\/03\/20190307_161826-290x290.jpg\" alt=\"20190307_161826\" width=\"290\" height=\"290\"> <img loading=\"lazy\" decoding=\"async\" class=\"alignnone size-thumbnail wp-image-4637\" src=\"https:\/\/fjarno.org\/wp-content\/uploads\/2019\/03\/20190307_162541-290x290.jpg\" alt=\"20190307_162541\" width=\"290\" height=\"290\"> <img loading=\"lazy\" decoding=\"async\" class=\"alignnone size-thumbnail wp-image-4638\" src=\"https:\/\/fjarno.org\/wp-content\/uploads\/2019\/03\/image00005-290x290.jpeg\" alt=\"image00005\" width=\"290\" height=\"290\"> <img loading=\"lazy\" decoding=\"async\" class=\"alignnone size-thumbnail wp-image-4639\" src=\"https:\/\/fjarno.org\/wp-content\/uploads\/2019\/03\/image00007-290x290.jpeg\" alt=\"image00007\" width=\"290\" height=\"290\"> <img loading=\"lazy\" decoding=\"async\" class=\"alignnone size-thumbnail wp-image-4640\" src=\"https:\/\/fjarno.org\/wp-content\/uploads\/2019\/03\/image00010-e1552653187440-290x290.jpeg\" alt=\"image00010\" width=\"290\" height=\"290\"><\/p>\n<p>Una altra de les activitats que duu a terme la Fundaci\u00f3 per commemorar el Dia del Rony\u00f3, \u00e9s acompanyar els pacients en hemodi\u00e0lisi amb m\u00fasica en directe. Aquest cop hem comptat amb la col\u00b7laboraci\u00f3 dels voluntaris de l&#8217;orquestra de l&#8217;Institut Gili i Gaya. Moltes gr\u00e0cies per transmetre els vostres valors nota per nota.  <\/p>\n<p><img loading=\"lazy\" decoding=\"async\" class=\"alignnone wp-image-4676\" src=\"https:\/\/fjarno.org\/wp-content\/uploads\/2019\/03\/PHOTO-2019-03-02-12-01-27-290x290.jpg\" alt=\"PHOTO-2019-03-02-12-01-27\" width=\"267\" height=\"267\"> <img loading=\"lazy\" decoding=\"async\" class=\"alignnone wp-image-4675\" src=\"https:\/\/fjarno.org\/wp-content\/uploads\/2019\/03\/PHOTO-2019-03-02-11-58-34-290x290.jpg\" alt=\"PHOTO-2019-03-02-11-58-34\" width=\"265\" height=\"265\"> <img loading=\"lazy\" decoding=\"async\" class=\"alignnone wp-image-4674\" src=\"https:\/\/fjarno.org\/wp-content\/uploads\/2019\/03\/PHOTO-2019-03-02-11-58-34-1-290x290.jpg\" alt=\"PHOTO-2019-03-02-11-58-34 (1)\" width=\"264\" height=\"264\"><\/p>\n<h4>CAMPANYA 2018 SOBRE DONACI\u00d3 D&#8217;\u00d2RGANS A LES XARXES SOCIALS<\/h4>\n<p><img loading=\"lazy\" decoding=\"async\" class=\"alignnone wp-image-4422\" src=\"https:\/\/fjarno.org\/wp-content\/uploads\/2016\/02\/si-pogu%C3%A9ssguim.png\" alt=\"si pogu\u00e9ssim\" width=\"386\" height=\"324\"><\/p>\n<p><img loading=\"lazy\" decoding=\"async\" class=\"alignnone wp-image-4565\" src=\"https:\/\/fjarno.org\/wp-content\/uploads\/2016\/02\/Donar-%C3%A9s.png\" alt=\"Donar \u00e9s\" width=\"378\" height=\"317\"> <img loading=\"lazy\" decoding=\"async\" class=\"alignnone wp-image-4564\" src=\"https:\/\/fjarno.org\/wp-content\/uploads\/2016\/02\/Transformar-CAST.png\" alt=\"Transformar\" width=\"379\" height=\"317\" srcset=\"https:\/\/fjarno.org\/wp-content\/uploads\/2016\/02\/Transformar-CAST.png 940w, https:\/\/fjarno.org\/wp-content\/uploads\/2016\/02\/Transformar-CAST-600x503.png 600w, https:\/\/fjarno.org\/wp-content\/uploads\/2016\/02\/Transformar-CAST-300x251.png 300w, https:\/\/fjarno.org\/wp-content\/uploads\/2016\/02\/Transformar-CAST-768x644.png 768w\" sizes=\"auto, (max-width: 379px) 100vw, 379px\" \/> <img loading=\"lazy\" decoding=\"async\" class=\"alignnone wp-image-4563\" src=\"https:\/\/fjarno.org\/wp-content\/uploads\/2016\/02\/Ho-millorem.png\" alt=\"Ho millorem\" width=\"378\" height=\"317\" srcset=\"https:\/\/fjarno.org\/wp-content\/uploads\/2016\/02\/Ho-millorem.png 940w, https:\/\/fjarno.org\/wp-content\/uploads\/2016\/02\/Ho-millorem-600x503.png 600w, https:\/\/fjarno.org\/wp-content\/uploads\/2016\/02\/Ho-millorem-300x251.png 300w, https:\/\/fjarno.org\/wp-content\/uploads\/2016\/02\/Ho-millorem-768x644.png 768w\" sizes=\"auto, (max-width: 378px) 100vw, 378px\" \/> <img loading=\"lazy\" decoding=\"async\" class=\"alignnone wp-image-4562\" src=\"https:\/\/fjarno.org\/wp-content\/uploads\/2016\/02\/Hazme-un-regalo-que-no-pueda-olvidaruno-que-solo-no-pueda-adquirir.%C3%89se-que-nunca-podr%C3%ADa-pagar...Tan-valioso-fragmento-de-t%C3%AD.png\" alt=\"Fes-me un regal que no pugui oblidar, un que sol, no pugui adquirir. Aquell que mai podria pagar... Tan valu\u00f3s fragment de tu!\" width=\"375\" height=\"375\"><\/p>\n<h3>DIA NACIONAL DEL DONANT 2018<\/h3>\n<p>El primer dimecres del mes de juny \u00e9s el Dia Nacional del Donant. Dia de reflexions, de celebrar la generositat dels Donants i les seves fam\u00edlies i de conscienciar sobre aquesta necessitat social que dep\u00e8n de la solidaritat de tots. Amb aquest objectiu en ment, la Fundaci\u00f3 Renal Jaume Arn\u00f3, en el marc del projecte Lleida per la Donaci\u00f3, va organitzar la 2a Mostra de curtmetratges per la Donaci\u00f3 d&#8217;\u00f2rgans a l&#8217;auditori de CaixaForum.  <\/p>\n<p>21 alumnes de primer de Batxillerat Internacional de l&#8217;IES Josep Lladonosa van participar com a voluntaris en la creaci\u00f3 i edici\u00f3 de tres v\u00eddeos dirigits a sensibilitzar, informar i fomentar la Donaci\u00f3 d&#8217;\u00f2rgans. El seu treball va ser supervisat per la professora de Creativitat, Aprenentatge i Servei, Dolors Jov\u00e9, qui descriu l&#8217;experi\u00e8ncia com molt enriquidora, ja que la implicaci\u00f3 dels estudiants en aquest projecte no nom\u00e9s aconsegueix que assoleixin compet\u00e8ncies com el treball en equip i la comunicaci\u00f3, sin\u00f3 tamb\u00e9 que s&#8217;apropin a una realitat que desconeixien. <\/p>\n<p>Va ser un acte molt emotiu presentat per Josep Maria Guti\u00e9rrez Vilaplana, patr\u00f3 de la Fundaci\u00f3 i professor del Grau d&#8217;Infermeria de la UdL. Entre els assistents, professionals sociosanitaris, familiars de Donants, pacients en llista d&#8217;espera, persones trasplantades, estudiants i docents ens recorden, que com deia l&#8217;esl\u00f2gan d&#8217;un dels v\u00eddeos, \u201cLa Donaci\u00f3 \u00e9s cosa de tots\u201d. <\/p>\n<p><img loading=\"lazy\" decoding=\"async\" class=\"alignnone wp-image-4398\" src=\"https:\/\/fjarno.org\/wp-content\/uploads\/2018\/06\/ANA4169.jpg\" alt=\"_ANA4169\" width=\"657\" height=\"438\"><\/p>\n<p>First person Donor <span style=\"color: #3366ff;\"><a style=\"color: #3366ff;\" href=\"https:\/\/www.youtube.com\/watch?v=KUddHmhdhlA\">Veure v\u00eddeo<\/a><\/span><\/p>\n<p>No hi ha res m\u00e9s fort que el cor d&#8217;un donant <span style=\"color: #3366ff;\"><a style=\"color: #3366ff;\" href=\"https:\/\/www.youtube.com\/watch?v=erW4zALJJU4\">Veure v\u00eddeo<\/a><\/span><\/p>\n<p>Reescrivim hist\u00f2ries <span style=\"color: #3366ff;\"><a style=\"color: #3366ff;\" href=\"https:\/\/www.youtube.com\/watch?v=qC-m39-Jrio\">Veure v\u00eddeo<\/a><\/span><\/p>\n<h3>DIA MUNDIAL DEL RONY\u00d3 2018<img loading=\"lazy\" decoding=\"async\" class=\"size-thumbnail wp-image-4254 alignright\" src=\"https:\/\/fjarno.org\/wp-content\/uploads\/2016\/02\/Dia-Mundial-del-Rony%C3%B3-290x290.jpg\" alt=\"Dia Mundial del Rony\u00f3\" width=\"290\" height=\"290\"><\/h3>\n<h4>La Fundaci\u00f3 Jaume Arn\u00f3 organitza La Setmana del Rony\u00f3 a l&#8217;Escola Joan Maragall<\/h4>\n<p>Aquest any des de la Fundaci\u00f3 Jaume Arn\u00f3 ens proposem refor\u00e7ar la pres\u00e8ncia dels nostres objectius de millora social a l&#8217;\u00e0mbit de l&#8217;ensenyament. \u00c9s molt necessari educar en salut renal, prevenci\u00f3 i donaci\u00f3 d&#8217;\u00f2rgans. Per aquesta ra\u00f3, darrerament la Fundaci\u00f3 est\u00e0 obrint alguns dels seus projectes a centres d&#8217;educaci\u00f3 prim\u00e0ria i secund\u00e0ria, amb resultats molt positius.  <\/p>\n<p>Amb motiu del Dia Mundial del Rony\u00f3, campanya l&#8217;objectiu de la qual \u00e9s crear consci\u00e8ncia sobre la import\u00e0ncia dels ronyons i posar de relleu la urg\u00e8ncia d&#8217;assolir h\u00e0bits saludables, hem treballat conjuntament amb l&#8217;Escola Joan Maragall de Lleida, que aposta per l&#8217;aprenentatge significatiu, \u00fatil i cooperatiu.<\/p>\n<p>Hem visitat l&#8217;escola durant tota una setmana i hem treballat per cicles amb l&#8217;objectiu de transmetre la import\u00e0ncia dels ronyons al nostre cos, i de la prevenci\u00f3. A cicle superior hem vist el v\u00eddeo creat per la nostra Fundaci\u00f3, <em>l&#8217;Aigua \u00e9s vida <\/em>(De Genaro Massot), que mostra la realitat de la malaltia i la import\u00e0ncia de la donaci\u00f3 d&#8217;\u00f2rgans. A cicle inicial i mitj\u00e0 hem realitzat un experiment per visualitzar la funci\u00f3 de filtre que t\u00e9 el rony\u00f3. I a cicle infantil hem presentat al <em>Senyor Ronyonet<\/em>, (rony\u00f3 de peluix fet artesanalment a la Fundaci\u00f3 per la Cristina Pu\u00f1et) que els alumnes han acollit per tenir-ne cura amb els h\u00e0bits treballats amb el conte : <em>El Roc i L&#8217;Ori van al metge. <\/em>(Escrit i dissenyat a la Fundaci\u00f3 per Raquel Maya i Esther J\u00edmenez)   <\/p>\n<p>Un aspecte molt positiu del taller ha estat l&#8217;alt nivell d&#8217;implicaci\u00f3 de l&#8217;equip docent i directiu del centre, i l&#8217;entusiasme dels escolars, que han estat molt participatius. Sens dubte, l&#8217;activitat que m\u00e9s ha agradat a tots ha estat poder dissenyar cadasc\u00fa la seva samarreta amb dibuixos i esl\u00f2gans sobre la salut dels nostres ronyons. <\/p>\n<p>Com a cloenda del projecte i per commemorar el Dia Mundial del Rony\u00f3, els alumnes van realitzar manualitats que van ser exposades a la sala del Hall de l&#8217;Hospital Universitari Arnau de Vilanova durant la setmana del 5 al 9 de mar\u00e7, i posteriorment a la mateixa escola.<\/p>\n<p>Al marge d&#8217;aquestes activitats i com a part de la celebraci\u00f3 del Dia Mundial Del Rony\u00f3, la Fundaci\u00f3 Renal Jaume Arn\u00f3 va dur m\u00fasica en directe a les sales de Di\u00e0lisi de l&#8217;Hospital Arnau de Vilanova i Sistemes Renals, perqu\u00e8 sens dubte, els pacients s\u00f3n els protagonistes de la jornada.<\/p>\n<h6> Celebrem el Dia Mundial del Rony\u00f3 a ritme de Saxo<\/h6>\n<p><img loading=\"lazy\" decoding=\"async\" class=\"alignnone size-thumbnail wp-image-4275\" src=\"https:\/\/fjarno.org\/wp-content\/uploads\/2016\/02\/DSC_0366-290x290.jpg\" alt=\"DSC_0366\" width=\"290\" height=\"290\"><\/p>\n<h6>Activitats de la setmana del Rony\u00f3 a l&#8217;Escola Joan Maragall<\/h6>\n<p><img loading=\"lazy\" decoding=\"async\" class=\"alignnone size-thumbnail wp-image-4263\" src=\"https:\/\/fjarno.org\/wp-content\/uploads\/2016\/02\/DSC_0267-290x290.jpg\" alt=\"DSC_0267\" width=\"290\" height=\"290\"> <img loading=\"lazy\" decoding=\"async\" class=\"alignnone size-thumbnail wp-image-4262\" src=\"https:\/\/fjarno.org\/wp-content\/uploads\/2016\/02\/DSC_0266-290x290.jpg\" alt=\"DSC_0266\" width=\"290\" height=\"290\"> <img loading=\"lazy\" decoding=\"async\" class=\"alignnone size-thumbnail wp-image-4261\" src=\"https:\/\/fjarno.org\/wp-content\/uploads\/2016\/02\/DSC_0262-290x290.jpg\" alt=\"DSC_0262\" width=\"290\" height=\"290\"> <img loading=\"lazy\" decoding=\"async\" class=\"alignnone size-thumbnail wp-image-4260\" src=\"https:\/\/fjarno.org\/wp-content\/uploads\/2016\/02\/DSC_0258-290x290.jpg\" alt=\"DSC_0258\" width=\"290\" height=\"290\"> <img loading=\"lazy\" decoding=\"async\" class=\"alignnone size-thumbnail wp-image-4258\" src=\"https:\/\/fjarno.org\/wp-content\/uploads\/2016\/02\/27657570_1972570926289028_8664095993917339932_n-290x290.jpg\" alt=\"27657570_1972570926289028_8664095993917339932_n\" width=\"290\" height=\"290\"> <img loading=\"lazy\" decoding=\"async\" class=\"alignnone size-thumbnail wp-image-4259\" src=\"https:\/\/fjarno.org\/wp-content\/uploads\/2016\/02\/27857900_1972920886254032_7351381227632717543_n-290x290.jpg\" alt=\"27857900_1972920886254032_7351381227632717543_n\" width=\"290\" height=\"290\"><\/p>\n<h6>Conte, Cartell i Exposici\u00f3 dels alumnes<\/h6>\n<p><img loading=\"lazy\" decoding=\"async\" class=\"alignnone size-thumbnail wp-image-4257\" src=\"https:\/\/fjarno.org\/wp-content\/uploads\/2016\/02\/Coneix-la-nostra-Fundaci%C3%B3-copia-1024x775-290x290.jpg\" alt=\"Coneix la nostra Fundaci\u00f3 - copia (1024x775)\" width=\"290\" height=\"290\"> <img loading=\"lazy\" decoding=\"async\" class=\"alignnone size-thumbnail wp-image-4256\" src=\"https:\/\/fjarno.org\/wp-content\/uploads\/2016\/02\/Cartell-Expo-2-1-290x290.png\" alt=\"Cartell Expo 2 (1)\" width=\"290\" height=\"290\"> <img loading=\"lazy\" decoding=\"async\" class=\"alignnone size-thumbnail wp-image-4255\" src=\"https:\/\/fjarno.org\/wp-content\/uploads\/2016\/02\/20180209_150713-290x290.jpg\" alt=\"_20180209_150713\" width=\"290\" height=\"290\"> <img loading=\"lazy\" decoding=\"async\" class=\"alignnone size-thumbnail wp-image-4267\" src=\"https:\/\/fjarno.org\/wp-content\/uploads\/2016\/02\/DSC_0330-290x290.jpg\" alt=\"DSC_0330\" width=\"290\" height=\"290\"> <img loading=\"lazy\" decoding=\"async\" class=\"alignnone size-thumbnail wp-image-4272\" src=\"https:\/\/fjarno.org\/wp-content\/uploads\/2016\/02\/DSC_0336-290x290.jpg\" alt=\"DSC_0336\" width=\"290\" height=\"290\"> <img loading=\"lazy\" decoding=\"async\" class=\"alignnone size-thumbnail wp-image-4265\" src=\"https:\/\/fjarno.org\/wp-content\/uploads\/2016\/02\/DSC_0328-290x290.jpg\" alt=\"DSC_0328\" width=\"290\" height=\"290\"> <img loading=\"lazy\" decoding=\"async\" class=\"alignnone size-thumbnail wp-image-4266\" src=\"https:\/\/fjarno.org\/wp-content\/uploads\/2016\/02\/DSC_0329-290x290.jpg\" alt=\"DSC_0329\" width=\"290\" height=\"290\"> <img loading=\"lazy\" decoding=\"async\" class=\"alignnone size-thumbnail wp-image-4268\" src=\"https:\/\/fjarno.org\/wp-content\/uploads\/2016\/02\/DSC_0331-290x290.jpg\" alt=\"DSC_0331\" width=\"290\" height=\"290\"><\/p>\n<h3>DIA DEL DONANT 2017<\/h3>\n<p>Aquest any amb motiu del Dia del Donant preparem una mostra de curts sobre Donaci\u00f3 d&#8217;\u00f2rgans amb la col\u00b7laboraci\u00f3 dels alumnes voluntaris de primer de Batxillerat Internacional de l&#8217;Institut Josep Lladonosa de Lleida. Ha estat un acte molt emotiu ja que els joves han expressat que participar en el projecte ha estat una experi\u00e8ncia molt enriquidora i han apr\u00e8s molt. <\/p>\n<p>En un dels v\u00eddeos han participat quatre pacients renals en llista d&#8217;espera per a trasplantament per sensibilitzar i conscienciar sobre la gran necessitat d&#8217;augmentar el nombre de donants. L&#8217;altre v\u00eddeo mostra la cara m\u00e9s amable de la Donaci\u00f3 fent \u00e8mfasi en el fet que aquest gest tan altruista salva vides i omple d&#8217;esperan\u00e7a. <\/p>\n<p>La bona acollida que ha tingut aquest projecte entre els m\u00e9s joves ha contribu\u00eft a que l&#8217;any vinent extenguem la proposta a altres instituts de secund\u00e0ria i m\u00e9s alumnes tinguin l&#8217;oportunitat de participar-hi donant a <em>Lleida per la Donaci\u00f3 <\/em>un caire educatiu.<\/p>\n<p><a href=\"https:\/\/fjarno.org\/ca\/gmf_3101\/\"><img loading=\"lazy\" decoding=\"async\" class=\"alignnone size-medium wp-image-3994\" src=\"https:\/\/fjarno.org\/wp-content\/uploads\/2016\/02\/GMF_3101-200x300.jpg\" alt=\"GMF_3101\" width=\"200\" height=\"300\"><\/a> <a href=\"https:\/\/fjarno.org\/ca\/gmf_3143\/\"><img loading=\"lazy\" decoding=\"async\" class=\"alignnone size-medium wp-image-3995\" src=\"https:\/\/fjarno.org\/wp-content\/uploads\/2016\/02\/GMF_3143-300x200.jpg\" alt=\"GMF_3143\" width=\"300\" height=\"200\"><\/a> <a href=\"https:\/\/fjarno.org\/ca\/gmf_3207\/\"><img loading=\"lazy\" decoding=\"async\" class=\"alignnone size-medium wp-image-3996\" src=\"https:\/\/fjarno.org\/wp-content\/uploads\/2016\/02\/GMF_3207-300x200.jpg\" alt=\"GMF_3207\" width=\"300\" height=\"200\"><\/a><\/p>\n<p>V\u00eddeo Experiment Social <a href=\"https:\/\/youtu.be\/v4UUe2QXb6k\">Veure v\u00eddeo<\/a><\/p>\n<p>V\u00eddeo Meravell\u00f3s Regal<a href=\"https:\/\/youtu.be\/Fh-ZBNo3CrE\"> Veure v\u00eddeo<\/a><\/p>\n<h4>Campanya 2017 a les xarxes sobre Donaci\u00f3 d&#8217;\u00f2rgans<\/h4>\n<p><img loading=\"lazy\" decoding=\"async\" class=\"alignnone wp-image-4280\" src=\"https:\/\/fjarno.org\/wp-content\/uploads\/2016\/02\/LL-x-D-2-1.png\" alt=\"LL x D 2\" width=\"241\" height=\"362\" srcset=\"https:\/\/fjarno.org\/wp-content\/uploads\/2016\/02\/LL-x-D-2-1.png 735w, https:\/\/fjarno.org\/wp-content\/uploads\/2016\/02\/LL-x-D-2-1-600x900.png 600w, https:\/\/fjarno.org\/wp-content\/uploads\/2016\/02\/LL-x-D-2-1-200x300.png 200w, https:\/\/fjarno.org\/wp-content\/uploads\/2016\/02\/LL-x-D-2-1-683x1024.png 683w\" sizes=\"auto, (max-width: 241px) 100vw, 241px\" \/><img loading=\"lazy\" decoding=\"async\" class=\"alignnone wp-image-4279\" src=\"https:\/\/fjarno.org\/wp-content\/uploads\/2016\/02\/Post-donaci%C3%B3-Cat.png\" alt=\"Post donaci\u00f3 Cat\" width=\"424\" height=\"354\"> <img loading=\"lazy\" decoding=\"async\" class=\"alignnone wp-image-4278\" src=\"https:\/\/fjarno.org\/wp-content\/uploads\/2016\/02\/LL-x-D.png\" alt=\"LL x D\" width=\"279\" height=\"418\" srcset=\"https:\/\/fjarno.org\/wp-content\/uploads\/2016\/02\/LL-x-D.png 735w, https:\/\/fjarno.org\/wp-content\/uploads\/2016\/02\/LL-x-D-600x900.png 600w, https:\/\/fjarno.org\/wp-content\/uploads\/2016\/02\/LL-x-D-200x300.png 200w, https:\/\/fjarno.org\/wp-content\/uploads\/2016\/02\/LL-x-D-683x1024.png 683w\" sizes=\"auto, (max-width: 279px) 100vw, 279px\" \/> <img loading=\"lazy\" decoding=\"async\" class=\"alignnone wp-image-4277\" src=\"https:\/\/fjarno.org\/wp-content\/uploads\/2016\/02\/LL-x-D-Hemodi%C3%A0lisi.png\" alt=\"LL x D Hemodi\u00e0lisi\" width=\"278\" height=\"417\"><\/p>\n<h4>9 de Mar\u00e7 de 2017 Dia Mundial del Rony\u00f3<\/h4>\n<p>Amb motiu del dia mundial del Rony\u00f3, la Fundaci\u00f3 Jaume Arn\u00f3, sempre compromesa amb la salut renal i la donaci\u00f3 d&#8217;\u00f2rgans, va organitzar una activitat cultural pels pacients en hemodi\u00e0lisi de Sistemes Renals i Hospital Arnau de Vilanova. Vam comptar amb la col\u00b7laboraci\u00f3 de joves voluntaris de l&#8217;IES Josep Lladonosa que van llegir relats curts per reflexionar i voluntaris del Conservatori que van omplir la sala amb m\u00fasica en directe de viol\u00ed i violoncel. Tant pacients com professionals van valorar molt positivament aquesta iniciativa. Com va dir el Dan, un dels voluntaris del Conservatori, \u201cAvui, tots hem apr\u00e8s alguna cosa\u201d, i \u00e9s que per a ells tamb\u00e9 va ser una experi\u00e8ncia for\u00e7a enriquidora con\u00e8ixer m\u00e9s de prop el dia a dia dels pacients renals i poder aportar el seu granet de sorra.   <\/p>\n<p><a href=\"https:\/\/fjarno.org\/ca\/dsc_1435\/\"><img loading=\"lazy\" decoding=\"async\" class=\"alignnone size-medium wp-image-3899\" src=\"https:\/\/fjarno.org\/wp-content\/uploads\/2016\/02\/DSC_1435-300x169.jpg\" alt=\"DSC_1435\" width=\"300\" height=\"169\"><\/a> <a href=\"https:\/\/fjarno.org\/ca\/dsc_1452\/\"><img loading=\"lazy\" decoding=\"async\" class=\"alignnone size-medium wp-image-3900\" src=\"https:\/\/fjarno.org\/wp-content\/uploads\/2016\/02\/DSC_1452-300x169.jpg\" alt=\"DSC_1452\" width=\"300\" height=\"169\"><\/a> <a href=\"https:\/\/fjarno.org\/ca\/dsc_1463\/\"><img loading=\"lazy\" decoding=\"async\" class=\"alignnone size-medium wp-image-3901\" src=\"https:\/\/fjarno.org\/wp-content\/uploads\/2016\/02\/DSC_1463-300x169.jpg\" alt=\"DSC_1463\" width=\"300\" height=\"169\"><\/a> <a href=\"https:\/\/fjarno.org\/ca\/dsc_1465\/\"><img loading=\"lazy\" decoding=\"async\" class=\"alignnone size-medium wp-image-3902\" src=\"https:\/\/fjarno.org\/wp-content\/uploads\/2016\/02\/DSC_1465-300x169.jpg\" alt=\"DSC_1465\" width=\"300\" height=\"169\"><\/a><\/p>\n<p class=\"responsive-video-wrap clr\"><iframe loading=\"lazy\" title=\"Dia de Rony\u00f3 2017\" width=\"1200\" height=\"675\" src=\"https:\/\/www.youtube.com\/embed\/-ITfYvlBGkU?feature=oembed\" frameborder=\"0\" allow=\"accelerometer; autoplay; clipboard-write; encrypted-media; gyroscope; picture-in-picture; web-share\" referrerpolicy=\"strict-origin-when-cross-origin\" allowfullscreen><\/iframe><\/p>\n<h3>2016 UN ANY PLE D&#8217;ACTIVITATS<\/h3>\n<p>Comencem 2016 amb el Projecte Lleida per la Donaci\u00f3 amb el lema <strong><em>FES-TE DONANT D\u00d3NA<\/em><\/strong> <strong><em>VIDA<\/em><\/strong> , i amb la motivaci\u00f3 de sensibilitzar la poblaci\u00f3 sobre la import\u00e0ncia de la donaci\u00f3 d&#8217;\u00f2rgans.<\/p>\n<p><a href=\"https:\/\/fjarno.org\/ca\/09e2b1a6765dab74e5e435b83c36e9b9-2\/\"><img loading=\"lazy\" decoding=\"async\" class=\"alignnone size-medium wp-image-1636\" src=\"https:\/\/fjarno.org\/wp-content\/uploads\/2015\/06\/09e2b1a6765dab74e5e435b83c36e9b9-300x225.jpg\" alt=\"09e2b1a6765dab74e5e435b83c36e9b9\" width=\"300\" height=\"225\" srcset=\"https:\/\/fjarno.org\/wp-content\/uploads\/2015\/06\/09e2b1a6765dab74e5e435b83c36e9b9-300x225.jpg 300w, https:\/\/fjarno.org\/wp-content\/uploads\/2015\/06\/09e2b1a6765dab74e5e435b83c36e9b9-600x450.jpg 600w, https:\/\/fjarno.org\/wp-content\/uploads\/2015\/06\/09e2b1a6765dab74e5e435b83c36e9b9-1024x768.jpg 1024w, https:\/\/fjarno.org\/wp-content\/uploads\/2015\/06\/09e2b1a6765dab74e5e435b83c36e9b9-768x576.jpg 768w, https:\/\/fjarno.org\/wp-content\/uploads\/2015\/06\/09e2b1a6765dab74e5e435b83c36e9b9-1536x1152.jpg 1536w, https:\/\/fjarno.org\/wp-content\/uploads\/2015\/06\/09e2b1a6765dab74e5e435b83c36e9b9.jpg 1600w\" sizes=\"auto, (max-width: 300px) 100vw, 300px\" \/><\/a> <a href=\"https:\/\/fjarno.org\/ca\/coco-chanel\/image001-2-2\/\"><img loading=\"lazy\" decoding=\"async\" class=\"alignnone wp-image-1633\" src=\"https:\/\/fjarno.org\/wp-content\/uploads\/2015\/07\/image001-2-212x300.jpg\" alt=\"image001 (2)\" width=\"158\" height=\"224\" srcset=\"https:\/\/fjarno.org\/wp-content\/uploads\/2015\/07\/image001-2-212x300.jpg 212w, https:\/\/fjarno.org\/wp-content\/uploads\/2015\/07\/image001-2-600x848.jpg 600w, https:\/\/fjarno.org\/wp-content\/uploads\/2015\/07\/image001-2.jpg 641w\" sizes=\"auto, (max-width: 158px) 100vw, 158px\" \/><\/a><\/p>\n<h6>Presentaci\u00f3 p\u00fablica del Projecte a la Diputaci\u00f3 de Lleida Febrer 2016<\/h6>\n<p>A principis d&#8217;any comptem amb la col\u00b7laboraci\u00f3 de voluntaris de l&#8217;IES Josep Lladonosa, dinamitzadors de Barri i associacions de comerciants per crear una xarxa d&#8217;establiments solidaris que acosti la informaci\u00f3 a la gent en un context quotidi\u00e0.<\/p>\n<p><a href=\"https:\/\/fjarno.org\/ca\/foto-1\/\"><img loading=\"lazy\" decoding=\"async\" class=\"alignnone wp-image-3717\" src=\"https:\/\/fjarno.org\/wp-content\/uploads\/2016\/02\/foto-1-300x300.jpg\" alt=\"foto-1\" width=\"281\" height=\"281\" srcset=\"https:\/\/fjarno.org\/wp-content\/uploads\/2016\/02\/foto-1-300x300.jpg 300w, https:\/\/fjarno.org\/wp-content\/uploads\/2016\/02\/foto-1-100x100.jpg 100w, https:\/\/fjarno.org\/wp-content\/uploads\/2016\/02\/foto-1-600x600.jpg 600w, https:\/\/fjarno.org\/wp-content\/uploads\/2016\/02\/foto-1-1021x1024.jpg 1021w, https:\/\/fjarno.org\/wp-content\/uploads\/2016\/02\/foto-1-150x150.jpg 150w, https:\/\/fjarno.org\/wp-content\/uploads\/2016\/02\/foto-1-768x770.jpg 768w, https:\/\/fjarno.org\/wp-content\/uploads\/2016\/02\/foto-1-1532x1536.jpg 1532w, https:\/\/fjarno.org\/wp-content\/uploads\/2016\/02\/foto-1-2043x2048.jpg 2043w\" sizes=\"auto, (max-width: 281px) 100vw, 281px\" \/><\/a> <a href=\"https:\/\/fjarno.org\/ca\/c9f5204790b44f05a1bb4063b32540e6\/\"><img loading=\"lazy\" decoding=\"async\" class=\"alignnone wp-image-3716\" src=\"https:\/\/fjarno.org\/wp-content\/uploads\/2016\/02\/C9F5204790B44F05A1BB4063B32540E6-169x300.jpg\" alt=\"C9F5204790B44F05A1BB4063B32540E6\" width=\"159\" height=\"282\" srcset=\"https:\/\/fjarno.org\/wp-content\/uploads\/2016\/02\/C9F5204790B44F05A1BB4063B32540E6-169x300.jpg 169w, https:\/\/fjarno.org\/wp-content\/uploads\/2016\/02\/C9F5204790B44F05A1BB4063B32540E6-576x1024.jpg 576w, https:\/\/fjarno.org\/wp-content\/uploads\/2016\/02\/C9F5204790B44F05A1BB4063B32540E6.jpg 585w\" sizes=\"auto, (max-width: 159px) 100vw, 159px\" \/><\/a> <a href=\"https:\/\/fjarno.org\/ca\/de4ee7a0-3ea4-4587-9c9d-80836905c20c\/\"><img loading=\"lazy\" decoding=\"async\" class=\"alignnone wp-image-3715\" src=\"https:\/\/fjarno.org\/wp-content\/uploads\/2016\/02\/de4ee7a0-3ea4-4587-9c9d-80836905c20c-169x300.jpg\" alt=\"de4ee7a0-3ea4-4587-9c9d-80836905c20c\" width=\"159\" height=\"282\" srcset=\"https:\/\/fjarno.org\/wp-content\/uploads\/2016\/02\/de4ee7a0-3ea4-4587-9c9d-80836905c20c-169x300.jpg 169w, https:\/\/fjarno.org\/wp-content\/uploads\/2016\/02\/de4ee7a0-3ea4-4587-9c9d-80836905c20c-600x1067.jpg 600w, https:\/\/fjarno.org\/wp-content\/uploads\/2016\/02\/de4ee7a0-3ea4-4587-9c9d-80836905c20c-576x1024.jpg 576w, https:\/\/fjarno.org\/wp-content\/uploads\/2016\/02\/de4ee7a0-3ea4-4587-9c9d-80836905c20c-768x1365.jpg 768w, https:\/\/fjarno.org\/wp-content\/uploads\/2016\/02\/de4ee7a0-3ea4-4587-9c9d-80836905c20c-864x1536.jpg 864w, https:\/\/fjarno.org\/wp-content\/uploads\/2016\/02\/de4ee7a0-3ea4-4587-9c9d-80836905c20c.jpg 900w\" sizes=\"auto, (max-width: 159px) 100vw, 159px\" \/><\/a> <a href=\"https:\/\/fjarno.org\/ca\/botiga-de-roba-gesa-carrer-major\/\"><img loading=\"lazy\" decoding=\"async\" class=\"alignnone wp-image-3713\" src=\"https:\/\/fjarno.org\/wp-content\/uploads\/2016\/02\/Botiga-de-roba-Gesa-Carrer-Major-225x300.jpg\" alt=\"Botiga de roba Gesa Carrer Major\" width=\"211\" height=\"281\" srcset=\"https:\/\/fjarno.org\/wp-content\/uploads\/2016\/02\/Botiga-de-roba-Gesa-Carrer-Major-225x300.jpg 225w, https:\/\/fjarno.org\/wp-content\/uploads\/2016\/02\/Botiga-de-roba-Gesa-Carrer-Major-600x800.jpg 600w, https:\/\/fjarno.org\/wp-content\/uploads\/2016\/02\/Botiga-de-roba-Gesa-Carrer-Major-768x1024.jpg 768w, https:\/\/fjarno.org\/wp-content\/uploads\/2016\/02\/Botiga-de-roba-Gesa-Carrer-Major-1152x1536.jpg 1152w, https:\/\/fjarno.org\/wp-content\/uploads\/2016\/02\/Botiga-de-roba-Gesa-Carrer-Major.jpg 1536w\" sizes=\"auto, (max-width: 211px) 100vw, 211px\" \/><\/a><a href=\"https:\/\/fjarno.org\/ca\/perruqueria-marivi-bordeta-2\/\"><img loading=\"lazy\" decoding=\"async\" class=\"alignnone wp-image-3718\" src=\"https:\/\/fjarno.org\/wp-content\/uploads\/2016\/02\/Perruqueria-Marivi-Bordeta-1-300x222.jpg\" alt=\"Perruqueria Marivi Bordeta\" width=\"378\" height=\"280\"><\/a><\/p>\n<p>El 10 de Mar\u00e7, Dia del Rony\u00f3 ens traslladem al vest\u00edbul de l&#8217;Hospital Arnau de Vilanova amb una exposici\u00f3 fotogr\u00e0fica sobre la donaci\u00f3.<\/p>\n<p><a href=\"https:\/\/fjarno.org\/galeria\/foto-2-2\/\"><img loading=\"lazy\" decoding=\"async\" class=\"alignnone size-medium wp-image-1774\" src=\"https:\/\/fjarno.org\/wp-content\/uploads\/2016\/01\/foto-2-225x300.jpg\" alt=\"foto 2\" width=\"225\" height=\"300\"><\/a><a href=\"https:\/\/fjarno.org\/galeria\/foto-3-2\/\"><img loading=\"lazy\" decoding=\"async\" class=\"alignnone size-medium wp-image-1775\" src=\"https:\/\/fjarno.org\/wp-content\/uploads\/2016\/01\/foto-3-225x300.jpg\" alt=\"foto 3\" width=\"225\" height=\"300\"><\/a><\/p>\n<p>El 24 d&#8217;abril gaudim del concert ben\u00e8fic <strong><em>Lleida per la Donaci\u00f3<\/em><\/strong> a c\u00e0rrec de l&#8217;orquestra Juli\u00e0 Carbonell de les terres de Lleida i visionem el v\u00eddeo <strong><em>La Donaci\u00f3, <\/em><\/strong>en el qual el Dr. Jaume Tort (Director de l&#8217;OCATT), el Dr. Rafael Matesanz (Nefr\u00f2leg i director de l&#8217;ONT), el Dr. Federico Oppenheimer (Nefr\u00f2leg i cap de la unitat de trasplantament de l&#8217;hospital Cl\u00ednic de Barcelona), la Dra. Mariona Badia (Coordinadora de Trasplantaments de l&#8217;Hospital Arnau de Vilanova), la Ingrid Palos (Pacient trasplantada de fetge) i l&#8217;Ignacio Gracia (Vicepresident de la Fundaci\u00f3 Jaume Arn\u00f3 i trasplantat de rony\u00f3) comparteixen la seva experi\u00e8ncia i ens donen dades molt interessants sobre la Donaci\u00f3 d&#8217;\u00f2rgans i el Trasplantament. <\/p>\n<p><a href=\"https:\/\/fjarno.org\/ca\/43394cc904a3f1982dc1ca1220cc3b2f-2\/\"><img loading=\"lazy\" decoding=\"async\" class=\"alignnone wp-image-3721\" src=\"https:\/\/fjarno.org\/wp-content\/uploads\/2016\/02\/43394cc904a3f1982dc1ca1220cc3b2f-2-300x162.jpg\" alt=\"43394cc904a3f1982dc1ca1220cc3b2f (2)\" width=\"525\" height=\"284\" srcset=\"https:\/\/fjarno.org\/wp-content\/uploads\/2016\/02\/43394cc904a3f1982dc1ca1220cc3b2f-2-300x162.jpg 300w, https:\/\/fjarno.org\/wp-content\/uploads\/2016\/02\/43394cc904a3f1982dc1ca1220cc3b2f-2-600x324.jpg 600w, https:\/\/fjarno.org\/wp-content\/uploads\/2016\/02\/43394cc904a3f1982dc1ca1220cc3b2f-2.jpg 640w\" sizes=\"auto, (max-width: 525px) 100vw, 525px\" \/><\/a><a href=\"https:\/\/fjarno.org\/ca\/image002\/\"><img loading=\"lazy\" decoding=\"async\" class=\"alignnone size-medium wp-image-1827\" src=\"https:\/\/fjarno.org\/wp-content\/uploads\/2016\/02\/image002-300x289.jpg\" alt=\"image002\" width=\"300\" height=\"289\" srcset=\"https:\/\/fjarno.org\/wp-content\/uploads\/2016\/02\/image002-300x289.jpg 300w, https:\/\/fjarno.org\/wp-content\/uploads\/2016\/02\/image002-600x577.jpg 600w, https:\/\/fjarno.org\/wp-content\/uploads\/2016\/02\/image002-768x739.jpg 768w, https:\/\/fjarno.org\/wp-content\/uploads\/2016\/02\/image002.jpg 927w\" sizes=\"auto, (max-width: 300px) 100vw, 300px\" \/><\/a><\/p>\n<p>L&#8217;1 de juny, Dia del Donant, preparem una taula informativa a l&#8217;Hospital Arnau de Vilanova i animem les persones que s&#8217;hi atansen a fer-se donants expressant la seva voluntat a la fam\u00edlia. Destaquem la col\u00b7laboraci\u00f3 de voluntaris trasplantats renals i hep\u00e0tics, que amb la seva actitud positiva i profund agra\u00efment, s\u00f3n el testimoni viu que segones oportunitats s\u00f3n possibles, gr\u00e0cies a la Donaci\u00f3.<\/p>\n<p><a href=\"https:\/\/fjarno.org\/ca\/img-20160601-wa0009-1\/\"><img loading=\"lazy\" decoding=\"async\" class=\"alignnone size-medium wp-image-3725\" src=\"https:\/\/fjarno.org\/wp-content\/uploads\/2016\/02\/IMG-20160601-WA0009-1-300x178.jpg\" alt=\"IMG-20160601-WA0009 (1)\" width=\"300\" height=\"178\" srcset=\"https:\/\/fjarno.org\/wp-content\/uploads\/2016\/02\/IMG-20160601-WA0009-1-300x178.jpg 300w, https:\/\/fjarno.org\/wp-content\/uploads\/2016\/02\/IMG-20160601-WA0009-1-600x357.jpg 600w, https:\/\/fjarno.org\/wp-content\/uploads\/2016\/02\/IMG-20160601-WA0009-1-1024x609.jpg 1024w, https:\/\/fjarno.org\/wp-content\/uploads\/2016\/02\/IMG-20160601-WA0009-1-768x457.jpg 768w, https:\/\/fjarno.org\/wp-content\/uploads\/2016\/02\/IMG-20160601-WA0009-1.jpg 1120w\" sizes=\"auto, (max-width: 300px) 100vw, 300px\" \/><\/a> <a href=\"https:\/\/fjarno.org\/ca\/dia-donant-1\/\"><img loading=\"lazy\" decoding=\"async\" class=\"alignnone wp-image-3723\" src=\"https:\/\/fjarno.org\/wp-content\/uploads\/2016\/02\/d%C3%ADa-donant-1-300x169.jpg\" alt=\"d\u00eda donant 1\" width=\"312\" height=\"176\"><\/a><\/p>\n<p>&nbsp;<\/p>\n<p>Al setembre, amb l&#8217;inici de les classes, l&#8217;Ignacio (Vicepresident de la Fundaci\u00f3) i la Cristina (Treballadora Social) es desplacen a diferents instituts de Secund\u00e0ria per conscienciar els m\u00e9s joves sobre la malaltia renal, el trasplantament, les llistes d&#8217;espera i la import\u00e0ncia de la donaci\u00f3 d&#8217;\u00f2rgans.<\/p>\n<p><a href=\"https:\/\/fjarno.org\/ca\/img_2604\/\"><img loading=\"lazy\" decoding=\"async\" class=\"alignnone size-medium wp-image-3726\" src=\"https:\/\/fjarno.org\/wp-content\/uploads\/2016\/02\/IMG_2604-300x225.jpg\" alt=\"IMG_2604\" width=\"300\" height=\"225\"><\/a> <a href=\"https:\/\/fjarno.org\/ca\/img_2605\/\"><img loading=\"lazy\" decoding=\"async\" class=\"alignnone size-medium wp-image-3727\" src=\"https:\/\/fjarno.org\/wp-content\/uploads\/2016\/02\/IMG_2605-300x225.jpg\" alt=\"IMG_2605\" width=\"300\" height=\"225\"><\/a><\/p>\n<p>El 2 d&#8217;octubre t\u00e9 lloc la primera Transplant Bike a Lleida (Alfarr\u00e0s 2016). M\u00e9s de 200 participants (25 trasplantats) van pedalar per promoure la donaci\u00f3 d&#8217;\u00f2rgans i l&#8217;activitat f\u00edsica en pacients cr\u00f2nics i trasplantats. Els corredors, voluntaris, organitzadors i patrocinadors van fer possible que la primera Transplant Bike fos un \u00e8xit i una jornada inoblidable per a tots. <\/p>\n<p><a href=\"https:\/\/fjarno.org\/ca\/dsc_0902-2\/\"><img loading=\"lazy\" decoding=\"async\" class=\"alignnone wp-image-3658\" src=\"https:\/\/fjarno.org\/wp-content\/uploads\/2016\/10\/DSC_0902-2-300x169.jpg\" alt=\"DSC_0902 2\" width=\"348\" height=\"196\"><\/a> <a href=\"https:\/\/fjarno.org\/ca\/_ksf8081\/\"><img loading=\"lazy\" decoding=\"async\" class=\"alignnone size-medium wp-image-3731\" src=\"https:\/\/fjarno.org\/wp-content\/uploads\/2016\/02\/KSF8081-300x200.jpg\" alt=\"_KSF8081\" width=\"300\" height=\"200\"><\/a> <a href=\"https:\/\/fjarno.org\/ca\/dsc_0925\/\"><img loading=\"lazy\" decoding=\"async\" class=\"alignnone wp-image-3730\" src=\"https:\/\/fjarno.org\/wp-content\/uploads\/2016\/02\/DSC_0925-300x169.jpg\" alt=\"DSC_0925\" width=\"351\" height=\"198\"><\/a><\/p>\n<p>I tanquem l&#8217;any, ple d&#8217;activitats a favor de la Donaci\u00f3 d&#8217;\u00f2rgans, el 20 de novembre amb una masterclass de zumba solidari a c\u00e0rrec dels t\u00e8cnics de l&#8217;EKKE.<\/p>\n<p><a href=\"https:\/\/fjarno.org\/galeria\/dsc_1094\/\"><img loading=\"lazy\" decoding=\"async\" class=\"alignnone size-medium wp-image-3682\" src=\"https:\/\/fjarno.org\/wp-content\/uploads\/2016\/01\/DSC_1094-300x169.jpg\" alt=\"DSC_1094\" width=\"300\" height=\"169\"><\/a> <a href=\"https:\/\/fjarno.org\/galeria\/dsc_1096\/\"><img loading=\"lazy\" decoding=\"async\" class=\"alignnone size-medium wp-image-3681\" src=\"https:\/\/fjarno.org\/wp-content\/uploads\/2016\/01\/DSC_1096-300x169.jpg\" alt=\"DSC_1096\" width=\"300\" height=\"169\"><\/a> <a href=\"https:\/\/fjarno.org\/galeria\/dsc_1078\/\"><img loading=\"lazy\" decoding=\"async\" class=\"alignnone size-medium wp-image-3683\" src=\"https:\/\/fjarno.org\/wp-content\/uploads\/2016\/01\/DSC_1078-300x169.jpg\" alt=\"DSC_1078\" width=\"300\" height=\"169\"><\/a><\/p>\n<p>Gr\u00e0cies a tots els que heu format part del projecte!<\/p>\n<p><a href=\"https:\/\/fjarno.org\/ca\/collage\/\"><img loading=\"lazy\" decoding=\"async\" class=\"alignnone wp-image-3732\" src=\"https:\/\/fjarno.org\/wp-content\/uploads\/2016\/02\/Collage-300x240.jpg\" alt=\"Collage\" width=\"353\" height=\"282\" srcset=\"https:\/\/fjarno.org\/wp-content\/uploads\/2016\/02\/Collage-300x240.jpg 300w, https:\/\/fjarno.org\/wp-content\/uploads\/2016\/02\/Collage-600x480.jpg 600w, https:\/\/fjarno.org\/wp-content\/uploads\/2016\/02\/Collage-1024x819.jpg 1024w, https:\/\/fjarno.org\/wp-content\/uploads\/2016\/02\/Collage-768x614.jpg 768w, https:\/\/fjarno.org\/wp-content\/uploads\/2016\/02\/Collage.jpg 1500w\" sizes=\"auto, (max-width: 353px) 100vw, 353px\" \/><\/a><\/p>\n<h4> Activitats any 2016<\/h4>\n<p class=\"responsive-video-wrap clr\"><iframe loading=\"lazy\" title=\"Dia de Rony\u00f3 2017\" width=\"1200\" height=\"675\" src=\"https:\/\/www.youtube.com\/embed\/-ITfYvlBGkU?feature=oembed\" frameborder=\"0\" allow=\"accelerometer; autoplay; clipboard-write; encrypted-media; gyroscope; picture-in-picture; web-share\" referrerpolicy=\"strict-origin-when-cross-origin\" allowfullscreen><\/iframe><\/p>\n<h4><\/h4>\n<p>&nbsp;<\/p>\n<h3><\/h3>\n<p>&nbsp;<\/p>\n<h3><\/h3>\n<p>[qodef_button size=\u201d\u201d type=\u201d\u201d text=\u201dVoleu col\u00b7laborar?\u201d custom_class=\u201d\u201d icon_pack=\u201dfont_awesome\u201d fa_icon=\u201d\u201d link=\u201dhttps:\/\/fjarno.org\/es\/hazte-amigo\/\u201d target=\u201d_self\u201d color=\u201d\u201d hover_color=\u201d\u201d background_color=\u201d\u201d hover_background_color=\u201d\u201d border_color=\u201d\u201d hover_border_color=\u201d\u201d font_size=\u201d\u201d font_weight=\u201d\u201d margin=\u201d\u201d]<\/p>\n<h4><\/h4>\n<p>Projecte realitzat amb la col\u00b7laboraci\u00f3 de<\/p>\n<p><img loading=\"lazy\" decoding=\"async\" class=\"alignnone size-full wp-image-3970\" src=\"https:\/\/fjarno.org\/wp-content\/uploads\/2016\/01\/diputacio-lleida-orig-e1495105506380.png\" alt=\"diputacio-lleida-orig\" width=\"150\" height=\"148\" srcset=\"https:\/\/fjarno.org\/wp-content\/uploads\/2016\/01\/diputacio-lleida-orig-e1495105506380.png 150w, https:\/\/fjarno.org\/wp-content\/uploads\/2016\/01\/diputacio-lleida-orig-e1495105506380-100x100.png 100w\" sizes=\"auto, (max-width: 150px) 100vw, 150px\" \/><\/p>\n<p>La donaci\u00f3 d&#8217;\u00f2rgans \u00e9s un gest altruista considerat com un dels majors actes de bondat de l&#8217;\u00e9sser hum\u00e0.<\/p>\n<p>Amb aquest projecte volem dur a terme una s\u00e8rie d&#8217;esdeveniments al llarg de tot l&#8217;any 2016, que giraran entorn a sensibilitzar la poblaci\u00f3 envers un gran gest tan altruista i gener\u00f3s com \u00e9s la donaci\u00f3 d&#8217;\u00f2rgans.<\/p>\n<p>Activitats:<\/p>\n<ul>\n<li>Campanya informativa de sensibilitzaci\u00f3 amb la col\u00b7laboraci\u00f3 d&#8217;establiments solidaris de la ciutat.<\/li>\n<li>Xerrades sobre la donaci\u00f3 d&#8217;\u00f2rgans a les capitals de comarca.<\/li>\n<li>Celebrar el Dia del Rony\u00f3 (10 de mar\u00e7) i Dia del Donant (1 de juny) al vest\u00edbul de l&#8217;Hospital Universitari Arnau de Vilanova de Lleida.<\/li>\n<li>Concert ben\u00e8fic a favor de la Donaci\u00f3 a c\u00e0rrec de l&#8217;Orquestra Simf\u00f2nica Juli\u00e0 Carbonell. (24 d&#8217;abril a les 19:00h a l&#8217;Auditori Enric Granados de Lleida) <\/li>\n<li>Primera Transplantbike a Lleida (1 i 2 d&#8217;octubre)<\/li>\n<li>Milla Urbana Solid\u00e0ria (novembre)<\/li>\n<\/ul>\n<p>Gr\u00e0cies a la voluntat altruista dels donants, en vida o despr\u00e9s de la seva mort, moltes persones reben un teixit o un \u00f2rgan que, un cop trasplantat, millora la seva qualitat de vida o la salva. Qu\u00e8 s&#8217;ha de fer per ser donant? El m\u00e9s important \u00e9s que la vostra fam\u00edlia o \u00e9ssers estimats coneguin la vostra intenci\u00f3 de ser donant. Aix\u00f2 facilitaria molt, arribat el cas, la decisi\u00f3 de la vostra fam\u00edlia. Tamb\u00e9 podeu descarregar-vos el carnet de donant de www.ocatt.cat.<\/p>\n<p>Estar ben informats ens permet decidir. Informeu-vos. <\/p>\n<p><a href=\"https:\/\/fjarno.org\/wp-content\/uploads\/2015\/07\/image001-31.jpg\"><img loading=\"lazy\" decoding=\"async\" class=\"alignnone size-full wp-image-1659\" src=\"https:\/\/fjarno.org\/wp-content\/uploads\/2015\/07\/image001-31.jpg\" alt=\"image001 (3)\" width=\"579\" height=\"560\" srcset=\"https:\/\/fjarno.org\/wp-content\/uploads\/2015\/07\/image001-31.jpg 579w, https:\/\/fjarno.org\/wp-content\/uploads\/2015\/07\/image001-31-300x290.jpg 300w\" sizes=\"auto, (max-width: 579px) 100vw, 579px\" \/><\/a><\/p>\n<p><strong>Dia del Donant 2023<\/strong><\/p>\n<div class=\"qodef-post-text\">\n<div class=\"qodef-post-text-inner clearfix\">\n<p>Celebrem la VII Mostra de curts per la donaci\u00f3 d&#8217;\u00f2rgans, un acte molt emotiu que va retre el tan merescut homenatge als donants i les seves fam\u00edlies.<a href=\"https:\/\/fjarno.org\/ca\/blog-5\/\"><img loading=\"lazy\" decoding=\"async\" class=\"wp-image-5792 alignright\" src=\"https:\/\/fjarno.org\/wp-content\/uploads\/2023\/06\/BLOG.jpg\" sizes=\"auto, (max-width: 429px) 100vw, 429px\" srcset=\"https:\/\/fjarno.org\/wp-content\/uploads\/2023\/06\/BLOG.jpg 2512w, https:\/\/fjarno.org\/wp-content\/uploads\/2023\/06\/BLOG-300x219.jpg 300w, https:\/\/fjarno.org\/wp-content\/uploads\/2023\/06\/BLOG-1024x748.jpg 1024w, https:\/\/fjarno.org\/wp-content\/uploads\/2023\/06\/BLOG-768x561.jpg 768w, https:\/\/fjarno.org\/wp-content\/uploads\/2023\/06\/BLOG-1536x1121.jpg 1536w, https:\/\/fjarno.org\/wp-content\/uploads\/2023\/06\/BLOG-600x438.jpg 600w\" alt=\"\" width=\"429\" height=\"313\"><\/a><\/p>\n<p>Estudiants de CAS (Creativitat, Activitat i Servei) de Primer de Batxillerat Internacional de l&#8217;Institut Josep Lladonosa de Lleida i d&#8217;APS (Aprenentatge i Servei) de Quart d&#8217;ESO de l&#8217;Institut Samuel Gili i Gaya de Lleida, van realitzar un total de 6 v\u00eddeos amb l&#8217;objectiu de fomentar la donaci\u00f3 d&#8217;\u00f2rgans. Jugant amb met\u00e0fores que van ser des d&#8217;una recepta familiar, fins a una m\u00e0quina de cosir, passant per la reparaci\u00f3 del disc dur d&#8217;un ordinador, van fer reflexionar a tots els presents sobre l&#8217;impacte de la donaci\u00f3 en la vida de tantes persones. Encara que la projecci\u00f3 en p\u00fablic culmina el projecte, les sessions formatives que la Fundaci\u00f3 duu a terme en els centres educatius, la recerca que les alumnes i alumnes realitzen i les activitats que envolten la gala, contribueixen a crear consci\u00e8ncia sobre la import\u00e0ncia de la donaci\u00f3 d&#8217;\u00f2rgans i el paper que cadascun de nosaltres juga en la divulgaci\u00f3 i la sensibilitzaci\u00f3 d&#8217;aquest gest.  <\/p>\n<p>Podeu veure tots els v\u00eddeos al <a href=\"https:\/\/www.youtube.com\/channel\/UC9cXv7tMzC7EI0m77O_xiTw\">nostre canal Youtube<\/a> <\/p>\n<p>La Mostra va arrencar amb un ball que el grup de l&#8217;Institut Josep Lladonosa va preparar amb la col\u00b7laboraci\u00f3 del gimn\u00e0s Viding Ekke i va concloure amb l&#8217;actuaci\u00f3 musical del grup Error 404 de l&#8217;institut Samuel Gili i Gaya.<\/p>\n<p>El Doctor Jaume Tort, director de l&#8217;<a href=\"https:\/\/trasplantaments.gencat.cat\/ca\/inici\">OCATT<\/a>, ens va parlar sobre les xifres d&#8217;aquest 2023 que s\u00f3n prometedores i sobre la gran feina en xarxa darrere de cada trasplantament, que pot implicar al voltant de 100 professionals, sens dubte una gran tasca de coordinaci\u00f3, responsable de l&#8217;\u00e8xit del nostre model de donaci\u00f3 i trasplantament. La Doctora Mariona Badia, coordinadora de trasplantaments de l&#8217;Hospital Universitari Arnau de Vilanova de Lleida, ens va parlar de la complexitat del proc\u00e9s quan a les UCIs hi ha un possible donant, i del delicat moment de l&#8217;entrevista amb la fam\u00edlia. Va valorar molt positivament els treballs realitzats pels alumnes, i els va animar a continuar parlant del tema de la donaci\u00f3 amb les seves amistats i familiars.  <\/p>\n<p>Cap al final de l&#8217;acte, vam sorprendre l&#8217;Ana, qui fa uns anys va donar un rony\u00f3 al seu germ\u00e0 Carlos, amb el lliurament del premi Donant 2023, sens dubte un dels moments m\u00e9s emotius de la mostra.<\/p>\n<p>Des de la Fundaci\u00f3 Renal Jaume Arn\u00f3, agra\u00efm de tot cor la implicaci\u00f3 de totes i tots els participants i assistents a la gala, conven\u00e7uts que aquestes petites accions generen grans canvis.<\/p>\n<p>Feu-vos Donant, doneu-li a la vostra vida un Final Alternatiu!<\/p>\n<p><a href=\"https:\/\/fjarno.org\/ca\/img_20230605_110124\/\"><img loading=\"lazy\" decoding=\"async\" class=\"alignnone wp-image-5805\" src=\"https:\/\/fjarno.org\/wp-content\/uploads\/2016\/02\/IMG_20230605_110124-scaled-e1686740623748.jpg\" alt=\"\" width=\"786\" height=\"393\" srcset=\"https:\/\/fjarno.org\/wp-content\/uploads\/2016\/02\/IMG_20230605_110124-scaled-e1686740623748.jpg 2560w, https:\/\/fjarno.org\/wp-content\/uploads\/2016\/02\/IMG_20230605_110124-scaled-e1686740623748-600x300.jpg 600w, https:\/\/fjarno.org\/wp-content\/uploads\/2016\/02\/IMG_20230605_110124-scaled-e1686740623748-300x150.jpg 300w, https:\/\/fjarno.org\/wp-content\/uploads\/2016\/02\/IMG_20230605_110124-scaled-e1686740623748-1024x512.jpg 1024w, https:\/\/fjarno.org\/wp-content\/uploads\/2016\/02\/IMG_20230605_110124-scaled-e1686740623748-768x384.jpg 768w, https:\/\/fjarno.org\/wp-content\/uploads\/2016\/02\/IMG_20230605_110124-scaled-e1686740623748-1536x768.jpg 1536w, https:\/\/fjarno.org\/wp-content\/uploads\/2016\/02\/IMG_20230605_110124-scaled-e1686740623748-2048x1024.jpg 2048w\" sizes=\"auto, (max-width: 786px) 100vw, 786px\" \/><\/a><\/p>\n<p><a href=\"https:\/\/fjarno.org\/ca\/img_3388\/\"><img loading=\"lazy\" decoding=\"async\" class=\"alignnone wp-image-5804\" src=\"https:\/\/fjarno.org\/wp-content\/uploads\/2016\/02\/IMG_3388-rotated-e1686740672199.jpg\" alt=\"\" width=\"573\" height=\"437\" srcset=\"https:\/\/fjarno.org\/wp-content\/uploads\/2016\/02\/IMG_3388-rotated-e1686740672199.jpg 1512w, https:\/\/fjarno.org\/wp-content\/uploads\/2016\/02\/IMG_3388-rotated-e1686740672199-600x458.jpg 600w, https:\/\/fjarno.org\/wp-content\/uploads\/2016\/02\/IMG_3388-rotated-e1686740672199-300x229.jpg 300w, https:\/\/fjarno.org\/wp-content\/uploads\/2016\/02\/IMG_3388-rotated-e1686740672199-1024x782.jpg 1024w, https:\/\/fjarno.org\/wp-content\/uploads\/2016\/02\/IMG_3388-rotated-e1686740672199-768x586.jpg 768w\" sizes=\"auto, (max-width: 573px) 100vw, 573px\" \/><\/a> <a href=\"https:\/\/fjarno.org\/ca\/img_3385\/\"><img loading=\"lazy\" decoding=\"async\" class=\"alignnone wp-image-5803\" src=\"https:\/\/fjarno.org\/wp-content\/uploads\/2016\/02\/IMG_3385.jpg\" alt=\"\" width=\"576\" height=\"768\" srcset=\"https:\/\/fjarno.org\/wp-content\/uploads\/2016\/02\/IMG_3385.jpg 1512w, https:\/\/fjarno.org\/wp-content\/uploads\/2016\/02\/IMG_3385-600x800.jpg 600w, https:\/\/fjarno.org\/wp-content\/uploads\/2016\/02\/IMG_3385-225x300.jpg 225w, https:\/\/fjarno.org\/wp-content\/uploads\/2016\/02\/IMG_3385-768x1024.jpg 768w, https:\/\/fjarno.org\/wp-content\/uploads\/2016\/02\/IMG_3385-1152x1536.jpg 1152w\" sizes=\"auto, (max-width: 576px) 100vw, 576px\" \/><\/a><\/p>\n<\/div>\n<\/div>\n<p>&nbsp;<\/p>\n<p><strong>Dia del Donant 2022<\/strong><\/p>\n<p>Cada primer dimecres de juny es commemora el Dia Nacional del Donant, per a retre homenatge als donants i les seves fam\u00edlies per un gest tan gener\u00f3s que millora i salva milers de vides cada any en el nostre territori. Des de 2017, la Fundaci\u00f3 celebra aquest dia amb la Mostra de curtmetratges per la Donaci\u00f3 d&#8217;\u00d2rgans, una mostra de v\u00eddeos realitzats per alumnes voluntaris de dos instituts de secund\u00e0ria locals, l&#8217;institut Josep Lladonosa i Samuel Gili i Gaya (Lleida). <\/p>\n<p>Enguany la gala es va celebrar a l&#8217;Orfe\u00f3 lleidat\u00e0. L&#8217;alumnat de l&#8217;institut Josep Lladonosa va preparar un ball d&#8217;obertura que va aportar color i ritme a l&#8217;acte i es van projectar 7 v\u00eddeos. Entrevist\u00e0rem el director de l&#8217;Organitzaci\u00f3 Catalana de Trasplantaments, el Dr. Jaume Tort i la Dra. Mariona Badia, coordinadora de trasplantaments de l&#8217;Hospital Arnau de Vilanova. Tamb\u00e9 parl\u00e0rem amb els portaveus de cada treball per a con\u00e8ixer detalls sobre el proc\u00e9s creatiu, dificultats t\u00e8cniques, i sobretot per a saber, quin impacte havia tingut el que havien apr\u00e8s sobre la donaci\u00f3 i el trasplantament. Finalment lliur\u00e0rem el premi del Donant, i entrevist\u00e0rem breument la guardonada, una mare que va donar el rony\u00f3 a la seva filla. Sens dubte, un dels moments m\u00e9s emotius de la gala.      <\/p>\n<p><a href=\"https:\/\/fjarno.org\/ca\/dia-donant-2-2\/\"><img loading=\"lazy\" decoding=\"async\" class=\"alignnone wp-image-5742\" src=\"https:\/\/fjarno.org\/wp-content\/uploads\/2016\/02\/Dia-donant-2-1-scaled-e1673526709151.jpg\" alt=\"\" width=\"922\" height=\"312\" srcset=\"https:\/\/fjarno.org\/wp-content\/uploads\/2016\/02\/Dia-donant-2-1-scaled-e1673526709151.jpg 2400w, https:\/\/fjarno.org\/wp-content\/uploads\/2016\/02\/Dia-donant-2-1-scaled-e1673526709151-600x203.jpg 600w, https:\/\/fjarno.org\/wp-content\/uploads\/2016\/02\/Dia-donant-2-1-scaled-e1673526709151-300x102.jpg 300w, https:\/\/fjarno.org\/wp-content\/uploads\/2016\/02\/Dia-donant-2-1-scaled-e1673526709151-1024x346.jpg 1024w, https:\/\/fjarno.org\/wp-content\/uploads\/2016\/02\/Dia-donant-2-1-scaled-e1673526709151-768x260.jpg 768w, https:\/\/fjarno.org\/wp-content\/uploads\/2016\/02\/Dia-donant-2-1-scaled-e1673526709151-1536x520.jpg 1536w, https:\/\/fjarno.org\/wp-content\/uploads\/2016\/02\/Dia-donant-2-1-scaled-e1673526709151-2048x693.jpg 2048w\" sizes=\"auto, (max-width: 922px) 100vw, 922px\" \/><\/a><\/p>\n<p><a href=\"https:\/\/fjarno.org\/ca\/img_7104\/\"><img loading=\"lazy\" decoding=\"async\" class=\"alignnone wp-image-5743\" src=\"https:\/\/fjarno.org\/wp-content\/uploads\/2016\/02\/IMG_7104-scaled-e1673526679619.jpg\" alt=\"\" width=\"918\" height=\"410\" srcset=\"https:\/\/fjarno.org\/wp-content\/uploads\/2016\/02\/IMG_7104-scaled-e1673526679619.jpg 2560w, https:\/\/fjarno.org\/wp-content\/uploads\/2016\/02\/IMG_7104-scaled-e1673526679619-600x268.jpg 600w, https:\/\/fjarno.org\/wp-content\/uploads\/2016\/02\/IMG_7104-scaled-e1673526679619-300x134.jpg 300w, https:\/\/fjarno.org\/wp-content\/uploads\/2016\/02\/IMG_7104-scaled-e1673526679619-1024x458.jpg 1024w, https:\/\/fjarno.org\/wp-content\/uploads\/2016\/02\/IMG_7104-scaled-e1673526679619-768x344.jpg 768w, https:\/\/fjarno.org\/wp-content\/uploads\/2016\/02\/IMG_7104-scaled-e1673526679619-1536x687.jpg 1536w, https:\/\/fjarno.org\/wp-content\/uploads\/2016\/02\/IMG_7104-scaled-e1673526679619-2048x916.jpg 2048w\" sizes=\"auto, (max-width: 918px) 100vw, 918px\" \/><\/a><\/p>\n<p><a href=\"https:\/\/fjarno.org\/ca\/img_7296\/\"><img loading=\"lazy\" decoding=\"async\" class=\"alignnone wp-image-5744\" src=\"https:\/\/fjarno.org\/wp-content\/uploads\/2016\/02\/IMG_7296-scaled.jpg\" alt=\"\" width=\"469\" height=\"312\"><\/a><a href=\"https:\/\/fjarno.org\/ca\/img_7392\/\"><img loading=\"lazy\" decoding=\"async\" class=\"alignnone wp-image-5745\" src=\"https:\/\/fjarno.org\/wp-content\/uploads\/2016\/02\/IMG_7392-scaled.jpg\" alt=\"\" width=\"468\" height=\"312\"><\/a><\/p>\n<p>Entrevista al Dr. Jaume Tort i la Dra. Mariona Badia. <\/p>\n<p><strong>Dia del Donant 2021<\/strong><\/p>\n<p>Les sessions formatives i informatives que hem realitzat amb l&#8217;alumnat de 4t de l&#8217;ESO i 1r de Batxillerat dels instituts Gili Gaya, Joan Or\u00f3, i Josep Lladonosa de Lleida, han aconseguit un doble objectiu. D&#8217;una banda, donar a con\u00e8ixer la import\u00e0ncia de la donaci\u00f3 i els trasplantaments a alumnes, professors i fam\u00edlies. I d&#8217;altra banda preparar, amb l&#8217;ajuda de l&#8217;alumnat, la IV MOSTRA DE CURTMETRATGES LLEIDA per la Donaci\u00f3.  <\/p>\n<p>La creaci\u00f3 de curtmetratges va formar part de l&#8217;espl\u00e8ndid treball que els alumnes van fer dins del marc de les assignatures: Aprenentatge i Servei, Creativitat, Activitat i Servei. Aquests treballs van obtenir visibilitat a trav\u00e9s d&#8217;un acte de reconeixement en el DIA DEL DONANT que celebr\u00e0rem, un any m\u00e9s, telem\u00e0ticament per zoom. <\/p>\n<p>Uns dies abans de l&#8217;acte, l&#8217;alumnat de l&#8217;Institut Josep Lladonosa, va preparar un ball per a promocionar la donaci\u00f3, que celebr\u00e0rem a la Pla\u00e7a Sant Joan de Lleida amb la col\u00b7laboraci\u00f3 de Viding Ekke.<\/p>\n<p><a href=\"https:\/\/fjarno.org\/ca\/ball-dia-donant-2\/\"><img loading=\"lazy\" decoding=\"async\" class=\"alignnone wp-image-5739\" src=\"https:\/\/fjarno.org\/wp-content\/uploads\/2016\/02\/Ball-Dia-Donant-2-e1673526136106.jpeg\" alt=\"\" width=\"915\" height=\"393\" srcset=\"https:\/\/fjarno.org\/wp-content\/uploads\/2016\/02\/Ball-Dia-Donant-2-e1673526136106.jpeg 1600w, https:\/\/fjarno.org\/wp-content\/uploads\/2016\/02\/Ball-Dia-Donant-2-e1673526136106-600x258.jpeg 600w, https:\/\/fjarno.org\/wp-content\/uploads\/2016\/02\/Ball-Dia-Donant-2-e1673526136106-300x129.jpeg 300w, https:\/\/fjarno.org\/wp-content\/uploads\/2016\/02\/Ball-Dia-Donant-2-e1673526136106-1024x440.jpeg 1024w, https:\/\/fjarno.org\/wp-content\/uploads\/2016\/02\/Ball-Dia-Donant-2-e1673526136106-768x330.jpeg 768w, https:\/\/fjarno.org\/wp-content\/uploads\/2016\/02\/Ball-Dia-Donant-2-e1673526136106-1536x660.jpeg 1536w\" sizes=\"auto, (max-width: 915px) 100vw, 915px\" \/><\/a><\/p>\n<p><strong>Dia Mundial del Rony\u00f3 2021<\/strong><\/p>\n<p>Un any m\u00e9s, i malgrat la pand\u00e8mia, hem dut a terme aquest projecte educatiu, Lleida per la Donaci\u00f3, que implica diferents esdeveniments solidaris amb la finalitat de sensibilitzar a la poblaci\u00f3 i promoure la donaci\u00f3 d&#8217;\u00f2rgans. Aquests esdeveniments estan dirigits en la seva majoria, a un p\u00fablic jove, al qual s&#8217;intenta conscienciar de la import\u00e0ncia de cuidar la nostra salut i especialment els nostres ronyons, i del gest altruista de esdevenir donant d&#8217;\u00f2rgans. L&#8217;objectiu \u00e9s fomentar la donaci\u00f3 d&#8217;\u00f2rgans a trav\u00e9s d&#8217;activitats did\u00e0ctiques adaptades. Per aix\u00f2 hem treballat en tallers dirigits a escoles i instituts. Lleida per la donaci\u00f3 a l&#8217;escola. Las escoles que hem triat aquest curs per a impartir aquests tallers han estat l&#8217;Escola Joan Maragall de Lleida i l&#8217;Escola Pinyana de Alfarras. Els tallers han complert els objectius de:      <\/p>\n<p>Educar sobre la pr\u00e0ctica d&#8217;h\u00e0bits saludables, tant higi\u00e8nics com alimentaris.<br \/>\nDonar a con\u00e8ixer la malaltia renal cr\u00f2nica i les dificultats a les quals fan front les persones que la sofreixen.<\/p>\n<p><a href=\"https:\/\/fjarno.org\/ca\/20210301_101537-1\/\"><img loading=\"lazy\" decoding=\"async\" class=\"alignnone wp-image-5736\" src=\"https:\/\/fjarno.org\/wp-content\/uploads\/2016\/02\/20210301_101537-1-scaled-e1673525915187.jpg\" alt=\"\" width=\"660\" height=\"351\" srcset=\"https:\/\/fjarno.org\/wp-content\/uploads\/2016\/02\/20210301_101537-1-scaled-e1673525915187.jpg 2380w, https:\/\/fjarno.org\/wp-content\/uploads\/2016\/02\/20210301_101537-1-scaled-e1673525915187-600x319.jpg 600w, https:\/\/fjarno.org\/wp-content\/uploads\/2016\/02\/20210301_101537-1-scaled-e1673525915187-300x160.jpg 300w, https:\/\/fjarno.org\/wp-content\/uploads\/2016\/02\/20210301_101537-1-scaled-e1673525915187-1024x545.jpg 1024w, https:\/\/fjarno.org\/wp-content\/uploads\/2016\/02\/20210301_101537-1-scaled-e1673525915187-768x409.jpg 768w, https:\/\/fjarno.org\/wp-content\/uploads\/2016\/02\/20210301_101537-1-scaled-e1673525915187-1536x818.jpg 1536w, https:\/\/fjarno.org\/wp-content\/uploads\/2016\/02\/20210301_101537-1-scaled-e1673525915187-2048x1090.jpg 2048w\" sizes=\"auto, (max-width: 660px) 100vw, 660px\" \/><\/a><\/p>\n<p>Escola P\u00fablica Joan Maragall<\/p>\n<p><a href=\"https:\/\/fjarno.org\/ca\/img_20211119_105653\/\"><img loading=\"lazy\" decoding=\"async\" class=\"alignnone wp-image-5735\" src=\"https:\/\/fjarno.org\/wp-content\/uploads\/2016\/02\/IMG_20211119_105653-scaled-e1673525875753.jpg\" alt=\"\" width=\"741\" height=\"370\" srcset=\"https:\/\/fjarno.org\/wp-content\/uploads\/2016\/02\/IMG_20211119_105653-scaled-e1673525875753.jpg 2182w, https:\/\/fjarno.org\/wp-content\/uploads\/2016\/02\/IMG_20211119_105653-scaled-e1673525875753-600x299.jpg 600w, https:\/\/fjarno.org\/wp-content\/uploads\/2016\/02\/IMG_20211119_105653-scaled-e1673525875753-300x150.jpg 300w, https:\/\/fjarno.org\/wp-content\/uploads\/2016\/02\/IMG_20211119_105653-scaled-e1673525875753-1024x511.jpg 1024w, https:\/\/fjarno.org\/wp-content\/uploads\/2016\/02\/IMG_20211119_105653-scaled-e1673525875753-768x383.jpg 768w, https:\/\/fjarno.org\/wp-content\/uploads\/2016\/02\/IMG_20211119_105653-scaled-e1673525875753-1536x766.jpg 1536w, https:\/\/fjarno.org\/wp-content\/uploads\/2016\/02\/IMG_20211119_105653-scaled-e1673525875753-2048x1021.jpg 2048w\" sizes=\"auto, (max-width: 741px) 100vw, 741px\" \/><\/a><\/p>\n<p>Escola P\u00fablica Pinyana<\/p>\n<p><strong>Dia Mundial del Rony\u00f3 2020<\/strong><\/p>\n<p><em>\u201cPrevenci\u00f3, Detecci\u00f3 i acc\u00e9s equitatiu a l\u2019atenci\u00f3\u201d<\/em><\/p>\n<p>Aquest 2020 vam tenir el privilegi de celebrar el Dia Mundial del Rony\u00f3 a l\u2019Escola Pr\u00e0ctiques II de Lleida. Com de costum, les activitats del taller de salut renal, van tenir molt bona acollida tant de part dels docents com dels alumnes. <\/p>\n<p>Amb els alumnes d\u2019infantil vam realitzar una activitat molt visual per interioritzar h\u00e0bits saludables i vam llegir el conte de la Fundaci\u00f3 \u201cEl Roc i l\u2019Ori van al metge\u201d la hist\u00f2ria de dos bessons (els ronyos) que estan sans gr\u00e0cies als bons costums.<\/p>\n<p><a href=\"https:\/\/fjarno.org\/ca\/1-5\/\"><img loading=\"lazy\" decoding=\"async\" class=\"alignnone wp-image-5724\" src=\"https:\/\/fjarno.org\/wp-content\/uploads\/2016\/02\/1.png\" alt=\"\" width=\"444\" height=\"333\" srcset=\"https:\/\/fjarno.org\/wp-content\/uploads\/2016\/02\/1.png 1024w, https:\/\/fjarno.org\/wp-content\/uploads\/2016\/02\/1-600x450.png 600w, https:\/\/fjarno.org\/wp-content\/uploads\/2016\/02\/1-300x225.png 300w, https:\/\/fjarno.org\/wp-content\/uploads\/2016\/02\/1-768x576.png 768w\" sizes=\"auto, (max-width: 444px) 100vw, 444px\" \/><\/a> <a href=\"https:\/\/fjarno.org\/ca\/fitxa\/\"><img loading=\"lazy\" decoding=\"async\" class=\"alignnone wp-image-5725\" src=\"https:\/\/fjarno.org\/wp-content\/uploads\/2016\/02\/Fitxa.png\" alt=\"\" width=\"348\" height=\"332\" srcset=\"https:\/\/fjarno.org\/wp-content\/uploads\/2016\/02\/Fitxa.png 660w, https:\/\/fjarno.org\/wp-content\/uploads\/2016\/02\/Fitxa-600x574.png 600w, https:\/\/fjarno.org\/wp-content\/uploads\/2016\/02\/Fitxa-300x287.png 300w\" sizes=\"auto, (max-width: 348px) 100vw, 348px\" \/><\/a><\/p>\n<p>Sens dubte l\u2019activitat que m\u00e9s agrada des de cicle inicial a superior \u00e9s la de pintar samarretes amb missatges sobre salut renal amb la informaci\u00f3 transmesa durant la sessi\u00f3 formativa. Quan les nenes i nens deixen anar la seva creativitat, es fan part\u00edcips i aprenen activament. <\/p>\n<p><a href=\"https:\/\/fjarno.org\/ca\/samarretes-2\/\"><img loading=\"lazy\" decoding=\"async\" class=\"alignnone wp-image-5726\" src=\"https:\/\/fjarno.org\/wp-content\/uploads\/2016\/02\/Samarretes-2.png\" alt=\"\" width=\"420\" height=\"261\" srcset=\"https:\/\/fjarno.org\/wp-content\/uploads\/2016\/02\/Samarretes-2.png 1367w, https:\/\/fjarno.org\/wp-content\/uploads\/2016\/02\/Samarretes-2-600x374.png 600w, https:\/\/fjarno.org\/wp-content\/uploads\/2016\/02\/Samarretes-2-300x187.png 300w, https:\/\/fjarno.org\/wp-content\/uploads\/2016\/02\/Samarretes-2-1024x637.png 1024w, https:\/\/fjarno.org\/wp-content\/uploads\/2016\/02\/Samarretes-2-768x478.png 768w\" sizes=\"auto, (max-width: 420px) 100vw, 420px\" \/><\/a> <a href=\"https:\/\/fjarno.org\/ca\/samarretes\/\"><img loading=\"lazy\" decoding=\"async\" class=\"alignnone wp-image-5727\" src=\"https:\/\/fjarno.org\/wp-content\/uploads\/2016\/02\/Samarretes.png\" alt=\"\" width=\"566\" height=\"214\" srcset=\"https:\/\/fjarno.org\/wp-content\/uploads\/2016\/02\/Samarretes.png 1596w, https:\/\/fjarno.org\/wp-content\/uploads\/2016\/02\/Samarretes-600x227.png 600w, https:\/\/fjarno.org\/wp-content\/uploads\/2016\/02\/Samarretes-300x113.png 300w, https:\/\/fjarno.org\/wp-content\/uploads\/2016\/02\/Samarretes-1024x387.png 1024w, https:\/\/fjarno.org\/wp-content\/uploads\/2016\/02\/Samarretes-768x290.png 768w, https:\/\/fjarno.org\/wp-content\/uploads\/2016\/02\/Samarretes-1536x580.png 1536w\" sizes=\"auto, (max-width: 566px) 100vw, 566px\" \/><\/a><\/p>\n<p>Tenir l\u2019oportunitat de realitzar aquest taller a l\u2019escola, ens dibuixa un somriure nost\u00e0lgic, perqu\u00e8 el vam gaudir, aliens a la colpidora realitat que se\u2019ns venia a sobre.<\/p>\n<p>De fet, unes setmanes despr\u00e9s, estava prevista una exposici\u00f3 dels treballs realitzats per a les fam\u00edlies, per\u00f2 aquell inolvidable 12 de mar\u00e7, va ser el darrer dia d\u2019escola abans l\u2019estat d\u2019alarma. Us deixem, per\u00f2, una imatge de l\u2019exposici\u00f3 facilitada per la directora del centre. <\/p>\n<p><a href=\"https:\/\/fjarno.org\/ca\/all-focus\/\"><img loading=\"lazy\" decoding=\"async\" class=\"wp-image-5728 size-full\" src=\"https:\/\/fjarno.org\/wp-content\/uploads\/2016\/02\/ExpoRony%C3%B3-1-scaled-e1673523759730.jpg\" alt=\"\" width=\"2560\" height=\"851\"><\/a><\/p>\n<h4>DIA NACIONAL DEL DONANT 2019<\/h4>\n<p>Un any m\u00e9s, amb motiu del Dia del Donant, organitzem la mostra de curtmetratges per fomentar la donaci\u00f3 d&#8217;\u00f2rgans en la nostra societat. Aquesta activitat est\u00e0 enmarcada dins del projecte Lleida per la Donaci\u00f3, que rep el suport de la Diputaci\u00f3 de Lleida. Els v\u00eddeos han estat realitzats pels alumnes voluntaris de quart d&#8217;ESO i primer de Batxillerat dels instituts Joan Or\u00f3, Samuel Gili i Gaya i Josep Lladonosa de Lleida, i foren projectats a l&#8217;auditori de Caixaforum a Lleida el darrer 5 de juny. L&#8217;objectiu de la mostra \u00e9s dual, d&#8217;una banda, traslladar el tema de la donaci\u00f3 i el trasplantament a un col\u00b7lectiu jove que generalment el desconeix, i d&#8217;altra, sensibilitzar la poblaci\u00f3 a trav\u00e9s dels treballs realitzats i utilitzant tots els canals de comunicaci\u00f3 disponibles. Podeu veure els videos de la III Mostra de curtmetratges \u201cD\u00f3na a la teva pel\u00b7li un final alternatiu\u201d al nostre canal <a href=\"http:\/\/www.youtube.com\/channel\/UC9cXv7tMzC7EI0m77O_xiTw\">YouTube. <\/a>     <\/p>\n<p><span style=\"color: #3366ff;\"><a style=\"color: #3366ff;\" href=\"http:\/\/igualquejo.tv\/programes\/262-fundacio-renal-jaume-arno-i-tertulia-a-liei\/\">Veure Video del Acte  <\/a><\/span><\/p>\n<p><img loading=\"lazy\" decoding=\"async\" class=\"alignnone wp-image-4867 \" src=\"https:\/\/fjarno.org\/wp-content\/uploads\/2016\/02\/20190605_111508-1-e1560771100941-290x290.jpg\" alt=\"\" width=\"250\" height=\"250\"> <img loading=\"lazy\" decoding=\"async\" class=\"alignnone wp-image-4866\" src=\"https:\/\/fjarno.org\/wp-content\/uploads\/2016\/02\/20190605_124004-290x290.jpg\" alt=\"\" width=\"252\" height=\"252\"> <img loading=\"lazy\" decoding=\"async\" class=\"alignnone wp-image-4865\" src=\"https:\/\/fjarno.org\/wp-content\/uploads\/2016\/02\/20190605_115020-290x290.jpg\" alt=\"\" width=\"250\" height=\"250\"> <img loading=\"lazy\" decoding=\"async\" class=\"alignnone size-thumbnail wp-image-4863\" src=\"https:\/\/fjarno.org\/wp-content\/uploads\/2016\/02\/Copia-de-curt-me-trat-ges-290x290.png\" alt=\"\" width=\"290\" height=\"290\"> <img loading=\"lazy\" decoding=\"async\" class=\"alignnone size-thumbnail wp-image-4862\" src=\"https:\/\/fjarno.org\/wp-content\/uploads\/2016\/02\/20190521_120948-290x290.jpg\" alt=\"\" width=\"290\" height=\"290\"><\/p>\n<p>&nbsp;<\/p>\n<p><strong>DIA MUNDIAL DEL RONY\u00d3 2019<\/strong><\/p>\n<p>Aquest any, la campanya del Dia Mundial del Rony\u00f3 t\u00e9 el lema \u201cSalut per a tots a tot arreu\u201d. Aquest reclam vessa de significat amb les recents not\u00edcies que ens arriben de Venezuela, on 15 persones en di\u00e0lisi van morir a conseq\u00fc\u00e8ncia de l&#8217;apagada, i moltes altres no poden accedir al trasplantament o no poden pagar els immunosupressors per mantenir fora de perill l\u2019\u00f2rgan trasplantat. Malauradament, aquest no \u00e9s un fet a\u00efllat, que passi \u00fanicament a Venezuela. Segons l&#8217;OMS, almenys la meitat de la poblaci\u00f3 mundial est\u00e0 privada de serveis de salut essencials. Encara que des de la nostra fundaci\u00f3 poc podem fer per millorar aquesta realitat, s\u00ed que podem advocar per la Salut Renal per a Tothom, en l&#8217;\u00e0mbit local. \u00c9s per aix\u00f2 que col\u00b7laborem amb una escola p\u00fablica de prim\u00e0ria cada any, ayudant a implementar, des de la inf\u00e0ncia, h\u00e0bits de vida saludables i donant a con\u00e8ixer la import\u00e0ncia dels ronyons en el nostre organisme, a trav\u00e9s d&#8217;activitats i tallers did\u00e0ctics.     <\/p>\n<p><img loading=\"lazy\" decoding=\"async\" class=\"alignnone size-thumbnail wp-image-4673\" src=\"https:\/\/fjarno.org\/wp-content\/uploads\/2019\/03\/20190307_094708-290x290.jpg\" alt=\"20190307_094708\" width=\"290\" height=\"290\"> <img loading=\"lazy\" decoding=\"async\" class=\"alignnone size-thumbnail wp-image-4671\" src=\"https:\/\/fjarno.org\/wp-content\/uploads\/2019\/03\/20190307_094120-1-290x290.jpg\" alt=\"20190307_094120\" width=\"290\" height=\"290\"> <img loading=\"lazy\" decoding=\"async\" class=\"alignnone size-thumbnail wp-image-4658\" src=\"https:\/\/fjarno.org\/wp-content\/uploads\/2019\/03\/20190306_094015-290x290.jpg\" alt=\"20190306_094015\" width=\"290\" height=\"290\"> <img loading=\"lazy\" decoding=\"async\" class=\"alignnone size-thumbnail wp-image-4662\" src=\"https:\/\/fjarno.org\/wp-content\/uploads\/2019\/03\/20190306_100249-290x290.jpg\" alt=\"20190306_100249\" width=\"290\" height=\"290\"> <img loading=\"lazy\" decoding=\"async\" class=\"alignnone size-thumbnail wp-image-4663\" src=\"https:\/\/fjarno.org\/wp-content\/uploads\/2019\/03\/20190306_100342-290x290.jpg\" alt=\"20190306_100342\" width=\"290\" height=\"290\"> <img loading=\"lazy\" decoding=\"async\" class=\"alignnone size-thumbnail wp-image-4642\" src=\"https:\/\/fjarno.org\/wp-content\/uploads\/2019\/03\/IMG-5899-290x290.jpg\" alt=\"IMG-5899\" width=\"290\" height=\"290\"> <img loading=\"lazy\" decoding=\"async\" class=\"alignnone size-thumbnail wp-image-4649\" src=\"https:\/\/fjarno.org\/wp-content\/uploads\/2019\/03\/20190306_092350-290x290.jpg\" alt=\"20190306_092350\" width=\"290\" height=\"290\"> <img loading=\"lazy\" decoding=\"async\" class=\"alignnone size-thumbnail wp-image-4655\" src=\"https:\/\/fjarno.org\/wp-content\/uploads\/2019\/03\/20190306_093721-1-290x290.jpg\" alt=\"20190306_093721\" width=\"290\" height=\"290\"> <img loading=\"lazy\" decoding=\"async\" class=\"alignnone size-thumbnail wp-image-4656\" src=\"https:\/\/fjarno.org\/wp-content\/uploads\/2019\/03\/20190306_093738-290x290.jpg\" alt=\"20190306_093738\" width=\"290\" height=\"290\"> <img loading=\"lazy\" decoding=\"async\" class=\"alignnone size-thumbnail wp-image-4631\" src=\"https:\/\/fjarno.org\/wp-content\/uploads\/2019\/03\/20190307_100323-290x290.jpg\" alt=\"20190307_100323\" width=\"290\" height=\"290\"> <img loading=\"lazy\" decoding=\"async\" class=\"alignnone size-thumbnail wp-image-4632\" src=\"https:\/\/fjarno.org\/wp-content\/uploads\/2019\/03\/20190307_104712-290x290.jpg\" alt=\"20190307_104712\" width=\"290\" height=\"290\"> <img loading=\"lazy\" decoding=\"async\" class=\"alignnone size-thumbnail wp-image-4636\" src=\"https:\/\/fjarno.org\/wp-content\/uploads\/2019\/03\/20190307_161826-290x290.jpg\" alt=\"20190307_161826\" width=\"290\" height=\"290\"> <img loading=\"lazy\" decoding=\"async\" class=\"alignnone size-thumbnail wp-image-4637\" src=\"https:\/\/fjarno.org\/wp-content\/uploads\/2019\/03\/20190307_162541-290x290.jpg\" alt=\"20190307_162541\" width=\"290\" height=\"290\"> <img loading=\"lazy\" decoding=\"async\" class=\"alignnone size-thumbnail wp-image-4638\" src=\"https:\/\/fjarno.org\/wp-content\/uploads\/2019\/03\/image00005-290x290.jpeg\" alt=\"image00005\" width=\"290\" height=\"290\"> <img loading=\"lazy\" decoding=\"async\" class=\"alignnone size-thumbnail wp-image-4639\" src=\"https:\/\/fjarno.org\/wp-content\/uploads\/2019\/03\/image00007-290x290.jpeg\" alt=\"image00007\" width=\"290\" height=\"290\"> <img loading=\"lazy\" decoding=\"async\" class=\"alignnone size-thumbnail wp-image-4640\" src=\"https:\/\/fjarno.org\/wp-content\/uploads\/2019\/03\/image00010-e1552653187440-290x290.jpeg\" alt=\"image00010\" width=\"290\" height=\"290\"><\/p>\n<p>Una altra de les activitats que duu a terme la Fundaci\u00f3 per commemorar el Dia del Rony\u00f3, \u00e9s acompanyar els pacients en hemodi\u00e0lisi amb m\u00fasica en directe. Aquest cop hem comptat amb la col\u00b7laboraci\u00f3 dels voluntaris de la orquestra de l\u2019Institut Gili i Gaya. Moltes gr\u00e0cies per transmetre els vostres valors nota per nota.  <\/p>\n<p><img loading=\"lazy\" decoding=\"async\" class=\"alignnone wp-image-4676\" src=\"https:\/\/fjarno.org\/wp-content\/uploads\/2019\/03\/PHOTO-2019-03-02-12-01-27-290x290.jpg\" alt=\"PHOTO-2019-03-02-12-01-27\" width=\"267\" height=\"267\"> <img loading=\"lazy\" decoding=\"async\" class=\"alignnone wp-image-4675\" src=\"https:\/\/fjarno.org\/wp-content\/uploads\/2019\/03\/PHOTO-2019-03-02-11-58-34-290x290.jpg\" alt=\"PHOTO-2019-03-02-11-58-34\" width=\"265\" height=\"265\"> <img loading=\"lazy\" decoding=\"async\" class=\"alignnone wp-image-4674\" src=\"https:\/\/fjarno.org\/wp-content\/uploads\/2019\/03\/PHOTO-2019-03-02-11-58-34-1-290x290.jpg\" alt=\"PHOTO-2019-03-02-11-58-34 (1)\" width=\"264\" height=\"264\"><\/p>\n<h4>CAMPANYA 2018 SOBRE DONACI\u00d3 D&#8217;\u00d2RGANS A LES XARXES SOCIALS<\/h4>\n<p><img loading=\"lazy\" decoding=\"async\" class=\"alignnone wp-image-4422\" src=\"https:\/\/fjarno.org\/wp-content\/uploads\/2016\/02\/si-pogu%C3%A9ssguim.png\" alt=\"si pogu\u00e9ssguim\" width=\"386\" height=\"324\"><\/p>\n<p><img loading=\"lazy\" decoding=\"async\" class=\"alignnone wp-image-4565\" src=\"https:\/\/fjarno.org\/wp-content\/uploads\/2016\/02\/Donar-%C3%A9s.png\" alt=\"Donar \u00e9s\" width=\"378\" height=\"317\"> <img loading=\"lazy\" decoding=\"async\" class=\"alignnone wp-image-4564\" src=\"https:\/\/fjarno.org\/wp-content\/uploads\/2016\/02\/Transformar-CAST.png\" alt=\"Transformar CAST\" width=\"379\" height=\"317\" srcset=\"https:\/\/fjarno.org\/wp-content\/uploads\/2016\/02\/Transformar-CAST.png 940w, https:\/\/fjarno.org\/wp-content\/uploads\/2016\/02\/Transformar-CAST-600x503.png 600w, https:\/\/fjarno.org\/wp-content\/uploads\/2016\/02\/Transformar-CAST-300x251.png 300w, https:\/\/fjarno.org\/wp-content\/uploads\/2016\/02\/Transformar-CAST-768x644.png 768w\" sizes=\"auto, (max-width: 379px) 100vw, 379px\" \/> <img loading=\"lazy\" decoding=\"async\" class=\"alignnone wp-image-4563\" src=\"https:\/\/fjarno.org\/wp-content\/uploads\/2016\/02\/Ho-millorem.png\" alt=\"Ho millorem\" width=\"378\" height=\"317\" srcset=\"https:\/\/fjarno.org\/wp-content\/uploads\/2016\/02\/Ho-millorem.png 940w, https:\/\/fjarno.org\/wp-content\/uploads\/2016\/02\/Ho-millorem-600x503.png 600w, https:\/\/fjarno.org\/wp-content\/uploads\/2016\/02\/Ho-millorem-300x251.png 300w, https:\/\/fjarno.org\/wp-content\/uploads\/2016\/02\/Ho-millorem-768x644.png 768w\" sizes=\"auto, (max-width: 378px) 100vw, 378px\" \/> <img loading=\"lazy\" decoding=\"async\" class=\"alignnone wp-image-4562\" src=\"https:\/\/fjarno.org\/wp-content\/uploads\/2016\/02\/Hazme-un-regalo-que-no-pueda-olvidaruno-que-solo-no-pueda-adquirir.%C3%89se-que-nunca-podr%C3%ADa-pagar...Tan-valioso-fragmento-de-t%C3%AD.png\" alt=\"Feu-me un regal que no pugui oblidar, un que nom\u00e9s no pugui adquirir. Aquest que mai podria pagar... Tan valu\u00f3s fragment de v\u00f3s!\" width=\"375\" height=\"375\"><\/p>\n<h3>DIA NACIONAL DEL DONANT 2018<\/h3>\n<p>El primer dimecres del mes de juny \u00e9s el Dia Nacional del Donant. Dia de reflexions, de celebrar la generositat dels Donants i les seves fam\u00edlies i de conscienciar sobre aquesta necessitat social que dep\u00e8n de la solidaritat de tots. Amb aquest objectiu en ment, la Fundaci\u00f3 Renal Jaume Arn\u00f3, en el marc del projecte Lleida per la Donaci\u00f3, va organitzar la 2\u00aa Mostra de curtmetratges per la Donaci\u00f3 d\u2019\u00f2rgans a l\u2019auditori de CaixaForum.  <\/p>\n<p>21 alumnes de primer de Batxillerat Internacional de l\u2019IES Josep LLadonosa van participar com a voluntaris en la creaci\u00f3 i edici\u00f3 de tres v\u00eddeos dirigits a sensibilitzar, informar i fomentar la Donaci\u00f3 d\u2019\u00f2rgans. El seu treball va ser supervisat per la professora de Creativitat, Aprenentatge i Servei, Dolors Jov\u00e9, qui descriu l\u2019experi\u00e8ncia com molt enriquidora, ja que la implicaci\u00f3 dels estudiants en aquest projecte no nom\u00e9s aconsegueix que assoleixin compet\u00e8ncies com el treball en equip i la comunicaci\u00f3, sin\u00f3 tamb\u00e9 que s\u2019apropin a una realitat que desconeixien. <\/p>\n<p>Va ser un acte molt emotiu presentat per Josep Maria Guti\u00e9rrez Vilaplana, patr\u00f3 de la Fundaci\u00f3 i professor del Grau d\u2019Infermeria de la UdL. Entre els assistents, professionals socio-sanitaris, familiars de Donants, pacients en llista de espera, persones trasplantades, estudiants i docents ens recorden , que com deia l\u2019esl\u00f2gan d\u2019un dels v\u00eddeos, \u201cLa Donaci\u00f3 \u00e9s cosa de tots\u201d. <\/p>\n<p><img loading=\"lazy\" decoding=\"async\" class=\"alignnone wp-image-4398\" src=\"https:\/\/fjarno.org\/wp-content\/uploads\/2018\/06\/ANA4169.jpg\" alt=\"_ANA4169\" width=\"657\" height=\"438\"><\/p>\n<p>Donant en primera persona <span style=\"color: #3366ff;\"><a style=\"color: #3366ff;\" href=\"https:\/\/www.youtube.com\/watch?v=KUddHmhdhlA\">Veure video<\/a><\/span><\/p>\n<p>No hi ha res m\u00e9s fort que el cor d&#8217;un donant <span style=\"color: #3366ff;\"><a style=\"color: #3366ff;\" href=\"https:\/\/www.youtube.com\/watch?v=erW4zALJJU4\">Veure video<\/a><\/span><\/p>\n<p>Reescrivim hist\u00f2ries <span style=\"color: #3366ff;\"><a style=\"color: #3366ff;\" href=\"https:\/\/www.youtube.com\/watch?v=qC-m39-Jrio\">Veure video<\/a><\/span><\/p>\n<h3>DIA MUNDIAL DEL RONY\u00d3 2018<img loading=\"lazy\" decoding=\"async\" class=\"size-thumbnail wp-image-4254 alignright\" src=\"https:\/\/fjarno.org\/wp-content\/uploads\/2016\/02\/Dia-Mundial-del-Rony%C3%B3-290x290.jpg\" alt=\"Dia Mundial del Rony\u00f3\" width=\"290\" height=\"290\"><\/h3>\n<h4>La Fundaci\u00f3 Jaume Arn\u00f3 organitza La Setmana del Rony\u00f3 a l\u2019Escola Joan Maragall<\/h4>\n<p>Aquest any des de la Fundaci\u00f3 Jaume Arn\u00f3 ens proposem refor\u00e7ar la pres\u00e8ncia dels nostres objectius de millora social a l\u2019\u00e0mbit de l\u2019ensenyan\u00e7a. \u00c9s molt necessari educar en salut renal, prevenci\u00f3 i donaci\u00f3 d\u2019\u00f2rgans. Per aquesta ra\u00f3, darrerament la Fundaci\u00f3 est\u00e0 obrint alguns dels seus projectes a centres d\u2019educaci\u00f3 prim\u00e0ria i secund\u00e0ria, amb resultats molt positius.  <\/p>\n<p>Amb motiu del Dia Mundial del Rony\u00f3, campanya llur objectiu \u00e9s crear consci\u00e8ncia sobre la import\u00e0ncia dels ronyons i posar de relleu la urg\u00e8ncia d\u2019assolir h\u00e0bits saludables, hem treballat conjuntament amb l\u2019Escola Joan Maragall de Lleida , que aposta per l\u2019aprenentatge significatiu, \u00fatil i cooperatiu.<\/p>\n<p>Hem visitat l\u2019escola durant tota una setmana i hem treballat per cicles amb l\u2019objectiu de transmetre la import\u00e0ncia dels ronyons al nostre cos, i de la prevenci\u00f3. A cicle superior hem vist el v\u00eddeo creat per la nostra Fundaci\u00f3, <em>l\u2019Aigua \u00e9s vida <\/em>(De Genaro Massot), que mostra la realitat de la malaltia i la import\u00e0ncia de la donaci\u00f3 d\u2019\u00f2rgans. A cicle inicial i mitj\u00e0 hem realitzat un experiment per visualitzar la funci\u00f3 de filtre que t\u00e9 el rony\u00f3. I a cicle infantil hem presentat al <em>Senyor Ronyonet<\/em>, (rony\u00f3 de peluix fet artesanalment a la Fundaci\u00f3 per la Cristina Pu\u00f1et) que els alumnes han acollit per tenir-ne cura amb els h\u00e0bits treballats amb el conte : <em>El Roc i L\u2019Ori van al metge. <\/em>(Escrit i dissenyat a la Fundaci\u00f3 per Raquel Maya i Esther J\u00edmenez)   <\/p>\n<p>Un aspecte molt positiu del taller, ha estat l\u2019alt nivell d\u2019implicaci\u00f3 de l\u2019equip docent i directiu del centre, i l\u2019entusiasme dels escolars, que han estat molt participatius. Sense dubte, l\u2019activitat que m\u00e9s ha agradat a tots ha estat el poder dissenyar cadasc\u00fa la seva samarreta amb dibuixos i esl\u00f2gans sobre la salut dels nostres ronyons. <\/p>\n<p>Com a cloenda del projecte i per commemorar el Dia Mundial del Rony\u00f3, els alumnes van realitzar manualitats que van ser exposades a la sala del Hall de l\u2019Hospital Universitari Arnau de Vilanova durant la setmana del 5 a 9 de mar\u00e7, i posteriorment a la mateixa escola.<\/p>\n<p>Al marge d&#8217;aquestes activitats i com a part de la celebraci\u00f3 del Dia Mundial Del Rony\u00f3, la Fundaci\u00f3 Renal Jaume Arn\u00f3 va dur m\u00fasica en directe a les sales de Di\u00e0lisi de l&#8217;Hospital Arnau de Vilanova i Sistemes Renals, perqu\u00e8s sens dubte, els pacients s\u00f3n els protagonistes de la jornada.<\/p>\n<h6>  Cel\u00b7lebrem el D\u00eda Mundial del Rony\u00f3 a ritme de Saxo<\/h6>\n<p><img loading=\"lazy\" decoding=\"async\" class=\"alignnone size-thumbnail wp-image-4275\" src=\"https:\/\/fjarno.org\/wp-content\/uploads\/2016\/02\/DSC_0366-290x290.jpg\" alt=\"DSC_0366\" width=\"290\" height=\"290\"><\/p>\n<h6>Activitats de la setmana del Rony\u00f3 a l&#8217;Escola Joan Maragall<\/h6>\n<p><img loading=\"lazy\" decoding=\"async\" class=\"alignnone size-thumbnail wp-image-4263\" src=\"https:\/\/fjarno.org\/wp-content\/uploads\/2016\/02\/DSC_0267-290x290.jpg\" alt=\"DSC_0267\" width=\"290\" height=\"290\"> <img loading=\"lazy\" decoding=\"async\" class=\"alignnone size-thumbnail wp-image-4262\" src=\"https:\/\/fjarno.org\/wp-content\/uploads\/2016\/02\/DSC_0266-290x290.jpg\" alt=\"DSC_0266\" width=\"290\" height=\"290\"> <img loading=\"lazy\" decoding=\"async\" class=\"alignnone size-thumbnail wp-image-4261\" src=\"https:\/\/fjarno.org\/wp-content\/uploads\/2016\/02\/DSC_0262-290x290.jpg\" alt=\"DSC_0262\" width=\"290\" height=\"290\"> <img loading=\"lazy\" decoding=\"async\" class=\"alignnone size-thumbnail wp-image-4260\" src=\"https:\/\/fjarno.org\/wp-content\/uploads\/2016\/02\/DSC_0258-290x290.jpg\" alt=\"DSC_0258\" width=\"290\" height=\"290\"> <img loading=\"lazy\" decoding=\"async\" class=\"alignnone size-thumbnail wp-image-4258\" src=\"https:\/\/fjarno.org\/wp-content\/uploads\/2016\/02\/27657570_1972570926289028_8664095993917339932_n-290x290.jpg\" alt=\"27657570_1972570926289028_8664095993917339932_n\" width=\"290\" height=\"290\"> <img loading=\"lazy\" decoding=\"async\" class=\"alignnone size-thumbnail wp-image-4259\" src=\"https:\/\/fjarno.org\/wp-content\/uploads\/2016\/02\/27857900_1972920886254032_7351381227632717543_n-290x290.jpg\" alt=\"27857900_1972920886254032_7351381227632717543_n\" width=\"290\" height=\"290\"><\/p>\n<h6>Conte, Cartell i Exposici\u00f3 dels alumnes<\/h6>\n<p><img loading=\"lazy\" decoding=\"async\" class=\"alignnone size-thumbnail wp-image-4257\" src=\"https:\/\/fjarno.org\/wp-content\/uploads\/2016\/02\/Coneix-la-nostra-Fundaci%C3%B3-copia-1024x775-290x290.jpg\" alt=\"Coneix la nostra Fundaci\u00f3 - copia (1024x775)\" width=\"290\" height=\"290\"> <img loading=\"lazy\" decoding=\"async\" class=\"alignnone size-thumbnail wp-image-4256\" src=\"https:\/\/fjarno.org\/wp-content\/uploads\/2016\/02\/Cartell-Expo-2-1-290x290.png\" alt=\"Cartell Expo 2 (1)\" width=\"290\" height=\"290\"> <img loading=\"lazy\" decoding=\"async\" class=\"alignnone size-thumbnail wp-image-4255\" src=\"https:\/\/fjarno.org\/wp-content\/uploads\/2016\/02\/20180209_150713-290x290.jpg\" alt=\"_20180209_150713\" width=\"290\" height=\"290\"> <img loading=\"lazy\" decoding=\"async\" class=\"alignnone size-thumbnail wp-image-4267\" src=\"https:\/\/fjarno.org\/wp-content\/uploads\/2016\/02\/DSC_0330-290x290.jpg\" alt=\"DSC_0330\" width=\"290\" height=\"290\"> <img loading=\"lazy\" decoding=\"async\" class=\"alignnone size-thumbnail wp-image-4272\" src=\"https:\/\/fjarno.org\/wp-content\/uploads\/2016\/02\/DSC_0336-290x290.jpg\" alt=\"DSC_0336\" width=\"290\" height=\"290\"> <img loading=\"lazy\" decoding=\"async\" class=\"alignnone size-thumbnail wp-image-4265\" src=\"https:\/\/fjarno.org\/wp-content\/uploads\/2016\/02\/DSC_0328-290x290.jpg\" alt=\"DSC_0328\" width=\"290\" height=\"290\"> <img loading=\"lazy\" decoding=\"async\" class=\"alignnone size-thumbnail wp-image-4266\" src=\"https:\/\/fjarno.org\/wp-content\/uploads\/2016\/02\/DSC_0329-290x290.jpg\" alt=\"DSC_0329\" width=\"290\" height=\"290\"> <img loading=\"lazy\" decoding=\"async\" class=\"alignnone size-thumbnail wp-image-4268\" src=\"https:\/\/fjarno.org\/wp-content\/uploads\/2016\/02\/DSC_0331-290x290.jpg\" alt=\"DSC_0331\" width=\"290\" height=\"290\"><\/p>\n<h3>DIA DEL DONANT 2017<\/h3>\n<p>Aquest any amb motiu del Dia del Donant preparem una mostra de curts sobre Donaci\u00f3 &#8216;\u00f2rgans amb la col\u00b7laboraci\u00f3 dels alumnes voluntaris de primer de Batxillerat Internacional de l&#8217;Institut Josep Lladonosa de Lleida. Ha estat un acte molt emotiu ja que els joves han expressat que participar en el projecte ha estat una experi\u00e8ncia molt enriquidora i han apr\u00e8s molt. <\/p>\n<p>En un dels v\u00eddeos han participat quatre pacients renals en llista d&#8217;espera per a trasplantament per sensibilitzar i conscienciar sobre la gran neccessitat d&#8217;augmentar el nombre de donants. L&#8217;altre video mostra la cara m\u00e9s amable de la Donaci\u00f3 fent \u00e8mfasi en el fet que aquest gest tan altruista salva vides i omple d&#8217;esperan\u00e7a. <\/p>\n<p>La bona acollida que ha tingut aquest projecte entre els m\u00e9s joves ha contribuit a que l&#8217;any vinent extenguem la proposta a altres instituts de secund\u00e0ria i m\u00e9s alumnes tinguin l&#8217;oportunitat de participar-hi donant-li a <em>Lleida per la Donaci\u00f3 <\/em>un caire educatiu.<\/p>\n<p><a href=\"https:\/\/fjarno.org\/ca\/gmf_3101\/\"><img loading=\"lazy\" decoding=\"async\" class=\"alignnone size-medium wp-image-3994\" src=\"https:\/\/fjarno.org\/wp-content\/uploads\/2016\/02\/GMF_3101-200x300.jpg\" alt=\"GMF_3101\" width=\"200\" height=\"300\"><\/a> <a href=\"https:\/\/fjarno.org\/ca\/gmf_3143\/\"><img loading=\"lazy\" decoding=\"async\" class=\"alignnone size-medium wp-image-3995\" src=\"https:\/\/fjarno.org\/wp-content\/uploads\/2016\/02\/GMF_3143-300x200.jpg\" alt=\"GMF_3143\" width=\"300\" height=\"200\"><\/a> <a href=\"https:\/\/fjarno.org\/ca\/gmf_3207\/\"><img loading=\"lazy\" decoding=\"async\" class=\"alignnone size-medium wp-image-3996\" src=\"https:\/\/fjarno.org\/wp-content\/uploads\/2016\/02\/GMF_3207-300x200.jpg\" alt=\"GMF_3207\" width=\"300\" height=\"200\"><\/a><\/p>\n<p>V\u00eddeo Experiment Social <a href=\"https:\/\/youtu.be\/v4UUe2QXb6k\">Veure video<\/a><\/p>\n<p>Video Meravell\u00f3s Regal<a href=\"https:\/\/youtu.be\/Fh-ZBNo3CrE\"> Veure video<\/a><\/p>\n<h4>Campanya 2017 a les xarxes sobre Donaci\u00f3 d\u00b4\u00f2rgans<\/h4>\n<p><img loading=\"lazy\" decoding=\"async\" class=\"alignnone wp-image-4280\" src=\"https:\/\/fjarno.org\/wp-content\/uploads\/2016\/02\/LL-x-D-2-1.png\" alt=\"LL x D 2\" width=\"241\" height=\"362\" srcset=\"https:\/\/fjarno.org\/wp-content\/uploads\/2016\/02\/LL-x-D-2-1.png 735w, https:\/\/fjarno.org\/wp-content\/uploads\/2016\/02\/LL-x-D-2-1-600x900.png 600w, https:\/\/fjarno.org\/wp-content\/uploads\/2016\/02\/LL-x-D-2-1-200x300.png 200w, https:\/\/fjarno.org\/wp-content\/uploads\/2016\/02\/LL-x-D-2-1-683x1024.png 683w\" sizes=\"auto, (max-width: 241px) 100vw, 241px\" \/><img loading=\"lazy\" decoding=\"async\" class=\"alignnone wp-image-4279\" src=\"https:\/\/fjarno.org\/wp-content\/uploads\/2016\/02\/Post-donaci%C3%B3-Cat.png\" alt=\"Post donaci\u00f3 Cat\" width=\"424\" height=\"354\"> <img loading=\"lazy\" decoding=\"async\" class=\"alignnone wp-image-4278\" src=\"https:\/\/fjarno.org\/wp-content\/uploads\/2016\/02\/LL-x-D.png\" alt=\"LL x D\" width=\"279\" height=\"418\" srcset=\"https:\/\/fjarno.org\/wp-content\/uploads\/2016\/02\/LL-x-D.png 735w, https:\/\/fjarno.org\/wp-content\/uploads\/2016\/02\/LL-x-D-600x900.png 600w, https:\/\/fjarno.org\/wp-content\/uploads\/2016\/02\/LL-x-D-200x300.png 200w, https:\/\/fjarno.org\/wp-content\/uploads\/2016\/02\/LL-x-D-683x1024.png 683w\" sizes=\"auto, (max-width: 279px) 100vw, 279px\" \/> <img loading=\"lazy\" decoding=\"async\" class=\"alignnone wp-image-4277\" src=\"https:\/\/fjarno.org\/wp-content\/uploads\/2016\/02\/LL-x-D-Hemodi%C3%A0lisi.png\" alt=\"LL x D Hemodi\u00e0lisi\" width=\"278\" height=\"417\"><\/p>\n<h4>9 de Mar\u00e7 de 2017 Dia Mundial del Rony\u00f3<\/h4>\n<p>Amb motiu del dia mundial del Rony\u00f3, la Fundaci\u00f3 Jaume Arn\u00f3, sempre compromesa amb la salut renal i la donaci\u00f3 d&#8217;\u00f2rgans,va organitzar una activitat cultural pels pacients en hemodi\u00e0lisi de Sistemes Renals i Hospital Arnau de Vilanova. Vam comptar amb la col\u00b7laboraci\u00f3 de joves voluntaris de l&#8217;IES Josep Lladonosa que van llegir relats curts per reflexionar i voluntaris del Conservatori que van omplir la sala amb m\u00fasica en directe de viol\u00ed i Xel\u00b7lo. Tant pacients com professionals van valorar molt positivament aquesta iniciativa. Com va dir el Dan, un dels voluntaris del Conservatori, \u201cAvui, tots hem apr\u00e8s alguna cosa\u201d, i \u00e9s que per ells tamb\u00e9 va estar una experi\u00e8ncia for\u00e7a enriquidora con\u00e8ixer m\u00e9s de prop el dia a dia dels pacients renals i poder aportar el seu granet de sorra.   <\/p>\n<p><a href=\"https:\/\/fjarno.org\/ca\/dsc_1435\/\"><img loading=\"lazy\" decoding=\"async\" class=\"alignnone size-medium wp-image-3899\" src=\"https:\/\/fjarno.org\/wp-content\/uploads\/2016\/02\/DSC_1435-300x169.jpg\" alt=\"DSC_1435\" width=\"300\" height=\"169\"><\/a> <a href=\"https:\/\/fjarno.org\/ca\/dsc_1452\/\"><img loading=\"lazy\" decoding=\"async\" class=\"alignnone size-medium wp-image-3900\" src=\"https:\/\/fjarno.org\/wp-content\/uploads\/2016\/02\/DSC_1452-300x169.jpg\" alt=\"DSC_1452\" width=\"300\" height=\"169\"><\/a> <a href=\"https:\/\/fjarno.org\/ca\/dsc_1463\/\"><img loading=\"lazy\" decoding=\"async\" class=\"alignnone size-medium wp-image-3901\" src=\"https:\/\/fjarno.org\/wp-content\/uploads\/2016\/02\/DSC_1463-300x169.jpg\" alt=\"DSC_1463\" width=\"300\" height=\"169\"><\/a> <a href=\"https:\/\/fjarno.org\/ca\/dsc_1465\/\"><img loading=\"lazy\" decoding=\"async\" class=\"alignnone size-medium wp-image-3902\" src=\"https:\/\/fjarno.org\/wp-content\/uploads\/2016\/02\/DSC_1465-300x169.jpg\" alt=\"DSC_1465\" width=\"300\" height=\"169\"><\/a><\/p>\n<p class=\"responsive-video-wrap clr\"><iframe loading=\"lazy\" title=\"Dia de Rony\u00f3 2017\" width=\"1200\" height=\"675\" src=\"https:\/\/www.youtube.com\/embed\/-ITfYvlBGkU?feature=oembed\" frameborder=\"0\" allow=\"accelerometer; autoplay; clipboard-write; encrypted-media; gyroscope; picture-in-picture; web-share\" referrerpolicy=\"strict-origin-when-cross-origin\" allowfullscreen><\/iframe><\/p>\n<h3>2016 UN ANY PLE D&#8217;ACTIVITATS<\/h3>\n<p>Comencem 2016 amb el Projecte Lleida per la Donaci\u00f3 amb el lema <strong><em>FES-TE DONANT D\u00d3NA<\/em><\/strong> <strong><em>VIDA<\/em><\/strong> , i amb la motivaci\u00f3 de sensibilitzar la poblaci\u00f3 sobre la import\u00e0ncia de la donaci\u00f3 d\u2019\u00f2rgans.<\/p>\n<p><a href=\"https:\/\/fjarno.org\/ca\/09e2b1a6765dab74e5e435b83c36e9b9-2\/\"><img loading=\"lazy\" decoding=\"async\" class=\"alignnone size-medium wp-image-1636\" src=\"https:\/\/fjarno.org\/wp-content\/uploads\/2015\/06\/09e2b1a6765dab74e5e435b83c36e9b9-300x225.jpg\" alt=\"09e2b1a6765dab74e5e435b83c36e9b9\" width=\"300\" height=\"225\" srcset=\"https:\/\/fjarno.org\/wp-content\/uploads\/2015\/06\/09e2b1a6765dab74e5e435b83c36e9b9-300x225.jpg 300w, https:\/\/fjarno.org\/wp-content\/uploads\/2015\/06\/09e2b1a6765dab74e5e435b83c36e9b9-600x450.jpg 600w, https:\/\/fjarno.org\/wp-content\/uploads\/2015\/06\/09e2b1a6765dab74e5e435b83c36e9b9-1024x768.jpg 1024w, https:\/\/fjarno.org\/wp-content\/uploads\/2015\/06\/09e2b1a6765dab74e5e435b83c36e9b9-768x576.jpg 768w, https:\/\/fjarno.org\/wp-content\/uploads\/2015\/06\/09e2b1a6765dab74e5e435b83c36e9b9-1536x1152.jpg 1536w, https:\/\/fjarno.org\/wp-content\/uploads\/2015\/06\/09e2b1a6765dab74e5e435b83c36e9b9.jpg 1600w\" sizes=\"auto, (max-width: 300px) 100vw, 300px\" \/><\/a> <a href=\"https:\/\/fjarno.org\/ca\/coco-chanel\/image001-2-2\/\"><img loading=\"lazy\" decoding=\"async\" class=\"alignnone wp-image-1633\" src=\"https:\/\/fjarno.org\/wp-content\/uploads\/2015\/07\/image001-2-212x300.jpg\" alt=\"image001 (2)\" width=\"158\" height=\"224\" srcset=\"https:\/\/fjarno.org\/wp-content\/uploads\/2015\/07\/image001-2-212x300.jpg 212w, https:\/\/fjarno.org\/wp-content\/uploads\/2015\/07\/image001-2-600x848.jpg 600w, https:\/\/fjarno.org\/wp-content\/uploads\/2015\/07\/image001-2.jpg 641w\" sizes=\"auto, (max-width: 158px) 100vw, 158px\" \/><\/a><\/p>\n<h6>Presentaci\u00f3 p\u00fablica del Projecte a la Diputaci\u00f3 de Lleida Febrer 2016<\/h6>\n<p>A principis d\u2019any comptem amb la col\u00b7laboraci\u00f3 de voluntaris de l\u2019IES Josep Lladonosa, dinamitzadors de Barri i associacions de comerciants per crear una xarxa d\u2019establiments solidaris que acosti la informaci\u00f3 a la gent en un context quotidi\u00e0.<\/p>\n<p><a href=\"https:\/\/fjarno.org\/ca\/foto-1\/\"><img loading=\"lazy\" decoding=\"async\" class=\"alignnone wp-image-3717\" src=\"https:\/\/fjarno.org\/wp-content\/uploads\/2016\/02\/foto-1-300x300.jpg\" alt=\"foto-1\" width=\"281\" height=\"281\" srcset=\"https:\/\/fjarno.org\/wp-content\/uploads\/2016\/02\/foto-1-300x300.jpg 300w, https:\/\/fjarno.org\/wp-content\/uploads\/2016\/02\/foto-1-100x100.jpg 100w, https:\/\/fjarno.org\/wp-content\/uploads\/2016\/02\/foto-1-600x600.jpg 600w, https:\/\/fjarno.org\/wp-content\/uploads\/2016\/02\/foto-1-1021x1024.jpg 1021w, https:\/\/fjarno.org\/wp-content\/uploads\/2016\/02\/foto-1-150x150.jpg 150w, https:\/\/fjarno.org\/wp-content\/uploads\/2016\/02\/foto-1-768x770.jpg 768w, https:\/\/fjarno.org\/wp-content\/uploads\/2016\/02\/foto-1-1532x1536.jpg 1532w, https:\/\/fjarno.org\/wp-content\/uploads\/2016\/02\/foto-1-2043x2048.jpg 2043w\" sizes=\"auto, (max-width: 281px) 100vw, 281px\" \/><\/a> <a href=\"https:\/\/fjarno.org\/ca\/c9f5204790b44f05a1bb4063b32540e6\/\"><img loading=\"lazy\" decoding=\"async\" class=\"alignnone wp-image-3716\" src=\"https:\/\/fjarno.org\/wp-content\/uploads\/2016\/02\/C9F5204790B44F05A1BB4063B32540E6-169x300.jpg\" alt=\"C9F5204790B44F05A1BB4063B32540E6\" width=\"159\" height=\"282\" srcset=\"https:\/\/fjarno.org\/wp-content\/uploads\/2016\/02\/C9F5204790B44F05A1BB4063B32540E6-169x300.jpg 169w, https:\/\/fjarno.org\/wp-content\/uploads\/2016\/02\/C9F5204790B44F05A1BB4063B32540E6-576x1024.jpg 576w, https:\/\/fjarno.org\/wp-content\/uploads\/2016\/02\/C9F5204790B44F05A1BB4063B32540E6.jpg 585w\" sizes=\"auto, (max-width: 159px) 100vw, 159px\" \/><\/a> <a href=\"https:\/\/fjarno.org\/ca\/de4ee7a0-3ea4-4587-9c9d-80836905c20c\/\"><img loading=\"lazy\" decoding=\"async\" class=\"alignnone wp-image-3715\" src=\"https:\/\/fjarno.org\/wp-content\/uploads\/2016\/02\/de4ee7a0-3ea4-4587-9c9d-80836905c20c-169x300.jpg\" alt=\"de4ee7a0-3ea4-4587-9c9d-80836905c20c\" width=\"159\" height=\"282\" srcset=\"https:\/\/fjarno.org\/wp-content\/uploads\/2016\/02\/de4ee7a0-3ea4-4587-9c9d-80836905c20c-169x300.jpg 169w, https:\/\/fjarno.org\/wp-content\/uploads\/2016\/02\/de4ee7a0-3ea4-4587-9c9d-80836905c20c-600x1067.jpg 600w, https:\/\/fjarno.org\/wp-content\/uploads\/2016\/02\/de4ee7a0-3ea4-4587-9c9d-80836905c20c-576x1024.jpg 576w, https:\/\/fjarno.org\/wp-content\/uploads\/2016\/02\/de4ee7a0-3ea4-4587-9c9d-80836905c20c-768x1365.jpg 768w, https:\/\/fjarno.org\/wp-content\/uploads\/2016\/02\/de4ee7a0-3ea4-4587-9c9d-80836905c20c-864x1536.jpg 864w, https:\/\/fjarno.org\/wp-content\/uploads\/2016\/02\/de4ee7a0-3ea4-4587-9c9d-80836905c20c.jpg 900w\" sizes=\"auto, (max-width: 159px) 100vw, 159px\" \/><\/a> <a href=\"https:\/\/fjarno.org\/ca\/botiga-de-roba-gesa-carrer-major\/\"><img loading=\"lazy\" decoding=\"async\" class=\"alignnone wp-image-3713\" src=\"https:\/\/fjarno.org\/wp-content\/uploads\/2016\/02\/Botiga-de-roba-Gesa-Carrer-Major-225x300.jpg\" alt=\"Botiga de roba Gesa Carrer Major\" width=\"211\" height=\"281\" srcset=\"https:\/\/fjarno.org\/wp-content\/uploads\/2016\/02\/Botiga-de-roba-Gesa-Carrer-Major-225x300.jpg 225w, https:\/\/fjarno.org\/wp-content\/uploads\/2016\/02\/Botiga-de-roba-Gesa-Carrer-Major-600x800.jpg 600w, https:\/\/fjarno.org\/wp-content\/uploads\/2016\/02\/Botiga-de-roba-Gesa-Carrer-Major-768x1024.jpg 768w, https:\/\/fjarno.org\/wp-content\/uploads\/2016\/02\/Botiga-de-roba-Gesa-Carrer-Major-1152x1536.jpg 1152w, https:\/\/fjarno.org\/wp-content\/uploads\/2016\/02\/Botiga-de-roba-Gesa-Carrer-Major.jpg 1536w\" sizes=\"auto, (max-width: 211px) 100vw, 211px\" \/><\/a><a href=\"https:\/\/fjarno.org\/ca\/perruqueria-marivi-bordeta-2\/\"><img loading=\"lazy\" decoding=\"async\" class=\"alignnone wp-image-3718\" src=\"https:\/\/fjarno.org\/wp-content\/uploads\/2016\/02\/Perruqueria-Marivi-Bordeta-1-300x222.jpg\" alt=\"Perruqueria Marivi Bordeta\" width=\"378\" height=\"280\"><\/a><\/p>\n<p>El 10 de Mar\u00e7, Dia del Rony\u00f3 ens traslladem al vest\u00edbul de l\u2019Hospital Arnau de Vilanova amb una exposici\u00f3 fotogr\u00e0fica sobre la donaci\u00f3.<\/p>\n<p><a href=\"https:\/\/fjarno.org\/galeria\/foto-2-2\/\"><img loading=\"lazy\" decoding=\"async\" class=\"alignnone size-medium wp-image-1774\" src=\"https:\/\/fjarno.org\/wp-content\/uploads\/2016\/01\/foto-2-225x300.jpg\" alt=\"foto 2\" width=\"225\" height=\"300\"><\/a><a href=\"https:\/\/fjarno.org\/galeria\/foto-3-2\/\"><img loading=\"lazy\" decoding=\"async\" class=\"alignnone size-medium wp-image-1775\" src=\"https:\/\/fjarno.org\/wp-content\/uploads\/2016\/01\/foto-3-225x300.jpg\" alt=\"foto 3\" width=\"225\" height=\"300\"><\/a><\/p>\n<p>El 24 d\u2019abril gaudim del concert ben\u00e8fic <strong><em>Lleida per la Donaci\u00f3<\/em><\/strong> a c\u00e0rrec de l\u2019orquestra Juli\u00e0 Carbonell de les terres de Lleida i visionem el video <strong><em>La Donaci\u00f3, <\/em><\/strong>en el que el Dr.Jaume Tort (Director de la OCATT) el Dr. Rafael Matesanz ( Nefr\u00f2leg i director de la ONT) el Dr. Federico Oppenheimer ( Nefr\u00f2leg i cap de la unitat de trasplantament de l\u2019hospital Cl\u00ednic de Barcelona) La Dra. Mariona Badia ( Coordinadora de Trasplantaments de l\u2019Hospital Arnau de Vilanova) La Ingrid Palos ( Pacient trasplantada de fetge) i l\u2019 Ignacio Gracia ( Vicepresident de la Fundaci\u00f3 Jaume Arn\u00f3 i trasplantat de rony\u00f3) Comparteixen la seva experi\u00e8ncia i ens donen dades molt interessants sobre la Donaci\u00f3 d\u2019\u00f2rgans i el Trasplantament. <\/p>\n<p><a href=\"https:\/\/fjarno.org\/ca\/43394cc904a3f1982dc1ca1220cc3b2f-2\/\"><img loading=\"lazy\" decoding=\"async\" class=\"alignnone wp-image-3721\" src=\"https:\/\/fjarno.org\/wp-content\/uploads\/2016\/02\/43394cc904a3f1982dc1ca1220cc3b2f-2-300x162.jpg\" alt=\"43394cc904a3f1982dc1ca1220cc3b2f (2)\" width=\"525\" height=\"284\" srcset=\"https:\/\/fjarno.org\/wp-content\/uploads\/2016\/02\/43394cc904a3f1982dc1ca1220cc3b2f-2-300x162.jpg 300w, https:\/\/fjarno.org\/wp-content\/uploads\/2016\/02\/43394cc904a3f1982dc1ca1220cc3b2f-2-600x324.jpg 600w, https:\/\/fjarno.org\/wp-content\/uploads\/2016\/02\/43394cc904a3f1982dc1ca1220cc3b2f-2.jpg 640w\" sizes=\"auto, (max-width: 525px) 100vw, 525px\" \/><\/a><a href=\"https:\/\/fjarno.org\/ca\/image002\/\"><img loading=\"lazy\" decoding=\"async\" class=\"alignnone size-medium wp-image-1827\" src=\"https:\/\/fjarno.org\/wp-content\/uploads\/2016\/02\/image002-300x289.jpg\" alt=\"image002\" width=\"300\" height=\"289\" srcset=\"https:\/\/fjarno.org\/wp-content\/uploads\/2016\/02\/image002-300x289.jpg 300w, https:\/\/fjarno.org\/wp-content\/uploads\/2016\/02\/image002-600x577.jpg 600w, https:\/\/fjarno.org\/wp-content\/uploads\/2016\/02\/image002-768x739.jpg 768w, https:\/\/fjarno.org\/wp-content\/uploads\/2016\/02\/image002.jpg 927w\" sizes=\"auto, (max-width: 300px) 100vw, 300px\" \/><\/a><\/p>\n<p>L\u20191 de juny, Dia del Donant, preparem una taula informativa a l\u2019Hospital Arnau de Vilanova i animem a les persones que s\u2019hi atansen a fer-se donants expressant la seva voluntat a la fam\u00edlia, destaquem la col\u00b7laboraci\u00f3 de voluntaris trasplantats renals i hep\u00e0tics, que amb la seva actitut positiva i profund agra\u00efment, s\u00f3n el testimoni viu de que segones oportunitats s\u00f3n possibles, gr\u00e0cies a la Donaci\u00f3.<\/p>\n<p><a href=\"https:\/\/fjarno.org\/ca\/img-20160601-wa0009-1\/\"><img loading=\"lazy\" decoding=\"async\" class=\"alignnone size-medium wp-image-3725\" src=\"https:\/\/fjarno.org\/wp-content\/uploads\/2016\/02\/IMG-20160601-WA0009-1-300x178.jpg\" alt=\"IMG-20160601-WA0009 (1)\" width=\"300\" height=\"178\" srcset=\"https:\/\/fjarno.org\/wp-content\/uploads\/2016\/02\/IMG-20160601-WA0009-1-300x178.jpg 300w, https:\/\/fjarno.org\/wp-content\/uploads\/2016\/02\/IMG-20160601-WA0009-1-600x357.jpg 600w, https:\/\/fjarno.org\/wp-content\/uploads\/2016\/02\/IMG-20160601-WA0009-1-1024x609.jpg 1024w, https:\/\/fjarno.org\/wp-content\/uploads\/2016\/02\/IMG-20160601-WA0009-1-768x457.jpg 768w, https:\/\/fjarno.org\/wp-content\/uploads\/2016\/02\/IMG-20160601-WA0009-1.jpg 1120w\" sizes=\"auto, (max-width: 300px) 100vw, 300px\" \/><\/a> <a href=\"https:\/\/fjarno.org\/ca\/dia-donant-1\/\"><img loading=\"lazy\" decoding=\"async\" class=\"alignnone wp-image-3723\" src=\"https:\/\/fjarno.org\/wp-content\/uploads\/2016\/02\/d%C3%ADa-donant-1-300x169.jpg\" alt=\"d\u00eda donant 1\" width=\"312\" height=\"176\"><\/a><\/p>\n<p>&nbsp;<\/p>\n<p>Al setembre, amb l\u2019inici de les classes, L\u2019Ignacio (Vicepresident de la Fundaci\u00f3) i la Cristina (Treballadora Social) es desplacen a diferents instituts de Secund\u00e0ria per concienciar els m\u00e9s joves sobre la malaltia renal, el trasplantament, les llistes d\u2019espera i la import\u00e0ncia de la donaci\u00f3 d\u2019\u00f2rgans.<\/p>\n<p><a href=\"https:\/\/fjarno.org\/ca\/img_2604\/\"><img loading=\"lazy\" decoding=\"async\" class=\"alignnone size-medium wp-image-3726\" src=\"https:\/\/fjarno.org\/wp-content\/uploads\/2016\/02\/IMG_2604-300x225.jpg\" alt=\"IMG_2604\" width=\"300\" height=\"225\"><\/a> <a href=\"https:\/\/fjarno.org\/ca\/img_2605\/\"><img loading=\"lazy\" decoding=\"async\" class=\"alignnone size-medium wp-image-3727\" src=\"https:\/\/fjarno.org\/wp-content\/uploads\/2016\/02\/IMG_2605-300x225.jpg\" alt=\"IMG_2605\" width=\"300\" height=\"225\"><\/a><\/p>\n<p>El 2 d\u2019octubre t\u00e9 lloc la primera Transplant Bike a Lleida (Alfarr\u00e0s 2016) M\u00e9s de 200 participants (25 transplantats) van pedalar per promoure la donaci\u00f3 d\u2019\u00f2rgans i l\u2019activitat f\u00edsica en pacients cr\u00f2nics i tasplantats. Els corredors, voluntaris, organitzadors i Patrocinadors van fer possible que la primera Transplant Bike fos un \u00e8xit i una jornada inolvidable per tots. <\/p>\n<p><a href=\"https:\/\/fjarno.org\/ca\/dsc_0902-2\/\"><img loading=\"lazy\" decoding=\"async\" class=\"alignnone wp-image-3658\" src=\"https:\/\/fjarno.org\/wp-content\/uploads\/2016\/10\/DSC_0902-2-300x169.jpg\" alt=\"DSC_0902 2\" width=\"348\" height=\"196\"><\/a> <a href=\"https:\/\/fjarno.org\/ca\/_ksf8081\/\"><img loading=\"lazy\" decoding=\"async\" class=\"alignnone size-medium wp-image-3731\" src=\"https:\/\/fjarno.org\/wp-content\/uploads\/2016\/02\/KSF8081-300x200.jpg\" alt=\"_KSF8081\" width=\"300\" height=\"200\"><\/a> <a href=\"https:\/\/fjarno.org\/ca\/dsc_0925\/\"><img loading=\"lazy\" decoding=\"async\" class=\"alignnone wp-image-3730\" src=\"https:\/\/fjarno.org\/wp-content\/uploads\/2016\/02\/DSC_0925-300x169.jpg\" alt=\"DSC_0925\" width=\"351\" height=\"198\"><\/a><\/p>\n<p>I tanquem l&#8217;any, ple d&#8217;activitats a favor de la Donaci\u00f3 d&#8217;\u00f2rgans el 20 de novembre amb una masterclass de zumba solidari a c\u00e0rrec dels t\u00e8cnics de l&#8217;EKKE.<\/p>\n<p><a href=\"https:\/\/fjarno.org\/galeria\/dsc_1094\/\"><img loading=\"lazy\" decoding=\"async\" class=\"alignnone size-medium wp-image-3682\" src=\"https:\/\/fjarno.org\/wp-content\/uploads\/2016\/01\/DSC_1094-300x169.jpg\" alt=\"DSC_1094\" width=\"300\" height=\"169\"><\/a> <a href=\"https:\/\/fjarno.org\/galeria\/dsc_1096\/\"><img loading=\"lazy\" decoding=\"async\" class=\"alignnone size-medium wp-image-3681\" src=\"https:\/\/fjarno.org\/wp-content\/uploads\/2016\/01\/DSC_1096-300x169.jpg\" alt=\"DSC_1096\" width=\"300\" height=\"169\"><\/a> <a href=\"https:\/\/fjarno.org\/galeria\/dsc_1078\/\"><img loading=\"lazy\" decoding=\"async\" class=\"alignnone size-medium wp-image-3683\" src=\"https:\/\/fjarno.org\/wp-content\/uploads\/2016\/01\/DSC_1078-300x169.jpg\" alt=\"DSC_1078\" width=\"300\" height=\"169\"><\/a><\/p>\n<p>Gr\u00e0cies a tots els que heu format part del projecte!<\/p>\n<p><a href=\"https:\/\/fjarno.org\/ca\/collage\/\"><img loading=\"lazy\" decoding=\"async\" class=\"alignnone wp-image-3732\" src=\"https:\/\/fjarno.org\/wp-content\/uploads\/2016\/02\/Collage-300x240.jpg\" alt=\"Collage\" width=\"353\" height=\"282\" srcset=\"https:\/\/fjarno.org\/wp-content\/uploads\/2016\/02\/Collage-300x240.jpg 300w, https:\/\/fjarno.org\/wp-content\/uploads\/2016\/02\/Collage-600x480.jpg 600w, https:\/\/fjarno.org\/wp-content\/uploads\/2016\/02\/Collage-1024x819.jpg 1024w, https:\/\/fjarno.org\/wp-content\/uploads\/2016\/02\/Collage-768x614.jpg 768w, https:\/\/fjarno.org\/wp-content\/uploads\/2016\/02\/Collage.jpg 1500w\" sizes=\"auto, (max-width: 353px) 100vw, 353px\" \/><\/a><\/p>\n<h4> Activitats any 2016<\/h4>\n<p class=\"responsive-video-wrap clr\"><iframe loading=\"lazy\" title=\"Dia de Rony\u00f3 2017\" width=\"1200\" height=\"675\" src=\"https:\/\/www.youtube.com\/embed\/-ITfYvlBGkU?feature=oembed\" frameborder=\"0\" allow=\"accelerometer; autoplay; clipboard-write; encrypted-media; gyroscope; picture-in-picture; web-share\" referrerpolicy=\"strict-origin-when-cross-origin\" allowfullscreen><\/iframe><\/p>\n<h4><\/h4>\n<p>&nbsp;<\/p>\n<h3><\/h3>\n<p>&nbsp;<\/p>\n<h3><\/h3>\n<p>[qodef_button size=\u201d\u201d type=\u201d\u201d text=\u201dVoleu col\u00b7laborar?\u201d custom_class=\u201d\u201d icon_pack=\u201dfont_awesome\u201d fa_icon=\u201d\u201d link=\u201dhttps:\/\/fjarno.org\/es\/hazte-amigo\/\u201d target=\u201d_self\u201d color=\u201d\u201d hover_color=\u201d\u201d background_color=\u201d\u201d hover_background_color=\u201d\u201d border_color=\u201d\u201d hover_border_color=\u201d\u201d font_size=\u201d\u201d font_weight=\u201d\u201d margin=\u201d\u201d]<\/p>\n<h4><\/h4>\n","protected":false},"excerpt":{"rendered":"<p>Projecte realitzat amb la col\u00b7laboraci\u00f3 de La donaci\u00f3 d&#8217;\u00f2rgans \u00e9s un gest altruista considerat com un dels majors actes de bondat de l&#8217;\u00e9sser hum\u00e0. Amb aquest projecte volem dur a terme una s\u00e8rie d&#8217;esdeveniments al llarg de tot l&#8217;any 2016, que giraran entorn de sensibilitzar la poblaci\u00f3 cap a un gran gest tan altruista i [&hellip;]<\/p>\n","protected":false},"author":1,"featured_media":7006,"comment_status":"open","ping_status":"open","sticky":false,"template":"","format":"standard","meta":{"footnotes":""},"categories":[110,118],"tags":[],"class_list":["post-7084","post","type-post","status-publish","format-standard","has-post-thumbnail","hentry","category-blog","category-noticies-banner","entry","has-media","owp-thumbs-layout-horizontal","owp-btn-normal","owp-tabs-layout-horizontal","has-no-thumbnails","has-product-nav"],"_links":{"self":[{"href":"https:\/\/fjarno.org\/ca\/wp-json\/wp\/v2\/posts\/7084","targetHints":{"allow":["GET"]}}],"collection":[{"href":"https:\/\/fjarno.org\/ca\/wp-json\/wp\/v2\/posts"}],"about":[{"href":"https:\/\/fjarno.org\/ca\/wp-json\/wp\/v2\/types\/post"}],"author":[{"embeddable":true,"href":"https:\/\/fjarno.org\/ca\/wp-json\/wp\/v2\/users\/1"}],"replies":[{"embeddable":true,"href":"https:\/\/fjarno.org\/ca\/wp-json\/wp\/v2\/comments?post=7084"}],"version-history":[{"count":0,"href":"https:\/\/fjarno.org\/ca\/wp-json\/wp\/v2\/posts\/7084\/revisions"}],"wp:featuredmedia":[{"embeddable":true,"href":"https:\/\/fjarno.org\/ca\/wp-json\/wp\/v2\/media\/7006"}],"wp:attachment":[{"href":"https:\/\/fjarno.org\/ca\/wp-json\/wp\/v2\/media?parent=7084"}],"wp:term":[{"taxonomy":"category","embeddable":true,"href":"https:\/\/fjarno.org\/ca\/wp-json\/wp\/v2\/categories?post=7084"},{"taxonomy":"post_tag","embeddable":true,"href":"https:\/\/fjarno.org\/ca\/wp-json\/wp\/v2\/tags?post=7084"}],"curies":[{"name":"wp","href":"https:\/\/api.w.org\/{rel}","templated":true}]}}