{"id":7058,"date":"2016-09-26T15:15:12","date_gmt":"2016-09-26T15:15:12","guid":{"rendered":"https:\/\/fjarno.org\/suport-psicosocial-en-la-malaltia-renal-cronica\/"},"modified":"2016-09-26T15:15:12","modified_gmt":"2016-09-26T15:15:12","slug":"suport-psicosocial-en-la-malaltia-renal-cronica","status":"publish","type":"post","link":"https:\/\/fjarno.org\/ca\/suport-psicosocial-en-la-malaltia-renal-cronica\/","title":{"rendered":"Suport psicosocial en la malaltia renal cr\u00f2nica"},"content":{"rendered":"<p><a href=\"https:\/\/fjarno.org\/wp-content\/uploads\/2016\/09\/bench-in-a-quiet-corner-1381837.jpg\"><img loading=\"lazy\" decoding=\"async\" class=\"aligncenter size-large wp-image-3566\" src=\"https:\/\/fjarno.org\/wp-content\/uploads\/2016\/09\/bench-in-a-quiet-corner-1381837-1024x768.jpg\" alt=\"bench-in-a-quiet-corner-1381837\" width=\"1024\" height=\"768\"><\/a><\/p>\n<p>La malaltia renal cr\u00f2nica \u00e9s un problema de salut p\u00fablica important. Encara que en els \u00faltims anys hi ha hagut un gran aven\u00e7 en els tractaments de les diferents t\u00e8cniques de di\u00e0lisi i del trasplantament, la malaltia renal cr\u00f2nica segueix produint, en les persones afectades, canvis importants a nivell f\u00edsic, psicol\u00f2gic i social. <\/p>\n<p>&nbsp;<\/p>\n<p>El Servei d&#8217;Atenci\u00f3 Psicosocial de la Fundaci\u00f3 Renal Jaume Arn\u00f3, ha creat un equip que ofereix atenci\u00f3 integral a persones amb malaltia renal cr\u00f2nica, entre els quals hi ha pacients en consulta de Malaltia Renal Cr\u00f2nica Avan\u00e7ada (ERCA), de di\u00e0lisi i trasplantats. El nostre equip est\u00e0 format per una treballadora social i una psic\u00f2loga i t\u00e9 com a objectiu principal millorar la qualitat de vida de pacients i familiars mitjan\u00e7ant visites hospital\u00e0ries, domicili\u00e0ries i a les nostres oficines. <\/p>\n<p>&nbsp;<\/p>\n<p>Al llarg de l&#8217;any 2015 hem realitzat m\u00e9s de 450 intervencions personals a la nostra seu, donant resposta de manera propera i directa a les necessitats plantejades pels afectats, informant i orientant en temes com la incapacitat laboral, grau de discapacitat i\/o depend\u00e8ncia, pensions, prestacions, despla\u00e7aments en di\u00e0lisi, inserci\u00f3 laboral, gesti\u00f3 de tr\u00e0mits amb l&#8217;administraci\u00f3 p\u00fablica i altres entitats.<\/p>\n<p>&nbsp;<\/p>\n<p>La nostra experi\u00e8ncia ens permet con\u00e8ixer les veritables necessitats del col\u00b7lectiu pel que el realment important per a nosaltres s\u00f3n les persones, amb les quals mantenim un tracte proper i individualitzat. Compartir amb elles les seves realitats quotidianes i les seves necessitats refor\u00e7a el nostre objectiu de millorar el seu benestar. Un dels avantatges d&#8217;aquesta proximitat \u00e9s que ens ajuda a fer un seguiment adequat de cada persona. Aquesta \u00e9s la nostra ra\u00f3 de ser.   <\/p>\n<h6>Cristina Pu\u00f1et (Treballadora social)<\/h6>\n<p>&nbsp;<\/p>\n<p>&nbsp;<a href=\"https:\/\/fjarno.org\/wp-content\/uploads\/2016\/09\/bench-in-a-quiet-corner-1381837.jpg\"><img loading=\"lazy\" decoding=\"async\" class=\"aligncenter size-large wp-image-3566\" src=\"https:\/\/fjarno.org\/wp-content\/uploads\/2016\/09\/bench-in-a-quiet-corner-1381837-1024x768.jpg\" alt=\"bench-in-a-quiet-corner-1381837\" width=\"1024\" height=\"768\"><\/a><\/p>\n<p>La malaltia renal cr\u00f2nica \u00e9s un problema de salut p\u00fablica important. Encara que en els \u00faltims anys hi ha hagut un gran aven\u00e7 en els tractaments de les diferents t\u00e8cniques de di\u00e0lisi i del trasplantament, la malaltia renal cr\u00f2nica segueix produint, en les persones afectades, canvis importants a nivell f\u00edsic, psicol\u00f2gic i social. <\/p>\n<p>&nbsp;<\/p>\n<p>&nbsp;<\/p>\n<p>El Servei d&#8217;Atenci\u00f3 Psicosocial de la Fundaci\u00f3 Renal Jaume Arn\u00f3, ha creat un equip que ofereix atenci\u00f3 integral a persones amb malaltia renal cr\u00f2nica, entre els quals hi ha pacients en consulta de Malaltia Renal Cr\u00f2nica Avan\u00e7ada (ERCA), de di\u00e0lisi i trasplantats. El nostre equip est\u00e0 format per una treballadora social i una psic\u00f2loga i t\u00e9 com a objectiu principal millorar la qualitat de vida de pacients i familiars mitjan\u00e7ant visites hospital\u00e0ries, domicili\u00e0ries i a les nostres oficines. <\/p>\n<p>&nbsp;<\/p>\n<p>&nbsp;<\/p>\n<p>Al llarg de l&#8217;any 2015 hem realitzat m\u00e9s de 450 intervencions personals a la nostra seu, donant resposta de manera propera i directa a les necessitats plantejades pels afectats, informant i orientant en temes com la incapacitat laboral, grau de discapacitat i\/o depend\u00e8ncia, pensions, prestacions, despla\u00e7aments en di\u00e0lisi, inserci\u00f3 laboral, gesti\u00f3 de tr\u00e0mits amb l&#8217;administraci\u00f3 p\u00fablica i altres entitats.<\/p>\n<p>&nbsp;<\/p>\n<p>&nbsp;<\/p>\n<p>La nostra experi\u00e8ncia ens permet con\u00e8ixer les veritables necessitats del col\u00b7lectiu pel que el realment important per a nosaltres s\u00f3n les persones, amb les quals mantenim un tracte proper i individualitzat. Compartir amb elles les seves realitats quotidianes i les seves necessitats refor\u00e7a el nostre objectiu de millorar el seu benestar. Un dels avantatges d&#8217;aquesta proximitat \u00e9s que ens ajuda a fer un seguiment adequat de cada persona. Aquesta \u00e9s la nostra ra\u00f3 de ser.   <\/p>\n<p>&nbsp;<\/p>\n<h6>Cristina Pu\u00f1et (Treballadora social)<\/h6>\n<h6><\/h6>\n<p>&nbsp;<\/p>\n","protected":false},"excerpt":{"rendered":"<p>La malaltia renal cr\u00f2nica \u00e9s un problema de salut p\u00fablica important. Encara que en els \u00faltims anys hi ha hagut un gran aven\u00e7 en els tractaments de les diferents t\u00e8cniques de di\u00e0lisi i del trasplantament, la malaltia renal cr\u00f2nica segueix produint, en les persones afectades, canvis importants a nivell f\u00edsic, psicol\u00f2gic i social. &nbsp; El [&hellip;]<\/p>\n","protected":false},"author":1,"featured_media":7059,"comment_status":"open","ping_status":"open","sticky":false,"template":"","format":"standard","meta":{"footnotes":""},"categories":[110],"tags":[],"class_list":["post-7058","post","type-post","status-publish","format-standard","has-post-thumbnail","hentry","category-blog","entry","has-media","owp-thumbs-layout-horizontal","owp-btn-normal","owp-tabs-layout-horizontal","has-no-thumbnails","has-product-nav"],"_links":{"self":[{"href":"https:\/\/fjarno.org\/ca\/wp-json\/wp\/v2\/posts\/7058","targetHints":{"allow":["GET"]}}],"collection":[{"href":"https:\/\/fjarno.org\/ca\/wp-json\/wp\/v2\/posts"}],"about":[{"href":"https:\/\/fjarno.org\/ca\/wp-json\/wp\/v2\/types\/post"}],"author":[{"embeddable":true,"href":"https:\/\/fjarno.org\/ca\/wp-json\/wp\/v2\/users\/1"}],"replies":[{"embeddable":true,"href":"https:\/\/fjarno.org\/ca\/wp-json\/wp\/v2\/comments?post=7058"}],"version-history":[{"count":0,"href":"https:\/\/fjarno.org\/ca\/wp-json\/wp\/v2\/posts\/7058\/revisions"}],"wp:featuredmedia":[{"embeddable":true,"href":"https:\/\/fjarno.org\/ca\/wp-json\/wp\/v2\/media\/7059"}],"wp:attachment":[{"href":"https:\/\/fjarno.org\/ca\/wp-json\/wp\/v2\/media?parent=7058"}],"wp:term":[{"taxonomy":"category","embeddable":true,"href":"https:\/\/fjarno.org\/ca\/wp-json\/wp\/v2\/categories?post=7058"},{"taxonomy":"post_tag","embeddable":true,"href":"https:\/\/fjarno.org\/ca\/wp-json\/wp\/v2\/tags?post=7058"}],"curies":[{"name":"wp","href":"https:\/\/api.w.org\/{rel}","templated":true}]}}