{"id":7042,"date":"2013-09-12T13:48:13","date_gmt":"2013-09-12T13:48:13","guid":{"rendered":"https:\/\/fjarno.org\/hospital-bellvitgehospital-bellvitgehospital-bellvitge\/"},"modified":"2013-09-12T13:48:13","modified_gmt":"2013-09-12T13:48:13","slug":"hospital-bellvitgehospital-bellvitgehospital-bellvitge","status":"publish","type":"post","link":"https:\/\/fjarno.org\/ca\/hospital-bellvitgehospital-bellvitgehospital-bellvitge\/","title":{"rendered":"<!--:es-->HOSPITAL BELLVITGE<!--:--><!--:ca-->HOSPITAL BELLVITGE<!--:--><!--:en-->HOSPITAL BELLVITGE<!--:-->"},"content":{"rendered":"<p><!--:es--><\/p>\n<table width=\"300\" border=\"0\">\n<tbody>\n<tr>\n<td bgcolor=\"#a7be83\"><strong>Tel\u00e8fon: <\/strong>93 260 76 14<\/td>\n<\/tr>\n<tr>\n<td bgcolor=\"#a7be83\"><strong>Fax: <\/strong><\/td>\n<\/tr>\n<tr>\n<td bgcolor=\"#a7be83\"><strong>Localitat: <\/strong>l&#8217;HOSPIATLET<\/td>\n<\/tr>\n<tr>\n<td bgcolor=\"#a7be83\"><strong>Prov\u00edncia:<\/strong> Barcelona<\/td>\n<\/tr>\n<tr>\n<td bgcolor=\"#a7be83\"><strong>Comunitat Aut\u00f2noma: <\/strong>Catalunya<\/td>\n<\/tr>\n<tr>\n<td bgcolor=\"#a7be83\"><strong>Adre\u00e7a:<\/strong> Feixa Llarga, s\/n, 3a planta<\/td>\n<\/tr>\n<tr>\n<td bgcolor=\"#a7be83\"><strong>Codi Postal:<\/strong> 08907<\/td>\n<\/tr>\n<\/tbody>\n<\/table>\n<p><!--:--><!--:ca--><\/p>\n<table width=\"300\" border=\"0\">\n<tbody>\n<tr>\n<td bgcolor=\"#a7be83\"><strong>Tel\u00e8fon: <\/strong>93 260 76 14<\/td>\n<\/tr>\n<tr>\n<td bgcolor=\"#a7be83\"><strong>Fax: <\/strong><\/td>\n<\/tr>\n<tr>\n<td bgcolor=\"#a7be83\"><strong>Localitat: <\/strong>l&#8217;HOSPIATLET<\/td>\n<\/tr>\n<tr>\n<td bgcolor=\"#a7be83\"><strong>Prov\u00edncia:<\/strong> Barcelona<\/td>\n<\/tr>\n<tr>\n<td bgcolor=\"#a7be83\"><strong>Comunitat Aut\u00f2noma: <\/strong>Catalunya<\/td>\n<\/tr>\n<tr>\n<td bgcolor=\"#a7be83\"><strong>Adre\u00e7a:<\/strong> Feixa Llarga, s\/n, 3a planta<\/td>\n<\/tr>\n<tr>\n<td bgcolor=\"#a7be83\"><strong>Codi Postal:<\/strong> 08907<\/td>\n<\/tr>\n<\/tbody>\n<\/table>\n<p><!--:--><!--:en--><\/p>\n<table width=\"300\" border=\"0\">\n<tbody>\n<tr>\n<td bgcolor=\"#a7be83\"><strong>Tel\u00e8fon: <\/strong>93 260 76 14<\/td>\n<\/tr>\n<tr>\n<td bgcolor=\"#a7be83\"><strong>Fax: <\/strong><\/td>\n<\/tr>\n<tr>\n<td bgcolor=\"#a7be83\"><strong>Localitat: <\/strong>l&#8217;HOSPIATLET<\/td>\n<\/tr>\n<tr>\n<td bgcolor=\"#a7be83\"><strong>Prov\u00edncia:<\/strong> Barcelona<\/td>\n<\/tr>\n<tr>\n<td bgcolor=\"#a7be83\"><strong>Comunitat Aut\u00f2noma: <\/strong>Catalunya<\/td>\n<\/tr>\n<tr>\n<td bgcolor=\"#a7be83\"><strong>Adre\u00e7a:<\/strong> Feixa Llarga, s\/n, 3a planta<\/td>\n<\/tr>\n<tr>\n<td bgcolor=\"#a7be83\"><strong>Codi Postal:<\/strong> 08907<\/td>\n<\/tr>\n<\/tbody>\n<\/table>\n<p><!--:--><\/p>\n","protected":false},"excerpt":{"rendered":"<p>Tel\u00e8fon: 93 260 76 14 Fax: Localitat: l&#8217;HOSPIATLET Prov\u00edncia: Barcelona Comunitat Aut\u00f2noma: Catalunya Adre\u00e7a: Feixa Llarga, s\/n, 3a planta Codi Postal: 08907 Tel\u00e8fon: 93 260 76 14 Fax: Localitat: l&#8217;HOSPIATLET Prov\u00edncia: Barcelona Comunitat Aut\u00f2noma: Catalunya Adre\u00e7a: Feixa Llarga, s\/n, 3a planta Codi Postal: 08907 Tel\u00e8fon: 93 260 76 14 Fax: Localitat: l&#8217;HOSPIATLET Prov\u00edncia: Barcelona Comunitat [&hellip;]<\/p>\n","protected":false},"author":1,"featured_media":0,"comment_status":"open","ping_status":"open","sticky":false,"template":"","format":"standard","meta":{"footnotes":""},"categories":[109],"tags":[],"class_list":["post-7042","post","type-post","status-publish","format-standard","hentry","category-barcelona","entry","owp-thumbs-layout-horizontal","owp-btn-normal","owp-tabs-layout-horizontal","has-no-thumbnails","has-product-nav"],"_links":{"self":[{"href":"https:\/\/fjarno.org\/ca\/wp-json\/wp\/v2\/posts\/7042","targetHints":{"allow":["GET"]}}],"collection":[{"href":"https:\/\/fjarno.org\/ca\/wp-json\/wp\/v2\/posts"}],"about":[{"href":"https:\/\/fjarno.org\/ca\/wp-json\/wp\/v2\/types\/post"}],"author":[{"embeddable":true,"href":"https:\/\/fjarno.org\/ca\/wp-json\/wp\/v2\/users\/1"}],"replies":[{"embeddable":true,"href":"https:\/\/fjarno.org\/ca\/wp-json\/wp\/v2\/comments?post=7042"}],"version-history":[{"count":0,"href":"https:\/\/fjarno.org\/ca\/wp-json\/wp\/v2\/posts\/7042\/revisions"}],"wp:attachment":[{"href":"https:\/\/fjarno.org\/ca\/wp-json\/wp\/v2\/media?parent=7042"}],"wp:term":[{"taxonomy":"category","embeddable":true,"href":"https:\/\/fjarno.org\/ca\/wp-json\/wp\/v2\/categories?post=7042"},{"taxonomy":"post_tag","embeddable":true,"href":"https:\/\/fjarno.org\/ca\/wp-json\/wp\/v2\/tags?post=7042"}],"curies":[{"name":"wp","href":"https:\/\/api.w.org\/{rel}","templated":true}]}}