{"id":7040,"date":"2013-09-10T15:55:11","date_gmt":"2013-09-10T15:55:11","guid":{"rendered":"https:\/\/fjarno.org\/casa-de-socors-i-sanatori-del-perpetu-socorscasa-de-socors-i-sanatori-del-perpetu-socorscasa-de-socors-i-sanatori-del-perpetu-socors\/"},"modified":"2013-09-10T15:55:11","modified_gmt":"2013-09-10T15:55:11","slug":"casa-de-socors-i-sanatori-del-perpetu-socorscasa-de-socors-i-sanatori-del-perpetu-socorscasa-de-socors-i-sanatori-del-perpetu-socors","status":"publish","type":"post","link":"https:\/\/fjarno.org\/ca\/casa-de-socors-i-sanatori-del-perpetu-socorscasa-de-socors-i-sanatori-del-perpetu-socorscasa-de-socors-i-sanatori-del-perpetu-socors\/","title":{"rendered":"<!--:es-->CASA DE SOCORS I SANATORI DEL PERPETU SOCORS<!--:--><!--:ca-->CASA DE SOCORS I SANATORI DEL PERPETU SOCORS<!--:--><!--:en-->CASA DE SOCORS I SANATORI DEL PERPETU SOCORS<!--:-->"},"content":{"rendered":"<p><!--:es--><\/p>\n<table width=\"300\" border=\"0\">\n<tbody>\n<tr>\n<td bgcolor=\"#a7be83\"><strong>Tel\u00e8fon: <\/strong>965 232 328<\/td>\n<\/tr>\n<tr>\n<td bgcolor=\"#a7be83\"><strong>Fax: <\/strong>965 230 431<\/td>\n<\/tr>\n<tr>\n<td bgcolor=\"#a7be83\"><strong>Localitat: <\/strong>Alacant<strong><br \/>\n<\/strong><\/td>\n<\/tr>\n<tr>\n<td bgcolor=\"#a7be83\"><strong>Prov\u00edncia:<\/strong> Alacant<\/td>\n<\/tr>\n<tr>\n<td bgcolor=\"#a7be83\"><strong>Comunitat Aut\u00f2noma: <\/strong>Comunitat Valenciana<\/td>\n<\/tr>\n<tr>\n<td bgcolor=\"#a7be83\"><strong>Adre\u00e7a:<\/strong> P\u00e7a. Dr. G\u00f3mez Ulla, 15 <\/td>\n<\/tr>\n<tr>\n<td bgcolor=\"#a7be83\"><strong>Codi Postal: 3013<\/strong><\/td>\n<\/tr>\n<\/tbody>\n<\/table>\n<p><!--:--><!--:ca--><\/p>\n<table width=\"300\" border=\"0\">\n<tbody>\n<tr>\n<td bgcolor=\"#a7be83\"><strong>Tel\u00e8fon: <\/strong>965 232 328<\/td>\n<\/tr>\n<tr>\n<td bgcolor=\"#a7be83\"><strong>Fax: <\/strong>965 230 431<\/td>\n<\/tr>\n<tr>\n<td bgcolor=\"#a7be83\"><strong>Localitat: <\/strong>Alacant<strong><br \/>\n<\/strong><\/td>\n<\/tr>\n<tr>\n<td bgcolor=\"#a7be83\"><strong>Prov\u00edncia:<\/strong> Alacant<\/td>\n<\/tr>\n<tr>\n<td bgcolor=\"#a7be83\"><strong>Comunitat Aut\u00f2noma: <\/strong>Comunitat Valenciana<\/td>\n<\/tr>\n<tr>\n<td bgcolor=\"#a7be83\"><strong>Adre\u00e7a:<\/strong> P\u00e7a. Dr. G\u00f3mez Ulla, 15 <\/td>\n<\/tr>\n<tr>\n<td bgcolor=\"#a7be83\"><strong>Codi Postal: 3013<\/strong><\/td>\n<\/tr>\n<\/tbody>\n<\/table>\n<p><!--:--><!--:en--><\/p>\n<table width=\"300\" border=\"0\">\n<tbody>\n<tr>\n<td bgcolor=\"#a7be83\"><strong>Tel\u00e8fon: <\/strong>965 232 328<\/td>\n<\/tr>\n<tr>\n<td bgcolor=\"#a7be83\"><strong>Fax: <\/strong>965 230 431<\/td>\n<\/tr>\n<tr>\n<td bgcolor=\"#a7be83\"><strong>Localitat: <\/strong>Alacant<strong><br \/>\n<\/strong><\/td>\n<\/tr>\n<tr>\n<td bgcolor=\"#a7be83\"><strong>Prov\u00edncia:<\/strong> Alacant<\/td>\n<\/tr>\n<tr>\n<td bgcolor=\"#a7be83\"><strong>Comunitat Aut\u00f2noma: <\/strong>Comunitat Valenciana<\/td>\n<\/tr>\n<tr>\n<td bgcolor=\"#a7be83\"><strong>Adre\u00e7a:<\/strong> P\u00e7a. Dr. G\u00f3mez Ulla, 15 <\/td>\n<\/tr>\n<tr>\n<td bgcolor=\"#a7be83\"><strong>Codi Postal: 3013<\/strong><\/td>\n<\/tr>\n<\/tbody>\n<\/table>\n<p><!--:--><\/p>\n","protected":false},"excerpt":{"rendered":"<p>Tel\u00e8fon: 965 232 328 Fax: 965 230 431 Localitat: Alacant Prov\u00edncia: Alacant Comunitat Aut\u00f2noma: Comunitat Valenciana Adre\u00e7a: P\u00e7a. Dr. G\u00f3mez Ulla, 15 Codi Postal: 3013 Tel\u00e8fon: 965 232 328 Fax: 965 230 431 Localitat: Alacant Prov\u00edncia: Alacant Comunitat Aut\u00f2noma: Comunitat Valenciana Adre\u00e7a: P\u00e7a. Dr. G\u00f3mez Ulla, 15 Codi Postal: 3013 Tel\u00e8fon: 965 232 328 Fax: [&hellip;]<\/p>\n","protected":false},"author":1,"featured_media":0,"comment_status":"open","ping_status":"open","sticky":false,"template":"","format":"standard","meta":{"footnotes":""},"categories":[132],"tags":[],"class_list":["post-7040","post","type-post","status-publish","format-standard","hentry","category-alacant","entry","owp-thumbs-layout-horizontal","owp-btn-normal","owp-tabs-layout-horizontal","has-no-thumbnails","has-product-nav"],"_links":{"self":[{"href":"https:\/\/fjarno.org\/ca\/wp-json\/wp\/v2\/posts\/7040","targetHints":{"allow":["GET"]}}],"collection":[{"href":"https:\/\/fjarno.org\/ca\/wp-json\/wp\/v2\/posts"}],"about":[{"href":"https:\/\/fjarno.org\/ca\/wp-json\/wp\/v2\/types\/post"}],"author":[{"embeddable":true,"href":"https:\/\/fjarno.org\/ca\/wp-json\/wp\/v2\/users\/1"}],"replies":[{"embeddable":true,"href":"https:\/\/fjarno.org\/ca\/wp-json\/wp\/v2\/comments?post=7040"}],"version-history":[{"count":0,"href":"https:\/\/fjarno.org\/ca\/wp-json\/wp\/v2\/posts\/7040\/revisions"}],"wp:attachment":[{"href":"https:\/\/fjarno.org\/ca\/wp-json\/wp\/v2\/media?parent=7040"}],"wp:term":[{"taxonomy":"category","embeddable":true,"href":"https:\/\/fjarno.org\/ca\/wp-json\/wp\/v2\/categories?post=7040"},{"taxonomy":"post_tag","embeddable":true,"href":"https:\/\/fjarno.org\/ca\/wp-json\/wp\/v2\/tags?post=7040"}],"curies":[{"name":"wp","href":"https:\/\/api.w.org\/{rel}","templated":true}]}}