{"id":7035,"date":"2013-09-10T15:50:28","date_gmt":"2013-09-10T15:50:28","guid":{"rendered":"https:\/\/fjarno.org\/clinica-mare-nostrumclinica-mare-nostrumclinica-mare-nostrum\/"},"modified":"2013-09-10T15:50:28","modified_gmt":"2013-09-10T15:50:28","slug":"clinica-mare-nostrumclinica-mare-nostrumclinica-mare-nostrum","status":"publish","type":"post","link":"https:\/\/fjarno.org\/ca\/clinica-mare-nostrumclinica-mare-nostrumclinica-mare-nostrum\/","title":{"rendered":"<!--:es-->CL\u00cdNICA MARE NOSTRUM<!--:--><!--:ca-->CL\u00cdNICA MARE NOSTRUM<!--:--><!--:en-->CL\u00cdNICA MARE NOSTRUM<!--:-->"},"content":{"rendered":"<p><!--:es--><\/p>\n<table width=\"300\" border=\"0\">\n<tbody>\n<tr>\n<td bgcolor=\"#a7be83\"><strong>Tel\u00e8fon: <\/strong>965 268 085<\/td>\n<\/tr>\n<tr>\n<td bgcolor=\"#a7be83\"><strong>Fax: <\/strong>965 162 829<\/td>\n<\/tr>\n<tr>\n<td bgcolor=\"#a7be83\"><strong>Localitat: <\/strong>Alacant<strong><br \/>\n<\/strong><\/td>\n<\/tr>\n<tr>\n<td bgcolor=\"#a7be83\"><strong>Prov\u00edncia:<\/strong> Alacant<\/td>\n<\/tr>\n<tr>\n<td bgcolor=\"#a7be83\"><strong>Comunitat Aut\u00f2noma: <\/strong>Comunitat Valenciana<\/td>\n<\/tr>\n<tr>\n<td bgcolor=\"#a7be83\"><strong>Adre\u00e7a:<\/strong> La Dorada, 16 (Platja de Sant Joan)<\/td>\n<\/tr>\n<tr>\n<td bgcolor=\"#a7be83\"><strong>Codi Postal:<\/strong><\/td>\n<\/tr>\n<\/tbody>\n<\/table>\n<p><!--:--><!--:ca--><\/p>\n<table width=\"300\" border=\"0\">\n<tbody>\n<tr>\n<td bgcolor=\"#a7be83\"><strong>Tel\u00e8fon: <\/strong>965 268 085<\/td>\n<\/tr>\n<tr>\n<td bgcolor=\"#a7be83\"><strong>Fax: <\/strong>965 162 829<\/td>\n<\/tr>\n<tr>\n<td bgcolor=\"#a7be83\"><strong>Localitat: <\/strong>Alacant<strong><br \/>\n<\/strong><\/td>\n<\/tr>\n<tr>\n<td bgcolor=\"#a7be83\"><strong>Prov\u00edncia:<\/strong> Alacant<\/td>\n<\/tr>\n<tr>\n<td bgcolor=\"#a7be83\"><strong>Comunitat Aut\u00f2noma: <\/strong>Comunitat Valenciana<\/td>\n<\/tr>\n<tr>\n<td bgcolor=\"#a7be83\"><strong>Adre\u00e7a:<\/strong> La Dorada, 16 (Platja de Sant Joan)<\/td>\n<\/tr>\n<tr>\n<td bgcolor=\"#a7be83\"><strong>Codi Postal:<\/strong><\/td>\n<\/tr>\n<\/tbody>\n<\/table>\n<p><!--:--><!--:en--><\/p>\n<table width=\"300\" border=\"0\">\n<tbody>\n<tr>\n<td bgcolor=\"#a7be83\"><strong>Tel\u00e8fon: <\/strong>965 268 085<\/td>\n<\/tr>\n<tr>\n<td bgcolor=\"#a7be83\"><strong>Fax: <\/strong>965 162 829<\/td>\n<\/tr>\n<tr>\n<td bgcolor=\"#a7be83\"><strong>Localitat: <\/strong>Alacant<strong><br \/>\n<\/strong><\/td>\n<\/tr>\n<tr>\n<td bgcolor=\"#a7be83\"><strong>Prov\u00edncia:<\/strong> Alacant<\/td>\n<\/tr>\n<tr>\n<td bgcolor=\"#a7be83\"><strong>Comunitat Aut\u00f2noma: <\/strong>Comunitat Valenciana<\/td>\n<\/tr>\n<tr>\n<td bgcolor=\"#a7be83\"><strong>Adre\u00e7a:<\/strong> La Dorada, 16 (Platja de Sant Joan)<\/td>\n<\/tr>\n<tr>\n<td bgcolor=\"#a7be83\"><strong>Codi Postal:<\/strong><\/td>\n<\/tr>\n<\/tbody>\n<\/table>\n<p><!--:--><\/p>\n","protected":false},"excerpt":{"rendered":"<p>Tel\u00e8fon: 965 268 085 Fax: 965 162 829 Localitat: Alacant Prov\u00edncia: Alacant Comunitat Aut\u00f2noma: Comunitat Valenciana Adre\u00e7a: La Dorada, 16 (Platja de Sant Joan) Codi Postal: Tel\u00e8fon: 965 268 085 Fax: 965 162 829 Localitat: Alacant Prov\u00edncia: Alacant Comunitat Aut\u00f2noma: Comunitat Valenciana Adre\u00e7a: La Dorada, 16 (Platja de Sant Joan) Codi Postal: Tel\u00e8fon: 965 268 [&hellip;]<\/p>\n","protected":false},"author":1,"featured_media":0,"comment_status":"open","ping_status":"open","sticky":false,"template":"","format":"standard","meta":{"footnotes":""},"categories":[132],"tags":[],"class_list":["post-7035","post","type-post","status-publish","format-standard","hentry","category-alacant","entry","owp-thumbs-layout-horizontal","owp-btn-normal","owp-tabs-layout-horizontal","has-no-thumbnails","has-product-nav"],"_links":{"self":[{"href":"https:\/\/fjarno.org\/ca\/wp-json\/wp\/v2\/posts\/7035","targetHints":{"allow":["GET"]}}],"collection":[{"href":"https:\/\/fjarno.org\/ca\/wp-json\/wp\/v2\/posts"}],"about":[{"href":"https:\/\/fjarno.org\/ca\/wp-json\/wp\/v2\/types\/post"}],"author":[{"embeddable":true,"href":"https:\/\/fjarno.org\/ca\/wp-json\/wp\/v2\/users\/1"}],"replies":[{"embeddable":true,"href":"https:\/\/fjarno.org\/ca\/wp-json\/wp\/v2\/comments?post=7035"}],"version-history":[{"count":0,"href":"https:\/\/fjarno.org\/ca\/wp-json\/wp\/v2\/posts\/7035\/revisions"}],"wp:attachment":[{"href":"https:\/\/fjarno.org\/ca\/wp-json\/wp\/v2\/media?parent=7035"}],"wp:term":[{"taxonomy":"category","embeddable":true,"href":"https:\/\/fjarno.org\/ca\/wp-json\/wp\/v2\/categories?post=7035"},{"taxonomy":"post_tag","embeddable":true,"href":"https:\/\/fjarno.org\/ca\/wp-json\/wp\/v2\/tags?post=7035"}],"curies":[{"name":"wp","href":"https:\/\/api.w.org\/{rel}","templated":true}]}}