{"id":7016,"date":"2013-05-22T16:02:09","date_gmt":"2013-05-22T16:02:09","guid":{"rendered":"https:\/\/fjarno.org\/dissabte-dia-16-de-marc-de-2013\/"},"modified":"2013-05-22T16:02:09","modified_gmt":"2013-05-22T16:02:09","slug":"dissabte-dia-16-de-marc-de-2013","status":"publish","type":"post","link":"https:\/\/fjarno.org\/ca\/dissabte-dia-16-de-marc-de-2013\/","title":{"rendered":"dissabte dia 16 de mar\u00e7 de 2013"},"content":{"rendered":"<p>Campanya de sensibilitzaci\u00f3 sobre la malaltia renal i els trasplantaments d&#8217;\u00f2rgans.<\/p>\n<p>El passat dissabte dia 16 de mar\u00e7 es va fer<strong> <\/strong>una campanya de sensibilitzaci\u00f3 sobre la malaltia renal cr\u00f2nica i els trasplantaments d&#8217;\u00f2rgans.<strong> <\/strong><\/p>\n<p><strong>Agra\u00efm a tots els que es van interessar i van col\u00b7laborar amb la Fundaci\u00f3 mitjan\u00e7ant una donaci\u00f3 a canvi d&#8217;un pa de rony\u00f3.<\/strong> <\/p>\n","protected":false},"excerpt":{"rendered":"<p>Campanya de sensibilitzaci\u00f3 sobre la malaltia renal i els trasplantaments d&#8217;\u00f2rgans. El passat dissabte dia 16 de mar\u00e7 es va fer una campanya de sensibilitzaci\u00f3 sobre la malaltia renal cr\u00f2nica i els trasplantaments d&#8217;\u00f2rgans. Agra\u00efm a tots els que es van interessar i van col\u00b7laborar amb la Fundaci\u00f3 mitjan\u00e7ant una donaci\u00f3 a canvi d&#8217;un pa [&hellip;]<\/p>\n","protected":false},"author":1,"featured_media":7017,"comment_status":"open","ping_status":"open","sticky":false,"template":"","format":"standard","meta":{"footnotes":""},"categories":[118],"tags":[],"class_list":["post-7016","post","type-post","status-publish","format-standard","has-post-thumbnail","hentry","category-noticies-banner","entry","has-media","owp-thumbs-layout-horizontal","owp-btn-normal","owp-tabs-layout-horizontal","has-no-thumbnails","has-product-nav"],"_links":{"self":[{"href":"https:\/\/fjarno.org\/ca\/wp-json\/wp\/v2\/posts\/7016","targetHints":{"allow":["GET"]}}],"collection":[{"href":"https:\/\/fjarno.org\/ca\/wp-json\/wp\/v2\/posts"}],"about":[{"href":"https:\/\/fjarno.org\/ca\/wp-json\/wp\/v2\/types\/post"}],"author":[{"embeddable":true,"href":"https:\/\/fjarno.org\/ca\/wp-json\/wp\/v2\/users\/1"}],"replies":[{"embeddable":true,"href":"https:\/\/fjarno.org\/ca\/wp-json\/wp\/v2\/comments?post=7016"}],"version-history":[{"count":0,"href":"https:\/\/fjarno.org\/ca\/wp-json\/wp\/v2\/posts\/7016\/revisions"}],"wp:featuredmedia":[{"embeddable":true,"href":"https:\/\/fjarno.org\/ca\/wp-json\/wp\/v2\/media\/7017"}],"wp:attachment":[{"href":"https:\/\/fjarno.org\/ca\/wp-json\/wp\/v2\/media?parent=7016"}],"wp:term":[{"taxonomy":"category","embeddable":true,"href":"https:\/\/fjarno.org\/ca\/wp-json\/wp\/v2\/categories?post=7016"},{"taxonomy":"post_tag","embeddable":true,"href":"https:\/\/fjarno.org\/ca\/wp-json\/wp\/v2\/tags?post=7016"}],"curies":[{"name":"wp","href":"https:\/\/api.w.org\/{rel}","templated":true}]}}