{"id":7011,"date":"2015-11-24T12:09:50","date_gmt":"2015-11-24T12:09:50","guid":{"rendered":"https:\/\/fjarno.org\/causa-dhonor-dr-rafael-matesanz-honoris-causa\/"},"modified":"2015-11-24T12:09:50","modified_gmt":"2015-11-24T12:09:50","slug":"causa-dhonor-dr-rafael-matesanz-honoris-causa","status":"publish","type":"post","link":"https:\/\/fjarno.org\/ca\/causa-dhonor-dr-rafael-matesanz-honoris-causa\/","title":{"rendered":"Causa d&#8217;Honor, Dr. Rafael Matesanz: Honoris Causa"},"content":{"rendered":"<p><a href=\"https:\/\/fjarno.org\/wp-content\/uploads\/2015\/11\/IMG_0569.jpg\"><img loading=\"lazy\" decoding=\"async\" class=\"alignnone size-full wp-image-1397\" src=\"https:\/\/fjarno.org\/wp-content\/uploads\/2015\/11\/IMG_0569.jpg\" alt=\"IMG_0569\" width=\"504\" height=\"239\" srcset=\"https:\/\/fjarno.org\/wp-content\/uploads\/2015\/11\/IMG_0569.jpg 504w, https:\/\/fjarno.org\/wp-content\/uploads\/2015\/11\/IMG_0569-300x142.jpg 300w\" sizes=\"auto, (max-width: 504px) 100vw, 504px\" \/><\/a><\/p>\n<p><em>16 de novembre de 2015. Ignacio Gracia<\/em><br \/>\nEl passat dijous 19 de novembre, la nostra vicepresidenta segona, la Dra. Elvira Fern\u00e1ndez, va apadrinar i va realitzar la lectura de m\u00e8rits en la investidura com a DOCTOR HONORIS CAUSA per la Universitat de Lleida, del Dr. Rafael Matesanz, alma mater de l&#8217;Organitzaci\u00f3 Nacional de Trasplantaments \u2013ONT\u2013. Un reconeixement especial i merescut a la llarga llista de premis i honors rebuts per la seva dedicaci\u00f3 al trasplantament a nivell mundial.<br \/>\nL&#8217;acte, original i curi\u00f3s, em va semblar propi del segle XVI pel protocol, vestidures, eines i f\u00f3rmules verbals que all\u00e0 vam poder veure i sentir.<br \/>\nPer\u00f2, fora de la novetat i poc freq\u00fcent \u2013veure els doctors amb birret \u00e9s un punt\u00e0s\u2013, el meu sentiment es va centrar en l&#8217;ingent treball del Dr. Matesanz en benefici de qui, com jo, hem necessitat que ens trasplantessin un \u00f2rgan per sobreviure.<br \/>\nLa meva malaltia renal, per malformaci\u00f3 cong\u00e8nita, ha estat companya de fatigues tota la meva vida. Com imagineu, aquesta marat\u00f3 amb obstacles que suposa la malaltia renal cr\u00f2nica, m&#8217;ha ensenyat moltes coses. Una d&#8217;elles, que gr\u00e0cies a l&#8217;inter\u00e8s i la passi\u00f3 per la feina de professionals com el Dr. Matesanz i altres, la nostra vida \u00e9s m\u00e9s suportable. No podem confondre \u201cel miracle dels trasplantaments\u201d amb la vida eterna, clar, el cos t\u00e9 un l\u00edmit; per\u00f2 en el meu cas, amb dos trasplantaments de moment, el meu pensament va rec\u00f3rrer el suport rebut per part de tots els professionals de la salut que he rebut des de sempre.<br \/>\nSolc comentar que una de les medicines que em sustenten \u00e9s l&#8217;afecte de qui m&#8217;envolten. Com sabeu b\u00e9, \u00e9s vital per sobreviure a aquesta malaltia. Per\u00f2 tamb\u00e9 l&#8217;ajuda dels metges i infermeres, auxiliars, zeladors, treballadors socials, etc. \u00e9s una cosa que, per estar fora del nostre cercle \u00edntim, pot semblar aliena, per\u00f2 la majoria sabeu que nosaltres els sentim tamb\u00e9 propers a ells, tant com vaig sentir de proper el Dr. Matesanz mentre sentia els seus m\u00e8rits, premis, honors\u2026 tot en benefici de persones que, com jo, necessitem d&#8217;aquesta vitalitat en la seva entrega per sobreviure a unes circumst\u00e0ncies determinades, ni millors ni pitjors que altres, simplement les nostres.       <\/p>\n<blockquote><p>En acabar l&#8217;acte, em vaig acostar, per descomptat, a felicitar-lo i donar-li les gr\u00e0cies en nom meu i en el del nostre col\u00b7lectiu. Amb la seva serenitat habitual em va comentar: \u201ctot aix\u00f2 no importa massa, l&#8217;important \u00e9s continuar fent trasplantaments i possibilitar treure les persones de la di\u00e0lisi\u201d.<\/p><\/blockquote>\n<p>Com veieu, \u00e9s un conven\u00e7ut del benefici que suposa el trasplantament per a la societat i especialment per al nostre col\u00b7lectiu.<br \/>\nMoltes gr\u00e0cies, Dr. Matesanz, i altres que, fins i tot sense rebre l&#8217;Honoris Causa, s\u00f3n causa d&#8217;honor per a la majoria de nosaltres.<a href=\"https:\/\/fjarno.org\/wp-content\/uploads\/2015\/11\/IMG_0569.jpg\"><img loading=\"lazy\" decoding=\"async\" class=\"alignnone size-full wp-image-1397\" src=\"https:\/\/fjarno.org\/wp-content\/uploads\/2015\/11\/IMG_0569.jpg\" alt=\"IMG_0569\" width=\"504\" height=\"239\" srcset=\"https:\/\/fjarno.org\/wp-content\/uploads\/2015\/11\/IMG_0569.jpg 504w, https:\/\/fjarno.org\/wp-content\/uploads\/2015\/11\/IMG_0569-300x142.jpg 300w\" sizes=\"auto, (max-width: 504px) 100vw, 504px\" \/><\/a><\/p>\n<p><em>16 de novembre de 2015. Ignacio Gr\u00e0cia<\/em><br \/>\nEl passat dijous 19 de novembre, la nostra vicepresidenta segona, la Dra. Elvira Fern\u00e1ndez, va apadrinar i va realitzar la lectura de m\u00e8rits en la investidura com a DOCTOR HONORIS CAUSA per la Universitat de Lleida, del Dr. Rafael Matesanz, alma mater de l&#8217;Organitzaci\u00f3 Nacional de Trasplantaments \u2013ONT\u2013. Un reconeixement especial i merescut a la llarga llista de premis i honors rebuts per la seva dedicaci\u00f3 al trasplantament a nivell mundial.<br \/>\nL&#8217;acte, original i curi\u00f3s, em va semblar propi del segle XVI pel protocol, vestidures, eines i f\u00f3rmules verbals que all\u00e0 vam poder veure i sentir.<br \/>\nPer\u00f2, fora de la novetat i poc freq\u00fcent \u2013veure els doctors amb birret \u00e9s un <em>punt\u00e0s<\/em>\u2013, el meu sentiment es va centrar en l&#8217;ingent treball del Dr. Matesanz en benefici de qui, com jo, hem necessitat que ens trasplantessin un \u00f2rgan per sobreviure.<br \/>\nLa meva malaltia renal, per malformaci\u00f3 cong\u00e8nita, ha estat companya de fatigues tota la meva vida. Com imagineu, aquesta marat\u00f3 amb obstacles que suposa la malaltia renal cr\u00f2nica, m&#8217;ha ensenyat moltes coses. Una d&#8217;elles, que gr\u00e0cies a l&#8217;inter\u00e8s i la passi\u00f3 per la feina de professionals com el Dr. Matesanz i altres, la nostra vida \u00e9s m\u00e9s suportable. No podem confondre \u201cel miracle dels trasplantaments\u201d amb la vida eterna, clar, el cos t\u00e9 un l\u00edmit; per\u00f2 en el meu cas, amb dos trasplantaments de moment, el meu pensament va rec\u00f3rrer el suport rebut per part de tots els professionals de la salut que he rebut des de sempre.<br \/>\nSolc comentar que una de les medicines que em sustenten \u00e9s l&#8217;afecte de qui m&#8217;envolten. Com sabeu b\u00e9, \u00e9s vital per sobreviure a aquesta malaltia. Per\u00f2 tamb\u00e9 l&#8217;ajuda dels metges i infermeres, auxiliars, zeladors, treballadors socials, etc. \u00e9s una cosa que, per estar fora del nostre cercle \u00edntim, pot semblar aliena, per\u00f2 la majoria sabeu que nosaltres els sentim tamb\u00e9 propers a ells, tant com vaig sentir de proper el Dr. Matesanz mentre sentia els seus m\u00e8rits, premis, honors\u2026 tot en benefici de persones que, com jo, necessitem d&#8217;aquesta vitalitat en la seva entrega per sobreviure a unes circumst\u00e0ncies determinades, ni millors ni pitjors que altres, simplement les nostres.         <\/p>\n<blockquote><p>En acabar l&#8217;acte, em vaig acostar, per descomptat, a felicitar-lo i donar-li les gr\u00e0cies en nom meu i en el del nostre col\u00b7lectiu. Amb la seva serenitat habitual em va comentar: <span style=\"line-height: 1.5;\">\u201ctot aix\u00f2 no importa massa, l&#8217;important \u00e9s continuar fent trasplantaments i possibilitar treure les persones de la di\u00e0lisi\u201d.<\/span><\/p><\/blockquote>\n<p>Com veieu, \u00e9s un conven\u00e7ut del benefici que suposa el trasplantament per a la societat i especialment per al nostre col\u00b7lectiu.<br \/>\nMoltes gr\u00e0cies, Dr. Matesanz, i altres que, fins i tot sense rebre l&#8217;Honoris Causa, s\u00f3n causa d&#8217;honor per a la majoria de nosaltres.<\/p>\n","protected":false},"excerpt":{"rendered":"<p>16 de novembre de 2015. Ignacio Gracia El passat dijous 19 de novembre, la nostra vicepresidenta segona, la Dra. Elvira Fern\u00e1ndez, va apadrinar i va realitzar la lectura de m\u00e8rits en la investidura com a DOCTOR HONORIS CAUSA per la Universitat de Lleida, del Dr. Rafael Matesanz, alma mater de l&#8217;Organitzaci\u00f3 Nacional de Trasplantaments \u2013ONT\u2013. [&hellip;]<\/p>\n","protected":false},"author":1,"featured_media":0,"comment_status":"open","ping_status":"open","sticky":false,"template":"","format":"standard","meta":{"footnotes":""},"categories":[110],"tags":[],"class_list":["post-7011","post","type-post","status-publish","format-standard","hentry","category-blog","entry","owp-thumbs-layout-horizontal","owp-btn-normal","owp-tabs-layout-horizontal","has-no-thumbnails","has-product-nav"],"_links":{"self":[{"href":"https:\/\/fjarno.org\/ca\/wp-json\/wp\/v2\/posts\/7011","targetHints":{"allow":["GET"]}}],"collection":[{"href":"https:\/\/fjarno.org\/ca\/wp-json\/wp\/v2\/posts"}],"about":[{"href":"https:\/\/fjarno.org\/ca\/wp-json\/wp\/v2\/types\/post"}],"author":[{"embeddable":true,"href":"https:\/\/fjarno.org\/ca\/wp-json\/wp\/v2\/users\/1"}],"replies":[{"embeddable":true,"href":"https:\/\/fjarno.org\/ca\/wp-json\/wp\/v2\/comments?post=7011"}],"version-history":[{"count":0,"href":"https:\/\/fjarno.org\/ca\/wp-json\/wp\/v2\/posts\/7011\/revisions"}],"wp:attachment":[{"href":"https:\/\/fjarno.org\/ca\/wp-json\/wp\/v2\/media?parent=7011"}],"wp:term":[{"taxonomy":"category","embeddable":true,"href":"https:\/\/fjarno.org\/ca\/wp-json\/wp\/v2\/categories?post=7011"},{"taxonomy":"post_tag","embeddable":true,"href":"https:\/\/fjarno.org\/ca\/wp-json\/wp\/v2\/tags?post=7011"}],"curies":[{"name":"wp","href":"https:\/\/api.w.org\/{rel}","templated":true}]}}