{"id":7002,"date":"2016-01-15T11:12:13","date_gmt":"2016-01-15T11:12:13","guid":{"rendered":"https:\/\/fjarno.org\/el-bus-de-la-salut\/"},"modified":"2016-01-15T11:12:13","modified_gmt":"2016-01-15T11:12:13","slug":"el-bus-de-la-salut","status":"publish","type":"post","link":"https:\/\/fjarno.org\/ca\/el-bus-de-la-salut\/","title":{"rendered":"El Bus de la Salut"},"content":{"rendered":"<p>Projecte realitzat amb la col\u00b7laboraci\u00f3 de<\/p>\n<p><img loading=\"lazy\" decoding=\"async\" class=\"alignnone size-full wp-image-3970\" src=\"https:\/\/fjarno.org\/wp-content\/uploads\/2016\/01\/diputacio-lleida-orig-e1495105506380.png\" alt=\"diputacio-lleida-orig\" width=\"150\" height=\"148\" srcset=\"https:\/\/fjarno.org\/wp-content\/uploads\/2016\/01\/diputacio-lleida-orig-e1495105506380.png 150w, https:\/\/fjarno.org\/wp-content\/uploads\/2016\/01\/diputacio-lleida-orig-e1495105506380-100x100.png 100w\" sizes=\"auto, (max-width: 150px) 100vw, 150px\" \/><\/p>\n<p>&nbsp;<\/p>\n<p>El passat 11 de gener el Bus de la Salut rep a Cervera la visita del pilot \u00c1lex M\u00e1rquez i l&#8217;ex-pilot Emilio Alzamora. El jove pilot va valorar molt positivament el projecte d&#8217;investigaci\u00f3 que duu a terme El Bus de la Salut des de gener del 2015.  <span style=\"color: #3366ff;\"><a href=\"http:\/\/lleidatelevisio.xiptv.cat\/noticies\/capitol\/noticies-migdia-11-01-2017\">Lleida TV minut 29:35<\/a><\/span><\/p>\n<p>&nbsp;<\/p>\n<p><a href=\"https:\/\/fjarno.org\/ca\/dsc_1334\/\"><img loading=\"lazy\" decoding=\"async\" class=\"alignnone wp-image-3787\" src=\"https:\/\/fjarno.org\/wp-content\/uploads\/2016\/01\/DSC_1334-300x169.jpg\" alt=\"DSC_1334\" width=\"559\" height=\"315\"><\/a><\/p>\n<p>&nbsp;<\/p>\n<p>Lleida, pionera en prevenci\u00f3. <em><span style=\"color: #3366ff;\"><a style=\"color: #3366ff;\" href=\"https:\/\/fjarno.org\/wp-content\/uploads\/2016\/01\/nota-de-premsa-bus.pdf\">Bus de la Salut<\/a><a href=\"https:\/\/fjarno.org\/wp-content\/uploads\/2013\/06\/pdf.png\" rel=\"attachment wp-att-1663\"><img loading=\"lazy\" decoding=\"async\" class=\"alignnone size-full wp-image-1663\" src=\"https:\/\/fjarno.org\/wp-content\/uploads\/2013\/06\/pdf.png\" alt=\"pdf\" width=\"32\" height=\"32\"><\/a><\/span><\/em><\/p>\n<p>El Bus de la Salut detecta en 50 municipis de Lleida un 65,4% de persones amb plaques de greix a les art\u00e8ries<\/p>\n<p>ACN Lleida.-Un 65,4% de les 2.118 persones que s&#8217;han sotm\u00e8s a les proves preventives que ha realitzat el Bus de la Salut des de gener a setembre de 2015 han descobert que tenen algun tipus de malaltia ateromatosa, \u00e9s a dir, la disminuci\u00f3 del calibre de les art\u00e8ries per l&#8217;acumulaci\u00f3 de plaques de greix. No obstant aix\u00f2, nom\u00e9s una vintena de persones van haver de ser derivades a un especialista hospitalari per malaltia arterial severa, cosa que significa que majorit\u00e0riament les proves han estat preventives i els pacients s&#8217;han derivat al servei d&#8217;atenci\u00f3 prim\u00e0ria per fer seguiment d&#8217;una incipient malaltia vascular o renal, aix\u00ed com detectar que tenien hipertensi\u00f3, diabetis, colesterol o un exc\u00e9s d&#8217;\u00e0cid \u00faric. La Diputaci\u00f3 de Lleida finan\u00e7a aquest projecte pioner a Catalunya que t\u00e9 un cost d&#8217;1,5 milions d&#8217;euros.<br \/>\n<strong>La Diputaci\u00f3 de Lleida i la Fundaci\u00f3 Renal Jaume Arn\u00f3, conjuntament amb el Departament de Salut i la unitat de Diagn\u00f2stic i Tractament de Malalties Aterotromb\u00f2tiques (UDETMA), van posar en marxa el Bus de la Salut al gener de 2015.<\/strong> Es tracta d&#8217;un estudi cient\u00edfic pioner a Catalunya que permetr\u00e0 realitzar en 3 anys proves a 9.000 lleidatans amb risc de patir una malaltia cardiovascular o renal. Aquest dilluns 21 de desembre, els seus representants han presentat en roda de premsa les primeres dades i han avan\u00e7at el calendari que seguir\u00e0 el Bus de la Salut l&#8217;any vinent. El president de la Diputaci\u00f3 de Lleida, Joan Re\u00f1\u00e9, ha manifestat la seva \u201csatisfacci\u00f3\u201d pel desenvolupament d&#8217;aquest projecte conjunt que permet \u201cavan\u00e7ar en la prevenci\u00f3 de malalties cardiovasculars i renals donant un servei des de la proximitat\u201d. Re\u00f1\u00e9 ha afegit que es tracta d&#8217;un projecte \u201cemblem\u00e0tic que es pot exportar a altres territoris perqu\u00e8 garanteix la salut des de la prevenci\u00f3\u201d. Per la seva part, el director dels serveis territorials de Salut a Lleida, Josep Pifarr\u00e9, va assenyalar que el Bus de la Salut uneix en un mateix projecte l&#8217;\u00e0mbit de l&#8217;assist\u00e8ncia sanit\u00e0ria, la doc\u00e8ncia i la recerca. Durant aquests 12 mesos, el bus s&#8217;ha despla\u00e7at per les comarques de Lleida per realitzar un diagn\u00f2stic preco\u00e7 a una poblaci\u00f3 diana d&#8217;entre 40 i 70 anys, seleccionada aleat\u00f2riament per complir un o m\u00e9s d&#8217;un dels factors de risc cardiovascular (hipertensi\u00f3, tabaquisme, obesitat, o dislip\u00e8mia, entre altres). En acabar aquest any haur\u00e0 recorregut 50 municipis lleidatans i 2856 persones amb factors de risc cardiovascular s&#8217;hauran fet les proves diagn\u00f2stiques preventives.      <\/p>\n<blockquote><p>L&#8217;equip del Bus de la Salut ja ha pogut obtenir els primers resultats, analitzant les proves de les 2.118 persones que van passar per l&#8217;autob\u00fas medicalitzat fins al 31 de desembre. D&#8217;aquestes 2.118 persones, 1.078 eren dones i 1.031 eren homes. Els resultats preliminars han determinat que un 65,4% presentaven una malaltia ateromatosa amb m\u00e9s pres\u00e8ncia en el cas dels homes (74,7%); a un 22,2% se&#8217;ls ha detectat una malaltia renal; a un 16,8% presentaven hipertensi\u00f3 arterial; un 2% diabetis; un 15% presentaven el colesterol elevat; i un 39,3% se&#8217;ls va detectar \u00e0cid \u00faric elevat, de les quals 235 eren homes i 179 eren dones.  <\/p><\/blockquote>\n<p>La nova directora de l&#8217;IRB Lleida, Elvira Fern\u00e1ndez, va explicar que el projecte inicial del Bus de la Salut s&#8217;ha completat i s&#8217;ha fet encara m\u00e9s transversal, ja que el passat mes de setembre es van afegir altres proves d&#8217;especialitats vinculades com la Pneumologia, la Neurologia i l&#8217;Endocrinologia en favor de la salut vascular. Fern\u00e1ndez ha manifestat el seu \u201d orgull \u201cper tirar endavant un projecte\u201d tan innovador en benefici de la salut dels ciutadans \u201ci va assegurar que Lleida\u201d ja \u00e9s punt d&#8217;excel\u00b7l\u00e8ncia, per\u00f2 encara ho ser\u00e0 m\u00e9s, en l&#8217;\u00e0mbit de la prevenci\u00f3 cardiovascular \u201c. La doctora \u00c1ngeles Betriu de UDETMA va explicar que les persones que han visitat el Bus de la Salut i han contestat l&#8217;enquesta han manifestat la seva satisfacci\u00f3 per la iniciativa, una opini\u00f3 que tamb\u00e9 comparteix el vicepresident de la Fundaci\u00f3 Renal Jaume Arn\u00f3, Ignacio Gracia, que en la roda de premsa va indicar que els pacients s\u00f3n els principals beneficiaris d&#8217;aquest projecte.  <\/p>\n<p>&nbsp;<\/p>\n<p><img loading=\"lazy\" decoding=\"async\" class=\"aligncenter size-full wp-image-3678\" src=\"https:\/\/fjarno.org\/wp-content\/uploads\/2016\/01\/Captura-de-pantalla-2016-11-22-a-las-13.16.45.png\" alt=\"segre19nov\" width=\"710\" height=\"490\" srcset=\"https:\/\/fjarno.org\/wp-content\/uploads\/2016\/01\/Captura-de-pantalla-2016-11-22-a-las-13.16.45.png 710w, https:\/\/fjarno.org\/wp-content\/uploads\/2016\/01\/Captura-de-pantalla-2016-11-22-a-las-13.16.45-600x414.png 600w, https:\/\/fjarno.org\/wp-content\/uploads\/2016\/01\/Captura-de-pantalla-2016-11-22-a-las-13.16.45-300x207.png 300w\" sizes=\"auto, (max-width: 710px) 100vw, 710px\" \/><\/p>\n<p class=\"responsive-video-wrap clr\"><iframe loading=\"lazy\" title=\"El Bus de la Salut, circuit del pacient\" width=\"1200\" height=\"675\" src=\"https:\/\/www.youtube.com\/embed\/Lyq2hQwGq98?feature=oembed\" frameborder=\"0\" allow=\"accelerometer; autoplay; clipboard-write; encrypted-media; gyroscope; picture-in-picture; web-share\" referrerpolicy=\"strict-origin-when-cross-origin\" allowfullscreen><\/iframe><\/p>\n<p>&nbsp;<\/p>\n<h3>La Comissi\u00f3 Europea distingeix El Bus de la Salut com a projecte l\u00edder en l&#8217;envelliment actiu i saludable<img loading=\"lazy\" decoding=\"async\" class=\"wp-image-4309 alignright\" src=\"https:\/\/fjarno.org\/wp-content\/uploads\/2016\/01\/llejgabckacdfidm_big.jpg\" alt=\"llejgabckacdfidm_big\" width=\"182\" height=\"199\"><\/h3>\n<h4>\u2013 El projecte ha rebut la qualificaci\u00f3 m\u00e0xima que atorga la European Innovation Partnership<br \/>\non Active and Healthy Ageing.<\/h4>\n<h4>\u2013 Aquesta acreditaci\u00f3 permet la internacionalitzaci\u00f3 i la visibilitat del sistema catal\u00e0 de salut.<\/h4>\n<h4>\u2013 La Diputaci\u00f3 de Lleida, la Fundaci\u00f3 Renal Jaume Arn\u00f3, el Departament de Salut de la Generalitat de Catalunya i la Unitat de Diagn\u00f2stic i Tractament de Malalties Aterotromb\u00f2tiques (UDETMA) de l&#8217;IRBLleida, van posar en marxa al gener de 2015 el projecte per convertir Lleida en una prov\u00edncia pionera en la prevenci\u00f3 de les malalties cardiovasculars i renals.<\/h4>\n<p>El projecte El Bus de la Salut ha rebut el reconeixement de l&#8217;Associaci\u00f3 Europeu d&#8217;Innovaci\u00f3 en Envelliment Actiu i Saludable, European Innovation Partnership on Active and Healthy Ageing (EIPonAHA), -que \u00e9s una iniciativa de la Comissi\u00f3 Europea- com a projecte l\u00edder en l&#8217;envelliment actiu i saludable i la innovaci\u00f3. En concret, el projecte ha rebut la qualificaci\u00f3 de quatre estrelles, la m\u00e0xima que atorga EIPonAHA i aquesta \u00e9s la puntuaci\u00f3 que ha obtingut Catalunya com a ecosistema sanitari l\u00edder i referent davant les institucions i les organitzacions europees en l&#8217;\u00e0mbit de la innovaci\u00f3 en l&#8217;envelliment actiu i saludable. <\/p>\n<p>La Diputaci\u00f3 de Lleida, la Fundaci\u00f3 Renal Jaume Arn\u00f3, conjuntament amb el Departament de Salut de la Generalitat de Catalunya i la Unitat de Diagn\u00f2stic i Tractament de Malalties Aterotromb\u00f2tiques (UDETMA) de l&#8217;IRBLleida, van posar en marxa al gener de 2015 el projecte el Bus de la Salut, per convertir Lleida en una prov\u00edncia pionera en la prevenci\u00f3 de les malalties cardiovasculars i renals, modificar els h\u00e0bits poc saludables de la poblaci\u00f3 i sensibilitzar-la sobre la import\u00e0ncia social de la donaci\u00f3 d&#8217;\u00f2rgans. Fins al moment, prop de 6.000 persones s&#8217;han realitzat les proves de diagn\u00f2stic preco\u00e7. <\/p>\n<p>El Consorci de Catalunya -integrat, entre altres, pel Departament de Salut, l&#8217;Ag\u00e8ncia de Qualitat i Avaluaci\u00f3 Sanit\u00e0ries de Catalunya (<a href=\"http:\/\/aquas.gencat.cat\/ca\/inici\/\">AQuAS<\/a> ) i l&#8217;Institut de Recerca Biom\u00e8dica de Lleida (<a href=\"http:\/\/www.irblleida.cat\/ca\/index.php?p=webs\/portada\/portada.php\">IRBLleida<\/a>) \u2013 va presentar una s\u00e8rie de projectes, entre ells el Bus de la Salut, per a l&#8217;avaluaci\u00f3 dels ecosistemes sanitaris regionals europeus.<\/p>\n<p>Aquest reconeixement situa Catalunya i El Bus de la Salut com a l\u00edders en nombre i qualitat d&#8217;iniciatives, inversi\u00f3 i resultats en la provisi\u00f3 i implementaci\u00f3 de solucions innovadores per resoldre problemes d&#8217;atenci\u00f3 i salut a persones grans, pacients cr\u00f2nics i altres grups de pacients de risc. A m\u00e9s, aquesta acreditaci\u00f3 permet la internacionalitzaci\u00f3 i la visibilitat del sistema catal\u00e0 de salut, alhora que incrementa les possibilitats per a la creaci\u00f3 d&#8217;iniciatives i la formaci\u00f3 de consorcis per a activitats col\u00b7laboratives amb altres regions europees. <\/p>\n<p>La Comissi\u00f3 Europea ha reconegut Catalunya i El Bus de la Salut sobre la base de quatre eixos:<br \/>\n\u2022 Disposici\u00f3 pol\u00edtica, organitzativa, tecnol\u00f2gica i financera per a l&#8217;abordatge innovador de l&#8217;envelliment actiu i saludable.<br \/>\n\u2022 Capacitat de compartir coneixements i recursos per a la innovaci\u00f3.<br \/>\n\u2022 Contribuci\u00f3 a la cooperaci\u00f3 europea i la transferibilitat de les pr\u00e0ctiques mateixes.<br \/>\n\u2022 Demostraci\u00f3 de l&#8217;impacte positiu amb evid\u00e8ncies.<br \/>\nEIPonAHA \u00e9s una iniciativa de la Comissi\u00f3 Europea per afrontar estrat\u00e8gicament els reptes socials associats a l&#8217;envelliment actiu i saludable, donar visibilitat a les bones pr\u00e0ctiques en innovaci\u00f3 i facilitar els intercanvis entre regions, fomentant la cooperaci\u00f3 interregional i el valor de l&#8217;excel\u00b7l\u00e8ncia excel\u00b7l\u00e8ncia. El seu objectiu \u00e9s millorar la salut i la qualitat de vida de la ciutadania europea, en particular de les persones majors de 65 anys, donar suport a la sostenibilitat i l&#8217;efici\u00e8ncia dels sistemes sanitaris i socials a llarg termini i augmentar la competitivitat de la ind\u00fastria de la Uni\u00f3 Europea a trav\u00e9s de l&#8217;expansi\u00f3 de nous mercats. <\/p>\n<h6>Text: Comunicaci\u00f3 i Premsa IRBLleida<\/h6>\n<p>M\u00e9s informaci\u00f3: <a href=\"http:\/\/aquas.gencat.cat\/en\/detall\/detall-noticia\/Catalonia_ReferenceSite_Eng\">Ag\u00e8ncia de Qualitat i Avaluaci\u00f3 Sanit\u00e0ries de Catalunya (AQuAS)<\/a><\/p>\n<h5>Gener 2018, Roda de premsa a la Diputaci\u00f3 de Lleida per presentar les dades del Projecte<\/h5>\n<p><img loading=\"lazy\" decoding=\"async\" class=\"alignnone wp-image-4312\" src=\"https:\/\/fjarno.org\/wp-content\/uploads\/2016\/01\/IMG_20180116_150622_167.jpg\" alt=\"IMG_20180116_150622_167\" width=\"635\" height=\"357\"><\/p>\n<p><span style=\"color: #3366ff;\"><a style=\"color: #3366ff;\" href=\"https:\/\/www.segre.com\/noticies\/guia\/2018\/01\/17\/un_autobus_per_guanyar_salut_37328_1111.html\">Not\u00edcia completa Diari Segre 17\/01\/2018<\/a><\/span><\/p>\n<p>M\u00e9s informaci\u00f3:<a href=\"http:\/\/elbusdelasalut.cat\" target=\"_blank\" rel=\"noopener noreferrer\"> http:\/\/elbusdelasalut.cat<\/a><\/p>\n<p>[qodef_button size=\u201d\u201d type=\u201d\u201d text=\u201dVols col\u00b7laborar?\u201d custom_class=\u201d\u201d icon_pack=\u201dfont_awesome\u201d fa_icon=\u201d\u201d link=\u201dhttps:\/\/fjarno.org\/es\/hazte-amigo\/\u201d target=\u201d_self\u201d color=\u201d\u201d hover_color=\u201d\u201d background_color=\u201d\u201d hover_background_color=\u201d\u201d border_color=\u201d\u201d hover_border_color=\u201d\u201d font_size=\u201d\u201d font_weight=\u201d\u201d margin=\u201d\u201d]<\/p>\n<p>  [:ca]Projecte realitzat amb la col\u00b7laboraci\u00f3 de<\/p>\n<p><img loading=\"lazy\" decoding=\"async\" class=\"alignnone size-full wp-image-3970\" src=\"https:\/\/fjarno.org\/wp-content\/uploads\/2016\/01\/diputacio-lleida-orig-e1495105506380.png\" alt=\"diputacio-lleida-orig\" width=\"150\" height=\"148\" srcset=\"https:\/\/fjarno.org\/wp-content\/uploads\/2016\/01\/diputacio-lleida-orig-e1495105506380.png 150w, https:\/\/fjarno.org\/wp-content\/uploads\/2016\/01\/diputacio-lleida-orig-e1495105506380-100x100.png 100w\" sizes=\"auto, (max-width: 150px) 100vw, 150px\" \/><\/p>\n<p>El darrer 11 de gener el Bus de la Salut va rebre a Cervera la visita del pilot \u00c0lex M\u00e1rquez i l&#8217;ex-pilot Emili Alzamora. L&#8217;\u00c0lex va valorar molt positivament el projecte d&#8217;investigaci\u00f3 que el Bus de la Salut duu a terme des de gener del 2015.  <span style=\"color: #3366ff;\"><a href=\"http:\/\/lleidatelevisio.xiptv.cat\/noticies\/capitol\/noticies-migdia-11-01-2017\">Lleida TV minut 29:35<\/a><\/span><\/p>\n<p>&nbsp;<\/p>\n<p><a href=\"https:\/\/fjarno.org\/ca\/dsc_1334\/\"><img loading=\"lazy\" decoding=\"async\" class=\"alignnone wp-image-3787\" src=\"https:\/\/fjarno.org\/wp-content\/uploads\/2016\/01\/DSC_1334-300x169.jpg\" alt=\"DSC_1334\" width=\"491\" height=\"277\"><\/a><\/p>\n<p>&nbsp;<\/p>\n<p>Lleida, pionera en prevenci\u00f3. <em><span style=\"color: #3366ff;\"><a style=\"color: #3366ff;\" href=\"https:\/\/fjarno.org\/wp-content\/uploads\/2016\/01\/nota-de-premsa-bus.pdf\">Bus de la Salut<\/a><a href=\"https:\/\/fjarno.org\/wp-content\/uploads\/2013\/06\/pdf.png\" rel=\"attachment wp-att-1663\"><img loading=\"lazy\" decoding=\"async\" class=\"alignnone wp-image-1663\" src=\"https:\/\/fjarno.org\/wp-content\/uploads\/2013\/06\/pdf.png\" alt=\"pdf\" width=\"22\" height=\"22\"><\/a><\/span><\/em><\/p>\n<p>El Bus de la Salut detecta a 50 municipis de Lleida un 65,4% de persones amb plaques de greix a les art\u00e8ries.<br \/>\nACN Lleida.-Un 65,4% de les 2.118 persones que s\u2019han sotm\u00e8s a les proves preventives que ha realitzat el Bus de la Salut des de gener a setembre de 2015 han descobert que tenen algun tipus de malaltia ateromatosa, \u00e9s a dir, la disminuci\u00f3 del calibre de les arteries per l\u2019acumulaci\u00f3 de plaques de greix. No obstant aix\u00f2, nom\u00e9s una vintena de persones van haver de ser derivades a un especialista hospitalari per malaltia arterial severa, cosa que significa que majorit\u00e0riament les proves han estat preventives i els pacients s\u2019han derivat al servei d\u2019Atenci\u00f3 Prim\u00e0ria per fer seguiment d\u2019una incipient malaltia vascular o renal, aix\u00ed com detectar que tenien hipertensi\u00f3, diabetis, colesterol o un exc\u00e9s d\u2019\u00e0cid \u00faric. La Diputaci\u00f3 de Lleida finan\u00e7a aquest projecte pioner a Catalunya que t\u00e9 un cost d\u20191,5 MEUR.<br \/>\n<strong>La Diputaci\u00f3 de Lleida i la Fundaci\u00f3 Renal Jaume Arn\u00f3, conjuntament amb el Departament de Salut i la unitat de Diagn\u00f2stic i Tractament de Malalties Aterotromb\u00f2tiques (UDETMA), van posar en marxa el Bus de la Salut al gener de 2015.<\/strong>  Es tracta d\u2019un estudi cient\u00edfic pioner a Catalunya que permetr\u00e0 realitzar en 3 anys proves a 9.000 lleidatans amb risc de patir una malaltia cardiovascular o renal.Aquest dilluns, els seus representants han presentat en roda de premsa les primeres dades i han avan\u00e7at el calendari que seguir\u00e0 el Bus de la Salut l\u2019any vinent. El president de la Diputaci\u00f3 de Lleida, Joan Re\u00f1\u00e9, ha manifestat la seva \u201dsatisfacci\u00f3\u201d pel desenvolupament d\u2019aquest projecte conjunt que permet \u201davan\u00e7ar en la prevenci\u00f3 de malalties cardiovasculars i renals donant un servei des de la proximitat\u201d. Re\u00f1\u00e9 ha afegit que es tracta d\u2019un projecte \u201demblem\u00e0tic que es pot exportar a altres territoris perqu\u00e8 garanteix la salut des de la prevenci\u00f3\u201d.Per la seva banda, el director dels serveis territorials de Salut a Lleida, Josep Pifarr\u00e9, ha assenyalat que el Bus de la Salut uneix en un mateix projecte l\u2019\u00e0mbit de l\u2019assist\u00e8ncia sanit\u00e0ria, la doc\u00e8ncia i la recerca.Durant aquests 12 mesos, el bus s\u2019ha despla\u00e7at per les comarques de Lleida per realitzar un diagn\u00f2stic preco\u00e7 a una poblaci\u00f3 diana d\u2019entre 40 i 70 anys, seleccionada aleat\u00f2riament per acomplir un o m\u00e9s d\u2019un dels factors de risc cardiovascular (hipertensi\u00f3, tabaquisme, obesitat, o dislip\u00e8mia, entre d\u2019altres).En acabar aquest any haur\u00e0 recorregut 50 municipis lleidatans i 2.856 persones amb factors de risc cardiovascular s\u2019hauran fet les proves diagn\u00f2stiques preventives.<\/p>\n<blockquote><p>L\u2019equip del Bus de la Salut ja ha pogut obtenir els primers resultats, analitzant les proves de les 2.118 persones que van passar per l\u2019autob\u00fas medicalitzat fins al 31 de desembre. D\u2019aquestes 2.118 persones, 1.078 eren dones i 1.031 eren homes. Els resultats preliminars han determinat que un 65,4% presentaven una malaltia ateromatosa amb m\u00e9s pres\u00e8ncia en el cas dels homes (74,7%); a un 22,2% se\u2019ls ha detectat una malaltia renal; a un 16,8% presentaven hipertensi\u00f3 arterial; un 2% diabetis; un 15% presentaven el colesterol elevat; i un 39,3% se\u2019ls va detectar \u00e0cid \u00faric elevat, de les quals 235 eren homes i 179 eren dones.  <\/p><\/blockquote>\n<p>La nova directora de l\u2019IRBLleida, Elvira Fern\u00e1ndez, ha explicat que el projecte inicial del Bus de la Salut s\u2019ha completat i s\u2019ha fet encara m\u00e9s transversal, ja que el passat mes de setembre es van afegir altres proves d\u2019especialitats vinculades com la Pneumologia, la Neurologia i l\u2019Endocrinologia en favor de la salut vascular.Fern\u00e1ndez ha manifestat el seu \u201dorgull\u201d per tirar endavant un projecte \u201dtan innovador en benefici de la salut dels ciutadans\u201d i ha assegurat que Lleida \u201dja \u00e9s punt d\u2019excel\u2022l\u00e8ncia, per\u00f2 encara ho ser\u00e0 m\u00e9s, en l\u2019\u00e0mbit de la prevenci\u00f3 cardiovascular\u201d.La doctora \u00c0ngels Betriu d\u2019UDETMA ha explicat que les persones que han visitat el Bus de la Salut i han contestat l\u2019enquesta han manifestat la seva satisfacci\u00f3 per la iniciativa, una opini\u00f3 que tamb\u00e9 comparteix el vicepresident de la Fundaci\u00f3 Renal Jaume Arn\u00f3, Ignacio Gracia, que en la roda de premsa ha indicat que els pacients s\u00f3n els principals beneficiaris d\u2019aquest projecte.<\/p>\n<p>&nbsp;<\/p>\n<p><img loading=\"lazy\" decoding=\"async\" class=\"aligncenter size-full wp-image-3678\" src=\"https:\/\/fjarno.org\/wp-content\/uploads\/2016\/01\/Captura-de-pantalla-2016-11-22-a-las-13.16.45.png\" alt=\"segre19nov\" width=\"710\" height=\"490\" srcset=\"https:\/\/fjarno.org\/wp-content\/uploads\/2016\/01\/Captura-de-pantalla-2016-11-22-a-las-13.16.45.png 710w, https:\/\/fjarno.org\/wp-content\/uploads\/2016\/01\/Captura-de-pantalla-2016-11-22-a-las-13.16.45-600x414.png 600w, https:\/\/fjarno.org\/wp-content\/uploads\/2016\/01\/Captura-de-pantalla-2016-11-22-a-las-13.16.45-300x207.png 300w\" sizes=\"auto, (max-width: 710px) 100vw, 710px\" \/><\/p>\n<p class=\"responsive-video-wrap clr\"><iframe loading=\"lazy\" title=\"El Bus de la Salut, circuit del pacient\" width=\"1200\" height=\"675\" src=\"https:\/\/www.youtube.com\/embed\/Lyq2hQwGq98?feature=oembed\" frameborder=\"0\" allow=\"accelerometer; autoplay; clipboard-write; encrypted-media; gyroscope; picture-in-picture; web-share\" referrerpolicy=\"strict-origin-when-cross-origin\" allowfullscreen><\/iframe><\/p>\n<p>&nbsp;<\/p>\n<h3><strong>La Comissi\u00f3 Europea distingeix El Bus de la Salut com a projecte capdavanter en l\u2019envelliment actiu i saludable<\/strong><\/h3>\n<p><strong> <\/strong><strong>El projecte ha rebut la qualificaci\u00f3 m\u00e0xima que atorga l\u2019<\/strong><strong>European Innovation Partnership<\/strong><\/p>\n<p><strong>on Active and Healthy Ageing.<img loading=\"lazy\" decoding=\"async\" class=\"wp-image-4309 alignright\" src=\"https:\/\/fjarno.org\/wp-content\/uploads\/2016\/01\/llejgabckacdfidm_big.jpg\" alt=\"llejgabckacdfidm_big\" width=\"204\" height=\"223\"><\/strong><\/p>\n<p><strong> <\/strong><strong>Aquesta acreditaci\u00f3 permet la internacionalitzaci\u00f3 i la visibilitat del sistema catal\u00e0 de salut.<\/strong><\/p>\n<p><strong> <\/strong><strong>La Diputaci\u00f3 de Lleida, la Fundaci\u00f3 Renal Jaume Arn\u00f3, el Departament de Salut de la Generalitat de Catalunya i la Unitat de Diagn\u00f2stic i Tractament de Malalties Aterotromb\u00f2tiques (UDETMA) de l\u2019IRBLleida, van posar en marxa el gener de 2015 el projecte <\/strong><strong>per<\/strong><strong> c<\/strong><strong>onvertir Lleida en una prov\u00edncia pionera en la prevenci\u00f3 de les malalties cardiovasculars i renals.<\/strong><\/p>\n<p><strong> <\/strong><\/p>\n<p>El projecte <a href=\"http:\/\/www.elbusdelasalut.cat\/\">El Bus de la Salut<\/a> ha rebut el reconeixement del Partenariat Europeu d\u2019Innovaci\u00f3 en Envelliment Actiu i Saludable, <a href=\"https:\/\/www.google.es\/url?sa=t&amp;rct=j&amp;q=&amp;esrc=s&amp;source=web&amp;cd=1&amp;cad=rja&amp;uact=8&amp;ved=0ahUKEwjBoP2V0NvUAhXCVxoKHTarAgMQFgghMAA&amp;url=https%3A%2F%2Fec.europa.eu%2Feip%2Fageing%2Fhome_en&amp;usg=AFQjCNGAo47wfe9IMMers7vSqwM83p7RTg\">European Innovation Partnership<\/a> on Active and Healthy Ageing (<a href=\"https:\/\/ec.europa.eu\/eip\/ageing\/about-the-partnership_en\">EIPonAHA<\/a>), \u2014que \u00e9s una iniciativa de la Comissi\u00f3 Europea\u2014 com a projecte capdavanter en l\u2019envelliment actiu i saludable i la innovaci\u00f3. En concret, el projecte ha rebut la qualificaci\u00f3 de <a href=\"http:\/\/www.scale-aha.eu\/rs2016-results.html\">quatre estrelles<\/a>, la m\u00e0xima que atorga EIPonAHA i aquesta \u00e9s la puntuaci\u00f3 que ha obtingut Catalunya com a ecosistema sanitari l\u00edder i referent davant les institucions i les organitzacions europees en l\u2019\u00e0mbit de la innovaci\u00f3 en l\u2019envelliment actiu i saludable. <\/p>\n<p>&nbsp;<\/p>\n<p>La Diputaci\u00f3 de Lleida, la Fundaci\u00f3 Renal Jaume Arn\u00f3, conjuntament amb el Departament de Salut de la Generalitat de Catalunya i la Unitat de Diagn\u00f2stic i Tractament de Malalties Aterotromb\u00f2tiques (UDETMA) de l\u2019IRBLleida, van posar en marxa el gener de 2015 el projecte El Bus de la Salut, per convertir Lleida en una prov\u00edncia pionera en la prevenci\u00f3 de les malalties cardiovasculars i renals, modificar els h\u00e0bits poc saludables de la poblaci\u00f3 i sensibilitzar-la sobre la import\u00e0ncia social de la donaci\u00f3 d\u2019\u00f2rgans. Fins el moment, prop de 6.000 persones s\u2019han realitzat les proves de diagn\u00f2stic preco\u00e7. <\/p>\n<p>&nbsp;<\/p>\n<p>El Consorci de Catalunya \u2014integrat, entre d\u2019altres, pel Departament de Salut, l\u2019Ag\u00e8ncia de Qualitat i Avaluaci\u00f3 Sanit\u00e0ries de Catalunya (<a href=\"http:\/\/aquas.gencat.cat\/ca\/inici\/\">AQuAS<\/a>) i l\u2019Institut de Recerca Biom\u00e8dica de Lleida (<a href=\"http:\/\/www.irblleida.cat\/ca\/index.php?p=webs\/portada\/portada.php\">IRBLleida<\/a>)\u2014 va presentar un seguit de projectes, entre els quals hi ha El Bus de la Salut, per a l\u2019avaluaci\u00f3 dels ecosistemes sanitaris regionals europeus.<\/p>\n<p>&nbsp;<\/p>\n<p>Aquest reconeixement situa Catalunya i El Bus de la Salut com a capdavanters en nombre i qualitat d\u2019iniciatives, inversi\u00f3 i resultats en la provisi\u00f3 i implementaci\u00f3 de solucions innovadores per resoldre problemes d\u2019atenci\u00f3 i salut a persones grans, pacients cr\u00f2nics i d\u2019altres grups de pacients de risc. A m\u00e9s, aquesta acreditaci\u00f3 permet la internacionalitzaci\u00f3 i la visibilitat del sistema catal\u00e0 de salut, alhora que incrementa les possibilitats per a la creaci\u00f3 d\u2019iniciatives i la formaci\u00f3 de consorcis per a activitats col\u00b7laboratives amb altres regions europees. <\/p>\n<p>&nbsp;<\/p>\n<p>La Comissi\u00f3 Europea ha reconegut Catalunya i El Bus de la Salut sobre la base de quatre eixos:<\/p>\n<ul>\n<li>Disposici\u00f3 pol\u00edtica, organitzativa, tecnol\u00f2gica i financera per a l\u2019abordatge innovador de l\u2019envelliment actiu i saludable.<\/li>\n<li>Capacitat de compartir coneixements i recursos per a la innovaci\u00f3.<\/li>\n<li>Contribuci\u00f3 a la cooperaci\u00f3 europea i la transferibilitat de les pr\u00e0ctiques mateixes.<\/li>\n<li>Demostraci\u00f3 de l\u2019impacte positiu amb evid\u00e8ncies.<\/li>\n<\/ul>\n<p><a href=\"https:\/\/ec.europa.eu\/eip\/ageing\/about-the-partnership_en\">EIPonAHA<\/a> \u00e9s una iniciativa de la Comissi\u00f3 Europea per afrontar estrat\u00e8gicament els reptes socials associats a l\u2019envelliment actiu i saludable, donar visibilitat a les bones pr\u00e0ctiques en innovaci\u00f3 i facilitar els intercanvis entre regions, tot fomentant la cooperaci\u00f3 interregional i el valor de l\u2019excel\u00b7l\u00e8ncia. El seu objectiu \u00e9s millorar la salut i la qualitat de vida de la ciutadania europea, en particular de les persones majors de 65 anys, donar suport a la sostenibilitat i l\u2019efici\u00e8ncia dels sistemes sanitaris i socials a llarg termini i augmentar la competitivitat de la ind\u00fastria de la Uni\u00f3 Europea a trav\u00e9s de l\u2019expansi\u00f3 de nous mercats. <\/p>\n<h6>Text: Comunicaci\u00f3 i Premsa IRBLleida<\/h6>\n<p>M\u00e9s informaci\u00f3:  <a href=\"http:\/\/aquas.gencat.cat\/en\/detall\/detall-noticia\/Catalonia_ReferenceSite_Eng\">Ag\u00e8ncia de Qualitat i Avaluaci\u00f3 Sanit\u00e0ries de Catalunya (AQuAS)<\/a><\/p>\n<h4>Genrer 2018, Roda de premsa a la Diputaci\u00f3 de Lleida per presentar les dades dels tres anys del Projecte<\/h4>\n<p><img loading=\"lazy\" decoding=\"async\" class=\"alignnone wp-image-4312\" src=\"https:\/\/fjarno.org\/wp-content\/uploads\/2016\/01\/IMG_20180116_150622_167.jpg\" alt=\"IMG_20180116_150622_167\" width=\"560\" height=\"315\"><\/p>\n<p><span style=\"color: #3366ff;\"><a style=\"color: #3366ff;\" href=\"https:\/\/www.segre.com\/noticies\/guia\/2018\/01\/17\/un_autobus_per_guanyar_salut_37328_1111.html\">Not\u00edcia sencera Diari Segre 17\/01\/2018<\/a><\/span><\/p>\n<p>M\u00e9s infromaci\u00f3:<a href=\"http:\/\/elbusdelasalut.cat\" target=\"_blank\" rel=\"noopener noreferrer\"> http:\/\/elbusdelasalut.cat<\/a><\/p>\n<p>[qodef_button size=\u201d\u201d type=\u201d\u201d text=\u201dVoleu col\u00b7laborar?\u201d custom_class=\u201d\u201d icon_pack=\u201dfont_awesome\u201d fa_icon=\u201d\u201d link=\u201dhttps:\/\/fjarno.org\/es\/hazte-amigo\/\u201d target=\u201d_self\u201d color=\u201d\u201d hover_color=\u201d\u201d background_color=\u201d\u201d hover_background_color=\u201d\u201d border_color=\u201d\u201d hover_border_color=\u201d\u201d font_size=\u201d\u201d font_weight=\u201d\u201d margin=\u201d\u201d]<\/p>\n","protected":false},"excerpt":{"rendered":"<p>Projecte realitzat amb la col\u00b7laboraci\u00f3 de &nbsp; El passat 11 de gener el Bus de la Salut rep a Cervera la visita del pilot \u00c1lex M\u00e1rquez i l&#8217;ex-pilot Emilio Alzamora. El jove pilot va valorar molt positivament el projecte d&#8217;investigaci\u00f3 que duu a terme El Bus de la Salut des de gener del 2015. Lleida [&hellip;]<\/p>\n","protected":false},"author":1,"featured_media":7003,"comment_status":"open","ping_status":"open","sticky":false,"template":"","format":"standard","meta":{"footnotes":""},"categories":[110,118],"tags":[],"class_list":["post-7002","post","type-post","status-publish","format-standard","has-post-thumbnail","hentry","category-blog","category-noticies-banner","entry","has-media","owp-thumbs-layout-horizontal","owp-btn-normal","owp-tabs-layout-horizontal","has-no-thumbnails","has-product-nav"],"_links":{"self":[{"href":"https:\/\/fjarno.org\/ca\/wp-json\/wp\/v2\/posts\/7002","targetHints":{"allow":["GET"]}}],"collection":[{"href":"https:\/\/fjarno.org\/ca\/wp-json\/wp\/v2\/posts"}],"about":[{"href":"https:\/\/fjarno.org\/ca\/wp-json\/wp\/v2\/types\/post"}],"author":[{"embeddable":true,"href":"https:\/\/fjarno.org\/ca\/wp-json\/wp\/v2\/users\/1"}],"replies":[{"embeddable":true,"href":"https:\/\/fjarno.org\/ca\/wp-json\/wp\/v2\/comments?post=7002"}],"version-history":[{"count":0,"href":"https:\/\/fjarno.org\/ca\/wp-json\/wp\/v2\/posts\/7002\/revisions"}],"wp:featuredmedia":[{"embeddable":true,"href":"https:\/\/fjarno.org\/ca\/wp-json\/wp\/v2\/media\/7003"}],"wp:attachment":[{"href":"https:\/\/fjarno.org\/ca\/wp-json\/wp\/v2\/media?parent=7002"}],"wp:term":[{"taxonomy":"category","embeddable":true,"href":"https:\/\/fjarno.org\/ca\/wp-json\/wp\/v2\/categories?post=7002"},{"taxonomy":"post_tag","embeddable":true,"href":"https:\/\/fjarno.org\/ca\/wp-json\/wp\/v2\/tags?post=7002"}],"curies":[{"name":"wp","href":"https:\/\/api.w.org\/{rel}","templated":true}]}}