{"id":6980,"date":"2023-05-10T12:28:19","date_gmt":"2023-05-10T12:28:19","guid":{"rendered":"https:\/\/fjarno.org\/dia-internacional-de-la-infermeria\/"},"modified":"2023-05-10T12:28:19","modified_gmt":"2023-05-10T12:28:19","slug":"dia-internacional-de-la-infermeria","status":"publish","type":"post","link":"https:\/\/fjarno.org\/ca\/dia-internacional-de-la-infermeria\/","title":{"rendered":"Dia Internacional de la Infermeria"},"content":{"rendered":"<p>En aquest dia internacional de la infermera, vull oferir el meu m\u00e9s profund agra\u00efment a aquestes veritables professionals, en particular al grup de di\u00e0lisi peritoneal de l&#8217;Hospital Arnau de Lleida.<br \/>\nLa seva simpatia, el seu afecte, el seu bon tracte i sobretot la seva gran professionalitat fan que suportar aquesta malaltia sigui una mica m\u00e9s suportable.<br \/>\nVull reiterar el meu agra\u00efment i desitjo que en aquest dia rebin un bon merescut homenatge.<\/p>\n<p>De tot cor: FRANCESC ROIG MIRO, pacient de di\u00e0lisi.<\/p>\n<p>De tot cor: FRANCESC ROIG MIRO, pacient de di\u00e0lisi.<\/p>\n","protected":false},"excerpt":{"rendered":"<p>En aquest dia internacional de la infermera, vull oferir el meu m\u00e9s profund agra\u00efment a aquestes veritables professionals, en particular al grup de di\u00e0lisi peritoneal de l&#8217;Hospital Arnau de Lleida. La seva simpatia, el seu afecte, el seu bon tracte i sobretot la seva gran professionalitat fan que suportar aquesta malaltia sigui una mica m\u00e9s [&hellip;]<\/p>\n","protected":false},"author":1,"featured_media":6981,"comment_status":"open","ping_status":"open","sticky":false,"template":"","format":"standard","meta":{"footnotes":""},"categories":[110],"tags":[],"class_list":["post-6980","post","type-post","status-publish","format-standard","has-post-thumbnail","hentry","category-blog","entry","has-media","owp-thumbs-layout-horizontal","owp-btn-normal","owp-tabs-layout-horizontal","has-no-thumbnails","has-product-nav"],"_links":{"self":[{"href":"https:\/\/fjarno.org\/ca\/wp-json\/wp\/v2\/posts\/6980","targetHints":{"allow":["GET"]}}],"collection":[{"href":"https:\/\/fjarno.org\/ca\/wp-json\/wp\/v2\/posts"}],"about":[{"href":"https:\/\/fjarno.org\/ca\/wp-json\/wp\/v2\/types\/post"}],"author":[{"embeddable":true,"href":"https:\/\/fjarno.org\/ca\/wp-json\/wp\/v2\/users\/1"}],"replies":[{"embeddable":true,"href":"https:\/\/fjarno.org\/ca\/wp-json\/wp\/v2\/comments?post=6980"}],"version-history":[{"count":0,"href":"https:\/\/fjarno.org\/ca\/wp-json\/wp\/v2\/posts\/6980\/revisions"}],"wp:featuredmedia":[{"embeddable":true,"href":"https:\/\/fjarno.org\/ca\/wp-json\/wp\/v2\/media\/6981"}],"wp:attachment":[{"href":"https:\/\/fjarno.org\/ca\/wp-json\/wp\/v2\/media?parent=6980"}],"wp:term":[{"taxonomy":"category","embeddable":true,"href":"https:\/\/fjarno.org\/ca\/wp-json\/wp\/v2\/categories?post=6980"},{"taxonomy":"post_tag","embeddable":true,"href":"https:\/\/fjarno.org\/ca\/wp-json\/wp\/v2\/tags?post=6980"}],"curies":[{"name":"wp","href":"https:\/\/api.w.org\/{rel}","templated":true}]}}