{"id":6973,"date":"2013-09-12T15:05:59","date_gmt":"2013-09-12T15:05:59","guid":{"rendered":"https:\/\/fjarno.org\/centre-de-dialisi-rambla-marinacentre-de-dialisi-rambla-marinacentre-de-dialisi-rambla-marina\/"},"modified":"2013-09-12T15:05:59","modified_gmt":"2013-09-12T15:05:59","slug":"centre-de-dialisi-rambla-marinacentre-de-dialisi-rambla-marinacentre-de-dialisi-rambla-marina","status":"publish","type":"post","link":"https:\/\/fjarno.org\/ca\/centre-de-dialisi-rambla-marinacentre-de-dialisi-rambla-marinacentre-de-dialisi-rambla-marina\/","title":{"rendered":"<!--:es-->CENTRE DE DI\u00c0LISI RAMBLA MARINA<!--:--><!--:ca-->CENTRE DE DI\u00c0LISI RAMBLA MARINA<!--:--><!--:en-->CENTRE DE DI\u00c0LISI RAMBLA MARINA<!--:-->"},"content":{"rendered":"<p><!--:es--><\/p>\n<table width=\"300\" border=\"0\">\n<tbody>\n<tr>\n<td bgcolor=\"#a7be83\"><strong>Tel\u00e8fon: <\/strong>93 337 65 00<\/td>\n<\/tr>\n<tr>\n<td bgcolor=\"#a7be83\"><strong>Fax:  <\/strong><\/td>\n<\/tr>\n<tr>\n<td bgcolor=\"#a7be83\"><strong>Localitat: <\/strong>L&#8217;Hospitalet<\/td>\n<\/tr>\n<tr>\n<td bgcolor=\"#a7be83\"><strong>Prov\u00edncia:<\/strong> Barcelona<\/td>\n<\/tr>\n<tr>\n<td bgcolor=\"#a7be83\"><strong>Comunitat Aut\u00f2noma: <\/strong>Catalunya<\/td>\n<\/tr>\n<tr>\n<td bgcolor=\"#a7be83\"><strong>Adre\u00e7a:<\/strong> Rambla Marina, 429<\/td>\n<\/tr>\n<tr>\n<td bgcolor=\"#a7be83\"><strong>Codi Postal:<\/strong> 08903<\/td>\n<\/tr>\n<\/tbody>\n<\/table>\n<p><!--:--><!--:ca--><\/p>\n<table width=\"300\" border=\"0\">\n<tbody>\n<tr>\n<td bgcolor=\"#a7be83\"><strong>Tel\u00e8fon: <\/strong>93 337 65 00<\/td>\n<\/tr>\n<tr>\n<td bgcolor=\"#a7be83\"><strong>Fax:  <\/strong><\/td>\n<\/tr>\n<tr>\n<td bgcolor=\"#a7be83\"><strong>Localitat: <\/strong>L&#8217;Hospitalet<\/td>\n<\/tr>\n<tr>\n<td bgcolor=\"#a7be83\"><strong>Prov\u00edncia:<\/strong> Barcelona<\/td>\n<\/tr>\n<tr>\n<td bgcolor=\"#a7be83\"><strong>Comunitat Aut\u00f2noma: <\/strong>Catalunya<\/td>\n<\/tr>\n<tr>\n<td bgcolor=\"#a7be83\"><strong>Adre\u00e7a:<\/strong> Rambla Marina, 429<\/td>\n<\/tr>\n<tr>\n<td bgcolor=\"#a7be83\"><strong>Codi Postal:<\/strong> 08903<\/td>\n<\/tr>\n<\/tbody>\n<\/table>\n<p><!--:--><!--:en--><\/p>\n<table width=\"300\" border=\"0\">\n<tbody>\n<tr>\n<td bgcolor=\"#a7be83\"><strong>Tel\u00e8fon: <\/strong>93 337 65 00<\/td>\n<\/tr>\n<tr>\n<td bgcolor=\"#a7be83\"><strong>Fax:  <\/strong><\/td>\n<\/tr>\n<tr>\n<td bgcolor=\"#a7be83\"><strong>Localitat: <\/strong>L&#8217;Hospitalet<\/td>\n<\/tr>\n<tr>\n<td bgcolor=\"#a7be83\"><strong>Prov\u00edncia:<\/strong> Barcelona<\/td>\n<\/tr>\n<tr>\n<td bgcolor=\"#a7be83\"><strong>Comunitat Aut\u00f2noma: <\/strong>Catalunya<\/td>\n<\/tr>\n<tr>\n<td bgcolor=\"#a7be83\"><strong>Adre\u00e7a:<\/strong> Rambla Marina, 429<\/td>\n<\/tr>\n<tr>\n<td bgcolor=\"#a7be83\"><strong>Codi Postal:<\/strong> 08903<\/td>\n<\/tr>\n<\/tbody>\n<\/table>\n<p><!--:--><\/p>\n","protected":false},"excerpt":{"rendered":"<p>Tel\u00e8fon: 93 337 65 00 Fax: Localitat: L&#8217;Hospitalet Prov\u00edncia: Barcelona Comunitat Aut\u00f2noma: Catalunya Adre\u00e7a: Rambla Marina, 429 Codi Postal: 08903 Tel\u00e8fon: 93 337 65 00 Fax: Localitat: L&#8217;Hospitalet Prov\u00edncia: Barcelona Comunitat Aut\u00f2noma: Catalunya Adre\u00e7a: Rambla Marina, 429 Codi Postal: 08903 Tel\u00e8fon: 93 337 65 00 Fax: Localitat: L&#8217;Hospitalet Prov\u00edncia: Barcelona Comunitat Aut\u00f2noma: Catalunya Adre\u00e7a: Rambla [&hellip;]<\/p>\n","protected":false},"author":1,"featured_media":0,"comment_status":"open","ping_status":"open","sticky":false,"template":"","format":"standard","meta":{"footnotes":""},"categories":[109],"tags":[],"class_list":["post-6973","post","type-post","status-publish","format-standard","hentry","category-barcelona","entry","owp-thumbs-layout-horizontal","owp-btn-normal","owp-tabs-layout-horizontal","has-no-thumbnails","has-product-nav"],"_links":{"self":[{"href":"https:\/\/fjarno.org\/ca\/wp-json\/wp\/v2\/posts\/6973","targetHints":{"allow":["GET"]}}],"collection":[{"href":"https:\/\/fjarno.org\/ca\/wp-json\/wp\/v2\/posts"}],"about":[{"href":"https:\/\/fjarno.org\/ca\/wp-json\/wp\/v2\/types\/post"}],"author":[{"embeddable":true,"href":"https:\/\/fjarno.org\/ca\/wp-json\/wp\/v2\/users\/1"}],"replies":[{"embeddable":true,"href":"https:\/\/fjarno.org\/ca\/wp-json\/wp\/v2\/comments?post=6973"}],"version-history":[{"count":0,"href":"https:\/\/fjarno.org\/ca\/wp-json\/wp\/v2\/posts\/6973\/revisions"}],"wp:attachment":[{"href":"https:\/\/fjarno.org\/ca\/wp-json\/wp\/v2\/media?parent=6973"}],"wp:term":[{"taxonomy":"category","embeddable":true,"href":"https:\/\/fjarno.org\/ca\/wp-json\/wp\/v2\/categories?post=6973"},{"taxonomy":"post_tag","embeddable":true,"href":"https:\/\/fjarno.org\/ca\/wp-json\/wp\/v2\/tags?post=6973"}],"curies":[{"name":"wp","href":"https:\/\/api.w.org\/{rel}","templated":true}]}}